{"id":30043,"date":"2023-11-09T17:18:20","date_gmt":"2023-11-09T20:18:20","guid":{"rendered":"https:\/\/www.paudalho.pe.gov.br\/portal\/?p=30043"},"modified":"2025-01-08T00:38:26","modified_gmt":"2025-01-08T03:38:26","slug":"paudalho-inicia-campanha-de-vacinacao-antirrabica-para-caes-e-gatos-2023-nesta-quarta-feira8","status":"publish","type":"post","link":"https:\/\/www.paudalho.pe.gov.br\/portal\/paudalho-inicia-campanha-de-vacinacao-antirrabica-para-caes-e-gatos-2023-nesta-quarta-feira8\/","title":{"rendered":"Paudalho inicia campanha de vacina\u00e7\u00e3o antirr\u00e1bica para c\u00e3es e gatos 2023 nesta quarta-feira(8)"},"content":{"rendered":"\n<p>Novidade para as m\u00e3es e pais de pet: a Prefeitura do Paudalho, atrav\u00e9s da Secretaria de Sa\u00fade, iniciou na \u00faltima quarta-feira (8) a primeira etapa da campanha de vacina\u00e7\u00e3o antirr\u00e1bica para c\u00e3es e gatos no munic\u00edpio. A campanha ocorre at\u00e9 o dia 30 de novembro, das 8h \u00e0s 16h, em todas as comunidades do munic\u00edpio, tanto da Zona Rural, como da Zona Urbana. <\/p>\n\n\n\n<p>Vale lembrar que a vacina antirr\u00e1bica \u00e9 obrigat\u00f3ria para c\u00e3es e gatos, pois \u00e9 a \u00fanica forma de combate da raiva, uma doen\u00e7a incur\u00e1vel que acomete tanto os felinos e os caninos, como os seres humanos.&nbsp;Os cachorros devem receber a primeira dose aos 6 meses de idade ou segundo a recomenda\u00e7\u00e3o do m\u00e9dico veterin\u00e1rio respons\u00e1vel. J\u00e1 em gatos, a primeira dose deve ser a partir dos 4 meses. Em ambos, \u00e9 necess\u00e1rio o refor\u00e7o anual. <\/p>\n\n\n\n<p><strong>Confira o calend\u00e1rio de vacina\u00e7\u00e3o antirr\u00e1bica em c\u00e3es e gatos na Zona Rural &#8211; I Etapa<\/strong><\/p>\n\n\n\n<figure class=\"wp-block-table\"><table><tbody><tr><td><strong>Data<\/strong><\/td><td><strong>Hor\u00e1rio<\/strong><\/td><td><strong>Comunidade\/local<\/strong><\/td><\/tr><tr><td>08\/11<\/td><td>Das 8h \u00e0 16h<\/td><td>Comunidade de Ch\u00e3 Alegre, pr\u00f3ximo a UBS Ch\u00e3 Alegre<br>Ch\u00e3 de Camila, pr\u00f3ximo ao Bar de Bibi<\/td><\/tr><tr><td>09\/11<\/td><td>Das 8h \u00e0 16h<\/td><td>Comunidade de Ch\u00e3 de Cruz, pr\u00f3ximo a UBS Ch\u00e3 de Cruz<br>Mussurepe, pr\u00f3ximo a UBS Mussurepe<\/td><\/tr><tr><td>10\/11<\/td><td>Das 8h \u00e0 16h<\/td><td>Comunidades de Pirassirica e Rodrisio, com a equipe Volante<\/td><\/tr><tr><td>13 e 14\/11<\/td><td>Das 8h \u00e0 16h<\/td><td>Comunidade de Guadalajara, na UBS Guadalajara I, IV e Academia das Cidades<\/td><\/tr><tr><td>16\/11<\/td><td>Das 8h \u00e0 16h<\/td><td>Comunidade de Muriongo, com a equipe volante<br>Comunidade de Rosarinho, pr\u00f3ximo a UBS Rosarinho<br>Comunidade de Desterro, pr\u00f3ximo ao CEEP<\/td><\/tr><tr><td>17\/11<\/td><td>Das 8h \u00e0 16h<\/td><td>Comunidade de Ch\u00e3 de Conselho, na pra\u00e7a em frente \u00e0 UBS<br>Comunidade de Fonte de Aldeia, pr\u00f3ximo a Escola Municipal C\u00edcero Lopes da Silva<\/td><\/tr><tr><td>20\/11<\/td><td>Das 8h \u00e0 16h<\/td><td>Comunidade do Junco, em frente a Escola Municipal do Junco<br>Comunidade de Itabora\u00ed, com equipe Volante<\/td><\/tr><tr><td>21\/11<\/td><td>Das 8h \u00e0 16h<\/td><td>Comunidade da Barragem de Goit\u00e1, com a equipe Volante<br>Comunidade de S\u00e3o Severino do Ramos, com a equipe Volante<br>Comunidade do Quatorze, com a equipe Volante<\/td><\/tr><tr><td>22\/11<\/td><td>Das 8h \u00e0 16h<\/td><td>Comunidade de Cajueiro Claro, com a equipe Volante<\/td><\/tr><tr><td>23\/11<\/td><td>Das 8h \u00e0 16h<\/td><td>Comunidade de Cacete Armado, com a equipe Volante<\/td><\/tr><tr><td>24\/11<\/td><td>Das 8h \u00e0s 16h<\/td><td>Comunidade do S\u00edtio dos Pereira, com a equipe Volante<br>Comunidade de Voo da Morte, com a equipe Volante<br>Comunidade da Vila Santo Ant\u00f4nio, com a equipe Volante<\/td><\/tr><\/tbody><\/table><\/figure>\n\n\n\n<p><strong>Confira o calend\u00e1rio de vacina\u00e7\u00e3o antirr\u00e1bica em c\u00e3es e gatos na Zona Rural &#8211; I Etapa<\/strong><\/p>\n\n\n\n<figure class=\"wp-block-table\"><table><tbody><tr><td><strong>Dia<\/strong><\/td><td><strong>Hor\u00e1rio<\/strong><\/td><td><strong>Comunidade\/local<\/strong><\/td><\/tr><tr><td>22\/11<\/td><td>Das 8h \u00e0s 16h<\/td><td>Comunidade de Primavera, na frente da UBS Primavera II, na quadra pr\u00f3ximo \u00e0 UBS Primavera III, em frente a ONG Pegadas de Anjos (Katia Kaenedy) e em frente \u00e0 UBS Primavera I<\/td><\/tr><tr><td>23\/11<\/td><td>Das 8h \u00e0s 16h<\/td><td>Comunidade do Boboc\u00e3o, pr\u00f3ximo a UBS Boboc\u00e3o Novo<br>Comunidade de Ch\u00e3 de Ouro, pr\u00f3ximo \u00e0 Escola Municipal Severino Jos\u00e9 Valentim<br>Comunidade do Centro, na sede da Vigil\u00e2ncia Ambiental<\/td><\/tr><tr><td>24\/11<\/td><td>Das 8h \u00e0s 16h<\/td><td>Comunidade da Vila Asa Branca, pr\u00f3ximo \u00e0 UBS Asa Branca<br>Comunidade de Bel\u00e9m, pr\u00f3ximo \u00e0 UBS Bel\u00e9m<br>Comunidade de Ch\u00e3 do Pinheiro, na Pra\u00e7a do Chafariz<\/td><\/tr><tr><td>27\/11<\/td><td>Das 8h \u00e0s 16h<\/td><td>Comunidade do Alto Dois Irm\u00e3os, pr\u00f3ximo ao EREM Confedera\u00e7\u00e3o do Equador e no setor de zoonoses (antiga UBS Alto Dois Irm\u00e3o)<br>Comunidade do Alto do Cruzeiro, atr\u00e1s da UBS Alto do Cruzeiro<\/td><\/tr><tr><td>28\/11<\/td><td>Das 8h \u00e0s 16h<\/td><td>Comunidade de Santa Tereza, na UBS Santa Tereza e na Secretaria de Cultura, Turismo, Lazer e Juventude<\/td><\/tr><tr><td>29\/11<\/td><td>Das 8h \u00e0s 16h<\/td><td>Comunidade de Vila Santa M\u00f4nica, em frente ao lava-jato do Renato<br>Comunidade do Or\u00e1, com a equipe Volante<\/td><\/tr><tr><td>30\/11<\/td><td>Das 8h \u00e0s 16h<\/td><td>Comunidade de Ch\u00e3 de On\u00e7a, com a equipe Volante<\/td><\/tr><\/tbody><\/table><\/figure>\n","protected":false},"excerpt":{"rendered":"<p>Novidade para as m\u00e3es e pais de pet: a Prefeitura do Paudalho, atrav\u00e9s da Secretaria de Sa\u00fade, iniciou na \u00faltima quarta-feira (8) a primeira etapa da campanha de vacina\u00e7\u00e3o antirr\u00e1bica para c\u00e3es e gatos no munic\u00edpio. A campanha ocorre at\u00e9 o dia 30 de novembro, das 8h \u00e0s 16h, em todas as comunidades do munic\u00edpio, [&hellip;]<\/p>\n","protected":false},"author":10,"featured_media":30050,"comment_status":"open","ping_status":"open","sticky":false,"template":"","format":"standard","meta":{"_jetpack_newsletter_access":"","_jetpack_dont_email_post_to_subs":false,"_jetpack_newsletter_tier_id":0,"_jetpack_memberships_contains_paywalled_content":false,"_jetpack_memberships_contains_paid_content":false,"footnotes":""},"categories":[2,1],"tags":[680,14,22,16],"class_list":["post-30043","post","type-post","status-publish","format-standard","has-post-thumbnail","hentry","category-destaque","category-noticias","tag-campanha-de-vacinacao-antirrabica","tag-paudalho","tag-prefeitura-do-paudalho","tag-saude"],"jetpack_featured_media_url":"https:\/\/www.paudalho.pe.gov.br\/portal\/wp-content\/uploads\/2023\/11\/photo1679515203.jpeg","jetpack_sharing_enabled":true,"jetpack_shortlink":"https:\/\/wp.me\/p98mS2-7Oz","_links":{"self":[{"href":"https:\/\/www.paudalho.pe.gov.br\/portal\/wp-json\/wp\/v2\/posts\/30043","targetHints":{"allow":["GET"]}}],"collection":[{"href":"https:\/\/www.paudalho.pe.gov.br\/portal\/wp-json\/wp\/v2\/posts"}],"about":[{"href":"https:\/\/www.paudalho.pe.gov.br\/portal\/wp-json\/wp\/v2\/types\/post"}],"author":[{"embeddable":true,"href":"https:\/\/www.paudalho.pe.gov.br\/portal\/wp-json\/wp\/v2\/users\/10"}],"replies":[{"embeddable":true,"href":"https:\/\/www.paudalho.pe.gov.br\/portal\/wp-json\/wp\/v2\/comments?post=30043"}],"version-history":[{"count":5,"href":"https:\/\/www.paudalho.pe.gov.br\/portal\/wp-json\/wp\/v2\/posts\/30043\/revisions"}],"predecessor-version":[{"id":30056,"href":"https:\/\/www.paudalho.pe.gov.br\/portal\/wp-json\/wp\/v2\/posts\/30043\/revisions\/30056"}],"wp:featuredmedia":[{"embeddable":true,"href":"https:\/\/www.paudalho.pe.gov.br\/portal\/wp-json\/wp\/v2\/media\/30050"}],"wp:attachment":[{"href":"https:\/\/www.paudalho.pe.gov.br\/portal\/wp-json\/wp\/v2\/media?parent=30043"}],"wp:term":[{"taxonomy":"category","embeddable":true,"href":"https:\/\/www.paudalho.pe.gov.br\/portal\/wp-json\/wp\/v2\/categories?post=30043"},{"taxonomy":"post_tag","embeddable":true,"href":"https:\/\/www.paudalho.pe.gov.br\/portal\/wp-json\/wp\/v2\/tags?post=30043"}],"curies":[{"name":"wp","href":"https:\/\/api.w.org\/{rel}","templated":true}]}}