{"id":3003,"date":"2018-05-18T12:37:20","date_gmt":"2018-05-18T15:37:20","guid":{"rendered":"http:\/\/www.paudalho.pe.gov.br\/portal\/?p=3003"},"modified":"2018-05-21T00:02:24","modified_gmt":"2018-05-21T03:02:24","slug":"prefeitura-do-paudalho-realiza-vacinacao-contra-febre-aftosa-em-animais-do-municipio","status":"publish","type":"post","link":"https:\/\/www.paudalho.pe.gov.br\/portal\/prefeitura-do-paudalho-realiza-vacinacao-contra-febre-aftosa-em-animais-do-municipio\/","title":{"rendered":"Prefeitura do Paudalho realiza vacina\u00e7\u00e3o contra febre aftosa em animais do Munic\u00edpio"},"content":{"rendered":"<p>A Prefeitura do Paudalho por meio da Secretaria Executiva de Agricultura e Abastecimento em parceria com a Adagro realiza at\u00e9 o dia 31 de maio a vacina\u00e7\u00e3o contra a febre aftosa em bovinos e b\u00fafalos de qualquer idade.<\/p>\n<p>A vacina\u00e7ao \u00e9 obrigat\u00f3ria.O produtor que n\u00e3o declarar seus animais e n\u00e3o vacinar, ter\u00e1 que pagar multa e ficar\u00e1 impossibilitado de retirar a Guia de Tr\u00e2nsito Animal (GTA), que \u00e9 um documento essencial para o transporte dos bois e b\u00fafalos para eventos agropecu\u00e1rios e abate. Al\u00e9m disso, correr\u00e1 multa no valor de R$60 por animal e R$300 por propriedade.<\/p>\n<h2><strong>A doen\u00e7a<\/strong><\/h2>\n<p>A febre aftosa \u00e9 transmitida pelo contato com animais doentes ou por meio de secre\u00e7\u00f5es e utens\u00edlios utilizados no manejo desses animais. Outras formas de contamina\u00e7\u00e3o pode ser pelas fezes, saliva ou leite. Ser\u00e3o vacinados os animais que os propriet\u00e1rios tiverem cadastrado na Adagro.<\/p>\n","protected":false},"excerpt":{"rendered":"<p>A Prefeitura do Paudalho por meio da Secretaria Executiva de Agricultura e Abastecimento em parceria com a Adagro realiza at\u00e9 o dia 31 de maio a vacina\u00e7\u00e3o contra a febre aftosa em bovinos e b\u00fafalos de qualquer idade. A vacina\u00e7ao \u00e9 obrigat\u00f3ria.O produtor que n\u00e3o declarar seus animais e n\u00e3o vacinar, ter\u00e1 que pagar multa [&hellip;]<\/p>\n","protected":false},"author":4,"featured_media":3004,"comment_status":"open","ping_status":"open","sticky":false,"template":"","format":"standard","meta":{"_jetpack_newsletter_access":"","_jetpack_dont_email_post_to_subs":false,"_jetpack_newsletter_tier_id":0,"_jetpack_memberships_contains_paywalled_content":false,"_jetpack_memberships_contains_paid_content":false,"footnotes":""},"categories":[2,1],"tags":[315,22,314],"class_list":["post-3003","post","type-post","status-publish","format-standard","has-post-thumbnail","hentry","category-destaque","category-noticias","tag-febre-aftosa","tag-prefeitura-do-paudalho","tag-vacinacao"],"jetpack_featured_media_url":"https:\/\/www.paudalho.pe.gov.br\/portal\/wp-content\/uploads\/2018\/05\/dac2a023-deba-466b-9cac-8e5342c3ea07.jpg","jetpack_sharing_enabled":true,"jetpack_shortlink":"https:\/\/wp.me\/p98mS2-Mr","_links":{"self":[{"href":"https:\/\/www.paudalho.pe.gov.br\/portal\/wp-json\/wp\/v2\/posts\/3003","targetHints":{"allow":["GET"]}}],"collection":[{"href":"https:\/\/www.paudalho.pe.gov.br\/portal\/wp-json\/wp\/v2\/posts"}],"about":[{"href":"https:\/\/www.paudalho.pe.gov.br\/portal\/wp-json\/wp\/v2\/types\/post"}],"author":[{"embeddable":true,"href":"https:\/\/www.paudalho.pe.gov.br\/portal\/wp-json\/wp\/v2\/users\/4"}],"replies":[{"embeddable":true,"href":"https:\/\/www.paudalho.pe.gov.br\/portal\/wp-json\/wp\/v2\/comments?post=3003"}],"version-history":[{"count":3,"href":"https:\/\/www.paudalho.pe.gov.br\/portal\/wp-json\/wp\/v2\/posts\/3003\/revisions"}],"predecessor-version":[{"id":3021,"href":"https:\/\/www.paudalho.pe.gov.br\/portal\/wp-json\/wp\/v2\/posts\/3003\/revisions\/3021"}],"wp:featuredmedia":[{"embeddable":true,"href":"https:\/\/www.paudalho.pe.gov.br\/portal\/wp-json\/wp\/v2\/media\/3004"}],"wp:attachment":[{"href":"https:\/\/www.paudalho.pe.gov.br\/portal\/wp-json\/wp\/v2\/media?parent=3003"}],"wp:term":[{"taxonomy":"category","embeddable":true,"href":"https:\/\/www.paudalho.pe.gov.br\/portal\/wp-json\/wp\/v2\/categories?post=3003"},{"taxonomy":"post_tag","embeddable":true,"href":"https:\/\/www.paudalho.pe.gov.br\/portal\/wp-json\/wp\/v2\/tags?post=3003"}],"curies":[{"name":"wp","href":"https:\/\/api.w.org\/{rel}","templated":true}]}}