{"id":29973,"date":"2023-11-07T09:46:50","date_gmt":"2023-11-07T12:46:50","guid":{"rendered":"https:\/\/www.paudalho.pe.gov.br\/portal\/?p=29973"},"modified":"2025-01-08T00:38:27","modified_gmt":"2025-01-08T03:38:27","slug":"paudalho-realiza-a-ii-feira-de-credito-e-renegociacao-de-dividas-com-a-presenca-de-diversos-bancos-e-da-compesa","status":"publish","type":"post","link":"https:\/\/www.paudalho.pe.gov.br\/portal\/paudalho-realiza-a-ii-feira-de-credito-e-renegociacao-de-dividas-com-a-presenca-de-diversos-bancos-e-da-compesa\/","title":{"rendered":"Paudalho realiza a II Feira de Cr\u00e9dito e Renegocia\u00e7\u00e3o de D\u00edvidas com a presen\u00e7a de diversos bancos e da Compesa"},"content":{"rendered":"\n<p>Renegocia\u00e7\u00e3o de d\u00edvidas, acesso \u00e0 linhas de cr\u00e9ditos e renegocia\u00e7\u00e3o de cr\u00e9ditos inadimplidos nos bancos Santander, Bradesco, Banco do Nordeste, Crediamigo, Agroamigo e Compesa. Todos esses servi\u00e7os ser\u00e3o encontrados na II Feira de Cr\u00e9dito e Renegocia\u00e7\u00e3o de D\u00edvidas, realizado pela Prefeitura de Paudalho, atrav\u00e9s da Secretaria de Desenvolvimento Econ\u00f4mico, Meio Ambiente e Qualifica\u00e7\u00e3o Profissional (Sedemaq) e em parceria com o Servi\u00e7o Brasileiro de Apoio \u00e0s Micros e Pequenas Empresas (Sebrae), nos dias 8, 9 e 10 de novembro, das 9h \u00e0s 15h, na Pra\u00e7a Pedro Coutinho, conhecida como Pra\u00e7a do Clube Lenhadores do Paudalho.<\/p>\n\n\n\n<p>O evento tem como p\u00fablico alvo todo a popula\u00e7\u00e3o que deseja renegociar diretamente com os bancos e a Compesa d\u00edvidas e cr\u00e9dito inadimplidos, e ter acesso \u00e0 linhas de cr\u00e9ditos.<\/p>\n","protected":false},"excerpt":{"rendered":"<p>Renegocia\u00e7\u00e3o de d\u00edvidas, acesso \u00e0 linhas de cr\u00e9ditos e renegocia\u00e7\u00e3o de cr\u00e9ditos inadimplidos nos bancos Santander, Bradesco, Banco do Nordeste, Crediamigo, Agroamigo e Compesa. Todos esses servi\u00e7os ser\u00e3o encontrados na II Feira de Cr\u00e9dito e Renegocia\u00e7\u00e3o de D\u00edvidas, realizado pela Prefeitura de Paudalho, atrav\u00e9s da Secretaria de Desenvolvimento Econ\u00f4mico, Meio Ambiente e Qualifica\u00e7\u00e3o Profissional (Sedemaq) [&hellip;]<\/p>\n","protected":false},"author":10,"featured_media":23092,"comment_status":"open","ping_status":"open","sticky":false,"template":"","format":"standard","meta":{"_jetpack_newsletter_access":"","_jetpack_dont_email_post_to_subs":false,"_jetpack_newsletter_tier_id":0,"_jetpack_memberships_contains_paywalled_content":false,"_jetpack_memberships_contains_paid_content":false,"footnotes":""},"categories":[2],"tags":[14,22,118],"class_list":["post-29973","post","type-post","status-publish","format-standard","has-post-thumbnail","hentry","category-destaque","tag-paudalho","tag-prefeitura-do-paudalho","tag-sebrae"],"jetpack_featured_media_url":"https:\/\/www.paudalho.pe.gov.br\/portal\/wp-content\/uploads\/2022\/08\/images-12.jpeg","jetpack_sharing_enabled":true,"jetpack_shortlink":"https:\/\/wp.me\/p98mS2-7Nr","_links":{"self":[{"href":"https:\/\/www.paudalho.pe.gov.br\/portal\/wp-json\/wp\/v2\/posts\/29973","targetHints":{"allow":["GET"]}}],"collection":[{"href":"https:\/\/www.paudalho.pe.gov.br\/portal\/wp-json\/wp\/v2\/posts"}],"about":[{"href":"https:\/\/www.paudalho.pe.gov.br\/portal\/wp-json\/wp\/v2\/types\/post"}],"author":[{"embeddable":true,"href":"https:\/\/www.paudalho.pe.gov.br\/portal\/wp-json\/wp\/v2\/users\/10"}],"replies":[{"embeddable":true,"href":"https:\/\/www.paudalho.pe.gov.br\/portal\/wp-json\/wp\/v2\/comments?post=29973"}],"version-history":[{"count":1,"href":"https:\/\/www.paudalho.pe.gov.br\/portal\/wp-json\/wp\/v2\/posts\/29973\/revisions"}],"predecessor-version":[{"id":29974,"href":"https:\/\/www.paudalho.pe.gov.br\/portal\/wp-json\/wp\/v2\/posts\/29973\/revisions\/29974"}],"wp:featuredmedia":[{"embeddable":true,"href":"https:\/\/www.paudalho.pe.gov.br\/portal\/wp-json\/wp\/v2\/media\/23092"}],"wp:attachment":[{"href":"https:\/\/www.paudalho.pe.gov.br\/portal\/wp-json\/wp\/v2\/media?parent=29973"}],"wp:term":[{"taxonomy":"category","embeddable":true,"href":"https:\/\/www.paudalho.pe.gov.br\/portal\/wp-json\/wp\/v2\/categories?post=29973"},{"taxonomy":"post_tag","embeddable":true,"href":"https:\/\/www.paudalho.pe.gov.br\/portal\/wp-json\/wp\/v2\/tags?post=29973"}],"curies":[{"name":"wp","href":"https:\/\/api.w.org\/{rel}","templated":true}]}}