{"id":29913,"date":"2023-11-03T08:30:00","date_gmt":"2023-11-03T11:30:00","guid":{"rendered":"https:\/\/www.paudalho.pe.gov.br\/portal\/?p=29913"},"modified":"2025-01-08T00:38:27","modified_gmt":"2025-01-08T03:38:27","slug":"paudalho-lanca-o-projeto-domingo-na-estacao-neste-domingo5","status":"publish","type":"post","link":"https:\/\/www.paudalho.pe.gov.br\/portal\/paudalho-lanca-o-projeto-domingo-na-estacao-neste-domingo5\/","title":{"rendered":"Paudalho lan\u00e7a o projeto Domingo na Esta\u00e7\u00e3o neste domingo(5)"},"content":{"rendered":"\n<p>Com apresenta\u00e7\u00f5es culturais, shows, oficinas, torneios, rodas de conversa, entre outras atividades, a Prefeitura do Paudalho, atrav\u00e9s da Secretaria de Cultura, Turismo, Lazer e Juventude, lan\u00e7a neste domingo (5) o projeto Domingo na Esta\u00e7\u00e3o, das 14h \u00e0s 19h, no S\u00edtio Hist\u00f3rico Santa Tereza, que conta com patrim\u00f4nio hist\u00f3rico-cultural e cart\u00e3o postal do munic\u00edpio, a Esta\u00e7\u00e3o de Trem.  <\/p>\n\n\n\n<p>O evento se divide em cinco polos, o polo cultural e art\u00edstico, polo esportivo, polo turismo e economia criativa, polo infantil e polo dialogando. Entre as atividades ofertadas nos polos, teremos a apresenta\u00e7\u00e3o de Hip-Hop, show ao vivo com Mano Jory, apresenta\u00e7\u00e3o da Orquestra 100% Frevo, torneio de domin\u00f3 e de futmesa, feira de artesanato e roda de conversa com o tema &#8220;Racismo Institucional&#8221;. Al\u00e9m disso, o evento vai contar com programa\u00e7\u00e3o especial para as crian\u00e7as, com brinquedos infl\u00e1veis, pintura de rosto e distribui\u00e7\u00e3o de algod\u00e3o-doce e pipoca. <\/p>\n\n\n\n<p>O Domingo na Esta\u00e7\u00e3o \u00e9 um projeto itinerante que visa ofertar ao povo paudalhense, turistas e visitantes mais uma op\u00e7\u00e3o de lazer no munic\u00edpio, sempre nos primeiros domingos do m\u00eas. A cada domingo, o projeto vai promover atividades diferentes, envolvendo a arte da dan\u00e7a, m\u00fasica e teatro, com grupos paudalhenses e de cidades vizinhas; atividades recreativas e de lazer para todas as idades; a\u00e7\u00f5es tur\u00edsticas; debates sobre temas em alta; entre outras a\u00e7\u00f5es.<\/p>\n\n\n\n<p> Confira as atividades e os hor\u00e1rios do lan\u00e7amento do Domingo na Esta\u00e7\u00e3o:<\/p>\n\n\n\n<figure class=\"wp-block-table\"><table><thead><tr><th>Polo Cultural e Art\u00edstico<\/th><th><\/th><\/tr><\/thead><tbody><tr><td>Das 15h \u00e0s 15h30<\/td><td>Apresenta\u00e7\u00e3o de Hip Hop<\/td><\/tr><tr><td>Das 15h30 \u00e0s 16h30<\/td><td>Show ao vivo voz e viol\u00e3o com Mano Jory<\/td><\/tr><tr><td>Das 17h \u00e0s 18h<\/td><td>Orquestra 100% Frevo<\/td><\/tr><\/tbody><\/table><\/figure>\n\n\n\n<figure class=\"wp-block-table\"><table><thead><tr><th>Polo Esportivo<\/th><th><\/th><\/tr><\/thead><tbody><tr><td>Das 15h \u00e0s 16h<\/td><td>Torneio de domin\u00f3<\/td><\/tr><tr><td>Das 16h \u00e0s 17h<\/td><td>Torneio de futmesa<\/td><\/tr><\/tbody><\/table><\/figure>\n\n\n\n<figure class=\"wp-block-table\"><table><thead><tr><th>Polo Infantil<\/th><th><\/th><\/tr><\/thead><tbody><tr><td>Das 14h \u00e0s 18h<\/td><td>Brinquedos infl\u00e1veis para crian\u00e7as <\/td><\/tr><tr><td>Das 14h \u00e0s 17h<\/td><td>Pintura de rosto e distribui\u00e7\u00e3o de algod\u00e3o-doce e pipoca<\/td><\/tr><\/tbody><\/table><\/figure>\n\n\n\n<figure class=\"wp-block-table\"><table><thead><tr><th class=\"has-text-align-left\" data-align=\"left\">Polo Turismo e Economia Criativa<\/th><th><\/th><\/tr><\/thead><tbody><tr><td class=\"has-text-align-left\" data-align=\"left\">Das 14h \u00e0s 17h<\/td><td>Feira de Artesanato<\/td><\/tr><\/tbody><\/table><\/figure>\n\n\n\n<figure class=\"wp-block-table\"><table><thead><tr><th class=\"has-text-align-left\" data-align=\"left\">Polo Dialogando<\/th><th><\/th><\/tr><\/thead><tbody><tr><td class=\"has-text-align-left\" data-align=\"left\">Das 16h \u00e0s 17h<\/td><td>Roda de conversa com o tema Racismo Institucional<\/td><\/tr><\/tbody><\/table><\/figure>\n","protected":false},"excerpt":{"rendered":"<p>Com apresenta\u00e7\u00f5es culturais, shows, oficinas, torneios, rodas de conversa, entre outras atividades, a Prefeitura do Paudalho, atrav\u00e9s da Secretaria de Cultura, Turismo, Lazer e Juventude, lan\u00e7a neste domingo (5) o projeto Domingo na Esta\u00e7\u00e3o, das 14h \u00e0s 19h, no S\u00edtio Hist\u00f3rico Santa Tereza, que conta com patrim\u00f4nio hist\u00f3rico-cultural e cart\u00e3o postal do munic\u00edpio, a Esta\u00e7\u00e3o [&hellip;]<\/p>\n","protected":false},"author":10,"featured_media":29914,"comment_status":"open","ping_status":"open","sticky":false,"template":"","format":"standard","meta":{"_jetpack_newsletter_access":"","_jetpack_dont_email_post_to_subs":false,"_jetpack_newsletter_tier_id":0,"_jetpack_memberships_contains_paywalled_content":false,"_jetpack_memberships_contains_paid_content":false,"footnotes":""},"categories":[6,2,1],"tags":[68,14,22,238,524],"class_list":["post-29913","post","type-post","status-publish","format-standard","has-post-thumbnail","hentry","category-cultura","category-destaque","category-noticias","tag-cultura","tag-paudalho","tag-prefeitura-do-paudalho","tag-secretaria-de-cultura-e-turismo","tag-turismo"],"jetpack_featured_media_url":"https:\/\/www.paudalho.pe.gov.br\/portal\/wp-content\/uploads\/2023\/11\/H5A3265-scaled.jpg","jetpack_sharing_enabled":true,"jetpack_shortlink":"https:\/\/wp.me\/p98mS2-7Mt","_links":{"self":[{"href":"https:\/\/www.paudalho.pe.gov.br\/portal\/wp-json\/wp\/v2\/posts\/29913","targetHints":{"allow":["GET"]}}],"collection":[{"href":"https:\/\/www.paudalho.pe.gov.br\/portal\/wp-json\/wp\/v2\/posts"}],"about":[{"href":"https:\/\/www.paudalho.pe.gov.br\/portal\/wp-json\/wp\/v2\/types\/post"}],"author":[{"embeddable":true,"href":"https:\/\/www.paudalho.pe.gov.br\/portal\/wp-json\/wp\/v2\/users\/10"}],"replies":[{"embeddable":true,"href":"https:\/\/www.paudalho.pe.gov.br\/portal\/wp-json\/wp\/v2\/comments?post=29913"}],"version-history":[{"count":2,"href":"https:\/\/www.paudalho.pe.gov.br\/portal\/wp-json\/wp\/v2\/posts\/29913\/revisions"}],"predecessor-version":[{"id":29967,"href":"https:\/\/www.paudalho.pe.gov.br\/portal\/wp-json\/wp\/v2\/posts\/29913\/revisions\/29967"}],"wp:featuredmedia":[{"embeddable":true,"href":"https:\/\/www.paudalho.pe.gov.br\/portal\/wp-json\/wp\/v2\/media\/29914"}],"wp:attachment":[{"href":"https:\/\/www.paudalho.pe.gov.br\/portal\/wp-json\/wp\/v2\/media?parent=29913"}],"wp:term":[{"taxonomy":"category","embeddable":true,"href":"https:\/\/www.paudalho.pe.gov.br\/portal\/wp-json\/wp\/v2\/categories?post=29913"},{"taxonomy":"post_tag","embeddable":true,"href":"https:\/\/www.paudalho.pe.gov.br\/portal\/wp-json\/wp\/v2\/tags?post=29913"}],"curies":[{"name":"wp","href":"https:\/\/api.w.org\/{rel}","templated":true}]}}