{"id":298,"date":"2017-05-16T10:00:57","date_gmt":"2017-05-16T13:00:57","guid":{"rendered":"http:\/\/www.paudalho.pe.gov.br\/portal\/?p=298"},"modified":"2017-05-24T08:38:18","modified_gmt":"2017-05-24T11:38:18","slug":"prefeitura-realiza-audiencia-publica-atraves-da-attp","status":"publish","type":"post","link":"https:\/\/www.paudalho.pe.gov.br\/portal\/prefeitura-realiza-audiencia-publica-atraves-da-attp\/","title":{"rendered":"Prefeitura Realiza Audi\u00eancia P\u00fablica atrav\u00e9s da ATTP"},"content":{"rendered":"<p>A Prefeitura Municipal do Paudalho, atrav\u00e9s da Autarquia Municipal de Tr\u00e2nsito em parceira com a II Ger\u00eancia Regional de Sa\u00fade do Estado, realizou hoje (16.05.2017) uma Audi\u00eancia P\u00fablica do Comit\u00ea Regional de Preven\u00e7\u00e3o aos Acidentes de Moto. A iniciativa visa ampliar o di\u00e1logo sobre os temas: implementa\u00e7\u00e3o da integra\u00e7\u00e3o do tr\u00e2nsito no munic\u00edpio e a discuss\u00e3o de estrat\u00e9gias para preven\u00e7\u00e3o aos acidentes de moto.<\/p>\n<p>Durante o evento foram ministradas palestras pelas seguintes pe<span class=\"text_exposed_show\">ssoas.<\/span><\/p>\n<div class=\"text_exposed_show\">\n<p>Fabiani Menezes &#8211; Gerente da II Ger\u00eancia Regional de Sa\u00fade do Estado<br \/>\nMajor Reginaldo &#8211; Coordenador Operacional do Programa Lei Seca<br \/>\nAngelo Neto &#8211; Presidente da Autarquia de Tr\u00e2nsito e Transportes de Paudalho &#8211; ATTP.<\/p>\n<p>\u00c9 Paudalho pensando na mobilidade e nas pessoas.<br \/>\n\u00c9 Paudalho construindo um novo amanh\u00e3.<\/p>\n<\/div>\n","protected":false},"excerpt":{"rendered":"<p>A Prefeitura Municipal do Paudalho, atrav\u00e9s da Autarquia Municipal de Tr\u00e2nsito em parceira com a II Ger\u00eancia Regional de Sa\u00fade do Estado, realizou hoje (16.05.2017) uma Audi\u00eancia P\u00fablica do Comit\u00ea Regional de Preven\u00e7\u00e3o aos Acidentes de Moto. A iniciativa visa ampliar o di\u00e1logo sobre os temas: implementa\u00e7\u00e3o da integra\u00e7\u00e3o do tr\u00e2nsito no munic\u00edpio e a [&hellip;]<\/p>\n","protected":false},"author":2,"featured_media":334,"comment_status":"open","ping_status":"open","sticky":false,"template":"","format":"standard","meta":{"_jetpack_newsletter_access":"","_jetpack_dont_email_post_to_subs":false,"_jetpack_newsletter_tier_id":0,"_jetpack_memberships_contains_paywalled_content":false,"_jetpack_memberships_contains_paid_content":false,"footnotes":""},"categories":[43,2],"tags":[46,45,44],"class_list":["post-298","post","type-post","status-publish","format-standard","has-post-thumbnail","hentry","category-audiencia-publica","category-destaque","tag-attp-paudalho","tag-audiencia-publica","tag-transito-de-paudalho"],"jetpack_featured_media_url":"https:\/\/www.paudalho.pe.gov.br\/portal\/wp-content\/uploads\/2017\/05\/attp-audiencia.jpg","jetpack_sharing_enabled":true,"jetpack_shortlink":"https:\/\/wp.me\/p98mS2-4O","_links":{"self":[{"href":"https:\/\/www.paudalho.pe.gov.br\/portal\/wp-json\/wp\/v2\/posts\/298","targetHints":{"allow":["GET"]}}],"collection":[{"href":"https:\/\/www.paudalho.pe.gov.br\/portal\/wp-json\/wp\/v2\/posts"}],"about":[{"href":"https:\/\/www.paudalho.pe.gov.br\/portal\/wp-json\/wp\/v2\/types\/post"}],"author":[{"embeddable":true,"href":"https:\/\/www.paudalho.pe.gov.br\/portal\/wp-json\/wp\/v2\/users\/2"}],"replies":[{"embeddable":true,"href":"https:\/\/www.paudalho.pe.gov.br\/portal\/wp-json\/wp\/v2\/comments?post=298"}],"version-history":[{"count":3,"href":"https:\/\/www.paudalho.pe.gov.br\/portal\/wp-json\/wp\/v2\/posts\/298\/revisions"}],"predecessor-version":[{"id":302,"href":"https:\/\/www.paudalho.pe.gov.br\/portal\/wp-json\/wp\/v2\/posts\/298\/revisions\/302"}],"wp:featuredmedia":[{"embeddable":true,"href":"https:\/\/www.paudalho.pe.gov.br\/portal\/wp-json\/wp\/v2\/media\/334"}],"wp:attachment":[{"href":"https:\/\/www.paudalho.pe.gov.br\/portal\/wp-json\/wp\/v2\/media?parent=298"}],"wp:term":[{"taxonomy":"category","embeddable":true,"href":"https:\/\/www.paudalho.pe.gov.br\/portal\/wp-json\/wp\/v2\/categories?post=298"},{"taxonomy":"post_tag","embeddable":true,"href":"https:\/\/www.paudalho.pe.gov.br\/portal\/wp-json\/wp\/v2\/tags?post=298"}],"curies":[{"name":"wp","href":"https:\/\/api.w.org\/{rel}","templated":true}]}}