{"id":29789,"date":"2023-10-31T13:38:55","date_gmt":"2023-10-31T16:38:55","guid":{"rendered":"https:\/\/www.paudalho.pe.gov.br\/portal\/?p=29789"},"modified":"2025-01-08T00:38:27","modified_gmt":"2025-01-08T03:38:27","slug":"prorrogado-o-periodo-de-inscricao-dos-editais-da-lei-paulo-gustavo-em-paudalho","status":"publish","type":"post","link":"https:\/\/www.paudalho.pe.gov.br\/portal\/prorrogado-o-periodo-de-inscricao-dos-editais-da-lei-paulo-gustavo-em-paudalho\/","title":{"rendered":"Prorrogado o per\u00edodo de inscri\u00e7\u00e3o dos editais da Lei Paulo Gustavo em Paudalho"},"content":{"rendered":"\n<p>A Prefeitura do Paudalho, atrav\u00e9s da Secretaria de Cultura, Turismo, Lazer e Juventude (SecultJuv), prorrogou o per\u00edodo de inscri\u00e7\u00f5es para o Edital de Chamamento P\u00fablico Audiovisual Jeff Mand\u00fa e o Edital de Chamamento P\u00fablico Multicultural Elvira Gusm\u00e3o, da Lei Paulo Gustavo, at\u00e9 o dia 6 de novembro. Dessa forma, os fazedores de cultura do munic\u00edpio ter\u00e3o mais seis dias para entregar toda a documenta\u00e7\u00e3o necess\u00e1ria para participar dos editais. <\/p>\n\n\n\n<p>As inscri\u00e7\u00f5es podem ser realizadas na sede da SecultJuv, localizada na Pra\u00e7a do Ros\u00e1rio, no Centro do munic\u00edpio; e, para tirar as d\u00favidas, a secretaria disp\u00f5e do Balc\u00e3o de Atendimento da Lei Paulo Gustavo Virtual, atrav\u00e9s do email <a href=\"mailto:lpg@paudalho.gov.Br\">lpg@paudalho.gov.br<\/a> .<\/p>\n\n\n\n<p><strong>Confira a retifica\u00e7\u00e3o, os editais e os anexos dos editais dos Editais de Chamamento abaixo:<\/strong><\/p>\n\n\n\n<div data-wp-interactive=\"core\/file\" class=\"wp-block-file\"><object data-wp-bind--hidden=\"!state.hasPdfPreview\" hidden class=\"wp-block-file__embed\" data=\"https:\/\/www.paudalho.pe.gov.br\/portal\/wp-content\/uploads\/2023\/10\/RETIFICACAO-PAULO-GUSTAVO-31.10.23-INSCRICOES-1.pdf\" type=\"application\/pdf\" style=\"width:100%;height:600px\" aria-label=\"Incorporado de RETIFICACAO-PAULO-GUSTAVO-31.10.23-INSCRICOES-1.\"><\/object><a id=\"wp-block-file--media-46977bbd-f853-42cd-9287-78f3fed481e6\" href=\"https:\/\/www.paudalho.pe.gov.br\/portal\/wp-content\/uploads\/2023\/10\/RETIFICACAO-PAULO-GUSTAVO-31.10.23-INSCRICOES-1.pdf\">RETIFICACAO-PAULO-GUSTAVO-31.10.23-INSCRICOES-1<\/a><a href=\"https:\/\/www.paudalho.pe.gov.br\/portal\/wp-content\/uploads\/2023\/10\/RETIFICACAO-PAULO-GUSTAVO-31.10.23-INSCRICOES-1.pdf\" class=\"wp-block-file__button wp-element-button\" download aria-describedby=\"wp-block-file--media-46977bbd-f853-42cd-9287-78f3fed481e6\">Baixar<\/a><\/div>\n\n\n\n<figure class=\"wp-block-table\"><table><tbody><tr><td class=\"has-text-align-left\" data-align=\"left\"><strong>Edital Multicultural Elvira Gusm\u00e3o<\/strong> <strong>da Lei Paulo Gustavo, em Paudalho<\/strong><\/td><td>Data de publica\u00e7\u00e3o<\/td><\/tr><tr><td class=\"has-text-align-left\" data-align=\"left\">Edital de Chamamento N\u00ba 2\/2023 -[Multicultural] &#8211; <a href=\"https:\/\/drive.google.com\/file\/d\/1F2hJPTbWXFp05YW2lqEObAtdq5aHEXxA\/view?usp=share_link\" data-type=\"URL\" data-id=\"https:\/\/drive.google.com\/file\/d\/1F2hJPTbWXFp05YW2lqEObAtdq5aHEXxA\/view?usp=share_link\" target=\"_blank\" rel=\"noreferrer noopener\">Link<\/a><\/td><td>11\/10\/2023<\/td><\/tr><tr><td class=\"has-text-align-left\" data-align=\"left\">Anexo I &#8211; Formul\u00e1rio de inscri\u00e7\u00e3o &#8211; Edital Multicultural &#8211; <a href=\"https:\/\/docs.google.com\/document\/d\/1JisldIFJTmAjUOZfHHgctTw5Wwq6BuBw\/edit?usp=share_link&amp;ouid=103562956301064132256&amp;rtpof=true&amp;sd=true\" data-type=\"URL\" data-id=\"https:\/\/docs.google.com\/document\/d\/1JisldIFJTmAjUOZfHHgctTw5Wwq6BuBw\/edit?usp=share_link&amp;ouid=103562956301064132256&amp;rtpof=true&amp;sd=true\" target=\"_blank\" rel=\"noreferrer noopener\">Link<\/a><\/td><td><\/td><\/tr><tr><td class=\"has-text-align-left\" data-align=\"left\">Anexo II &#8211; Declara\u00e7\u00e3o de representa\u00e7\u00e3o de grupo \u2013 Edital Multicultural &#8211; <a href=\"https:\/\/docs.google.com\/document\/d\/13OewuQPQPES3vfxUUPC1pNc5kAFv-arI\/edit?usp=share_link&amp;ouid=103562956301064132256&amp;rtpof=true&amp;sd=true\" data-type=\"URL\" data-id=\"https:\/\/docs.google.com\/document\/d\/13OewuQPQPES3vfxUUPC1pNc5kAFv-arI\/edit?usp=share_link&amp;ouid=103562956301064132256&amp;rtpof=true&amp;sd=true\" target=\"_blank\" rel=\"noreferrer noopener\">Link<\/a><\/td><td><\/td><\/tr><tr><td class=\"has-text-align-left\" data-align=\"left\">Anexo III \u2013 Declara\u00e7\u00e3o \u00c9tnico Racial \u2013 Edital Multicultural &#8211; <a href=\"https:\/\/docs.google.com\/document\/d\/1pIJpZMEGab6Bhf3ynGl-MSTuir4cFevh\/edit?usp=share_link&amp;ouid=103562956301064132256&amp;rtpof=true&amp;sd=true\" data-type=\"URL\" data-id=\"https:\/\/docs.google.com\/document\/d\/1pIJpZMEGab6Bhf3ynGl-MSTuir4cFevh\/edit?usp=share_link&amp;ouid=103562956301064132256&amp;rtpof=true&amp;sd=true\" target=\"_blank\" rel=\"noreferrer noopener\">Link<\/a><\/td><td><\/td><\/tr><tr><td class=\"has-text-align-left\" data-align=\"left\">Anexo IV \u2013 Formul\u00e1rio de Pedido de Recurso \u2013 Edital Multicultural \u2013 <a href=\"https:\/\/docs.google.com\/document\/d\/1HUFM9xBS2XmqmThJlb1sQu_MhInSCv4r\/edit?usp=share_link&amp;ouid=103562956301064132256&amp;rtpof=true&amp;sd=true\" data-type=\"URL\" data-id=\"https:\/\/docs.google.com\/document\/d\/1HUFM9xBS2XmqmThJlb1sQu_MhInSCv4r\/edit?usp=share_link&amp;ouid=103562956301064132256&amp;rtpof=true&amp;sd=true\" target=\"_blank\" rel=\"noreferrer noopener\">Link<\/a><\/td><td><\/td><\/tr><tr><td class=\"has-text-align-left\" data-align=\"left\">Anexo V \u2013 Modelo de curr\u00edculo e comprova\u00e7\u00f5es \u2013 Edital Multicultural \u2013 <a rel=\"noreferrer noopener\" href=\"https:\/\/docs.google.com\/document\/d\/18_CGt0mZOLlyabKh4CcQU-ctjBiyP524\/edit?usp=share_link&amp;ouid=103562956301064132256&amp;rtpof=true&amp;sd=true\" data-type=\"URL\" data-id=\"https:\/\/docs.google.com\/document\/d\/18_CGt0mZOLlyabKh4CcQU-ctjBiyP524\/edit?usp=share_link&amp;ouid=103562956301064132256&amp;rtpof=true&amp;sd=true\" target=\"_blank\">Link<\/a><\/td><td><\/td><\/tr><tr><td class=\"has-text-align-left\" data-align=\"left\">Anexo VI &#8211; Declara\u00e7\u00e3o de Resid\u00eancia &#8211; Edital Multicultural &#8211; <a href=\"https:\/\/docs.google.com\/document\/d\/1ag5uWJk1UUPRXz_pukr9EKKyMTAEb0qH\/edit?usp=share_link&amp;ouid=103562956301064132256&amp;rtpof=true&amp;sd=true\" data-type=\"URL\" data-id=\"https:\/\/docs.google.com\/document\/d\/1ag5uWJk1UUPRXz_pukr9EKKyMTAEb0qH\/edit?usp=share_link&amp;ouid=103562956301064132256&amp;rtpof=true&amp;sd=true\" target=\"_blank\" rel=\"noreferrer noopener\">Link<\/a><\/td><td><\/td><\/tr><\/tbody><\/table><\/figure>\n\n\n\n<figure class=\"wp-block-table\"><table><tbody><tr><td><strong>Edital Audiovisual Jeff Mand\u00fa da Lei Paulo Gustavo, em Paudalho<\/strong><\/td><td>Data de publica\u00e7\u00e3o<\/td><\/tr><tr><td>Edital de Chamamento N\u00ba 2\/2023 -[Audiovisual] &#8211; <a href=\"https:\/\/drive.google.com\/file\/d\/1M8fxrwGKNhffw7Ux50_Nmtv95gyMo8TZ\/view?usp=share_link\" data-type=\"URL\" data-id=\"https:\/\/drive.google.com\/file\/d\/1M8fxrwGKNhffw7Ux50_Nmtv95gyMo8TZ\/view?usp=share_link\" target=\"_blank\" rel=\"noreferrer noopener\">Link<\/a><\/td><td>11\/10\/2023<\/td><\/tr><tr><td>Anexo I &#8211; Formul\u00e1rio de inscri\u00e7\u00e3o &#8211; Edital Audiovisual &#8211; <a href=\"https:\/\/docs.google.com\/document\/d\/13I-f2jMUj6aZEvLeNBTlcbi_Ik-MaJQg\/edit?usp=share_link&amp;ouid=103562956301064132256&amp;rtpof=true&amp;sd=true\" data-type=\"URL\" data-id=\"https:\/\/docs.google.com\/document\/d\/13I-f2jMUj6aZEvLeNBTlcbi_Ik-MaJQg\/edit?usp=share_link&amp;ouid=103562956301064132256&amp;rtpof=true&amp;sd=true\" target=\"_blank\" rel=\"noreferrer noopener\">Link<\/a><\/td><td><\/td><\/tr><tr><td>Anexo II &#8211; Declara\u00e7\u00e3o de representa\u00e7\u00e3o de grupo \u2013 Edital Audiosivual &#8211; <a href=\"https:\/\/docs.google.com\/document\/d\/1vU1ZFDRQtPAeMfsqpyCEQgYCHux0EitH\/edit?usp=share_link&amp;ouid=103562956301064132256&amp;rtpof=true&amp;sd=true\" data-type=\"URL\" data-id=\"https:\/\/docs.google.com\/document\/d\/1vU1ZFDRQtPAeMfsqpyCEQgYCHux0EitH\/edit?usp=share_link&amp;ouid=103562956301064132256&amp;rtpof=true&amp;sd=true\" target=\"_blank\" rel=\"noreferrer noopener\">Link<\/a><\/td><td><\/td><\/tr><tr><td>Anexo III \u2013 Declara\u00e7\u00e3o \u00c9tnico Racial \u2013 Edital Audiovisual &#8211; <a href=\"https:\/\/docs.google.com\/document\/d\/1Ur-qxpVAuSVwFmEWJOA6lCpYwnSHROyR\/edit?usp=share_link&amp;ouid=103562956301064132256&amp;rtpof=true&amp;sd=true\" data-type=\"URL\" data-id=\"https:\/\/docs.google.com\/document\/d\/1Ur-qxpVAuSVwFmEWJOA6lCpYwnSHROyR\/edit?usp=share_link&amp;ouid=103562956301064132256&amp;rtpof=true&amp;sd=true\" target=\"_blank\" rel=\"noreferrer noopener\">Link<\/a><\/td><td><\/td><\/tr><tr><td>Anexo IV \u2013 Formul\u00e1rio de Pedido de Recurso \u2013 Edital Audiovisual \u2013<a href=\"https:\/\/docs.google.com\/document\/d\/10K9Wmsmq9VLrBlWdZxpaEO6zOwrB1MG5\/edit?usp=share_link&amp;ouid=103562956301064132256&amp;rtpof=true&amp;sd=true\" data-type=\"URL\" data-id=\"https:\/\/docs.google.com\/document\/d\/10K9Wmsmq9VLrBlWdZxpaEO6zOwrB1MG5\/edit?usp=share_link&amp;ouid=103562956301064132256&amp;rtpof=true&amp;sd=true\" target=\"_blank\" rel=\"noreferrer noopener\"> Link<\/a><\/td><td><\/td><\/tr><tr><td>Anexo V \u2013 Modelo de curr\u00edculo e comprova\u00e7\u00f5es  \u2013 Edital Audiovisual \u2013 <a href=\"https:\/\/docs.google.com\/document\/d\/1yrONehvvM9UE6kQIwhvMIZVRWAQ52CPr\/edit?usp=share_link&amp;ouid=103562956301064132256&amp;rtpof=true&amp;sd=true\" data-type=\"URL\" data-id=\"https:\/\/docs.google.com\/document\/d\/1yrONehvvM9UE6kQIwhvMIZVRWAQ52CPr\/edit?usp=share_link&amp;ouid=103562956301064132256&amp;rtpof=true&amp;sd=true\">Link<\/a><\/td><td><\/td><\/tr><tr><td>Anexo VI &#8211; Declara\u00e7\u00e3o de Resid\u00eancia &#8211; Edital Audiovisual &#8211; <a href=\"https:\/\/docs.google.com\/document\/d\/10jD1-ovL29P3ct2eiKPt7o4KYScItSyR\/edit?usp=share_link&amp;ouid=103562956301064132256&amp;rtpof=true&amp;sd=true\" data-type=\"URL\" data-id=\"https:\/\/docs.google.com\/document\/d\/10jD1-ovL29P3ct2eiKPt7o4KYScItSyR\/edit?usp=share_link&amp;ouid=103562956301064132256&amp;rtpof=true&amp;sd=true\" target=\"_blank\" rel=\"noreferrer noopener\">Link<\/a><\/td><td><\/td><\/tr><\/tbody><\/table><\/figure>\n","protected":false},"excerpt":{"rendered":"<p>A Prefeitura do Paudalho, atrav\u00e9s da Secretaria de Cultura, Turismo, Lazer e Juventude (SecultJuv), prorrogou o per\u00edodo de inscri\u00e7\u00f5es para o Edital de Chamamento P\u00fablico Audiovisual Jeff Mand\u00fa e o Edital de Chamamento P\u00fablico Multicultural Elvira Gusm\u00e3o, da Lei Paulo Gustavo, at\u00e9 o dia 6 de novembro. Dessa forma, os fazedores de cultura do munic\u00edpio [&hellip;]<\/p>\n","protected":false},"author":10,"featured_media":29865,"comment_status":"open","ping_status":"open","sticky":false,"template":"","format":"standard","meta":{"_jetpack_newsletter_access":"","_jetpack_dont_email_post_to_subs":false,"_jetpack_newsletter_tier_id":0,"_jetpack_memberships_contains_paywalled_content":false,"_jetpack_memberships_contains_paid_content":false,"footnotes":""},"categories":[6,2,1],"tags":[68,1193,14,22],"class_list":["post-29789","post","type-post","status-publish","format-standard","has-post-thumbnail","hentry","category-cultura","category-destaque","category-noticias","tag-cultura","tag-lei-paulo-gustavo","tag-paudalho","tag-prefeitura-do-paudalho"],"jetpack_featured_media_url":"https:\/\/www.paudalho.pe.gov.br\/portal\/wp-content\/uploads\/2023\/10\/H5A1630-1-scaled.jpg","jetpack_sharing_enabled":true,"jetpack_shortlink":"https:\/\/wp.me\/p98mS2-7Kt","_links":{"self":[{"href":"https:\/\/www.paudalho.pe.gov.br\/portal\/wp-json\/wp\/v2\/posts\/29789","targetHints":{"allow":["GET"]}}],"collection":[{"href":"https:\/\/www.paudalho.pe.gov.br\/portal\/wp-json\/wp\/v2\/posts"}],"about":[{"href":"https:\/\/www.paudalho.pe.gov.br\/portal\/wp-json\/wp\/v2\/types\/post"}],"author":[{"embeddable":true,"href":"https:\/\/www.paudalho.pe.gov.br\/portal\/wp-json\/wp\/v2\/users\/10"}],"replies":[{"embeddable":true,"href":"https:\/\/www.paudalho.pe.gov.br\/portal\/wp-json\/wp\/v2\/comments?post=29789"}],"version-history":[{"count":5,"href":"https:\/\/www.paudalho.pe.gov.br\/portal\/wp-json\/wp\/v2\/posts\/29789\/revisions"}],"predecessor-version":[{"id":29866,"href":"https:\/\/www.paudalho.pe.gov.br\/portal\/wp-json\/wp\/v2\/posts\/29789\/revisions\/29866"}],"wp:featuredmedia":[{"embeddable":true,"href":"https:\/\/www.paudalho.pe.gov.br\/portal\/wp-json\/wp\/v2\/media\/29865"}],"wp:attachment":[{"href":"https:\/\/www.paudalho.pe.gov.br\/portal\/wp-json\/wp\/v2\/media?parent=29789"}],"wp:term":[{"taxonomy":"category","embeddable":true,"href":"https:\/\/www.paudalho.pe.gov.br\/portal\/wp-json\/wp\/v2\/categories?post=29789"},{"taxonomy":"post_tag","embeddable":true,"href":"https:\/\/www.paudalho.pe.gov.br\/portal\/wp-json\/wp\/v2\/tags?post=29789"}],"curies":[{"name":"wp","href":"https:\/\/api.w.org\/{rel}","templated":true}]}}