{"id":29787,"date":"2023-10-30T16:00:39","date_gmt":"2023-10-30T19:00:39","guid":{"rendered":"https:\/\/www.paudalho.pe.gov.br\/portal\/?p=29787"},"modified":"2025-01-08T00:38:28","modified_gmt":"2025-01-08T03:38:28","slug":"com-convidados-da-ministerio-da-cultura-paudalho-realiza-a-i-conferencia-municipal-de-cultura","status":"publish","type":"post","link":"https:\/\/www.paudalho.pe.gov.br\/portal\/com-convidados-da-ministerio-da-cultura-paudalho-realiza-a-i-conferencia-municipal-de-cultura\/","title":{"rendered":"Com convidados do Minist\u00e9rio da Cultura, Paudalho realiza a I Confer\u00eancia Municipal de Cultura"},"content":{"rendered":"\n<p>A Prefeitura do Paudalho, atrav\u00e9s da Secretaria de Cultura, Turismo, Lazer e Juventudes e o Conselho Municipal de Cultura de Paudalho, realizou neste s\u00e1bado (28), das 8h \u00e0s 18h30, no Col\u00e9gio Municipal de Paudalho, a I Confer\u00eancia Municipal de Cultura. O evento teve como tema Democracia e Direito \u00e0 Cultura e contou com a presen\u00e7a de diversos fazedores de cultura do munic\u00edpio. <\/p>\n\n\n\n<p>A Confer\u00eancia teve na sua abertura as apresenta\u00e7\u00f5es culturais da Cia de Dan\u00e7a Ra\u00edzes da Mastruz e Zominho Soares. Para abordar e debater o tema, o evento teve a presen\u00e7a dos palestrantes Nilton Valen\u00e7a, chefe de divis\u00e3o do Escrit\u00f3rio do Minist\u00e9rio de Cultura em Pernambuco; e Felipe Lins, analista de pol\u00edticas sociais do Minist\u00e9rio da Cultura.<\/p>\n\n\n\n<figure class=\"wp-block-gallery has-nested-images columns-default is-cropped wp-block-gallery-1 is-layout-flex wp-block-gallery-is-layout-flex\">\n<figure class=\"wp-block-image size-large\"><img loading=\"lazy\" decoding=\"async\" width=\"800\" height=\"450\" data-attachment-id=\"29890\" data-permalink=\"https:\/\/www.paudalho.pe.gov.br\/portal\/com-convidados-da-ministerio-da-cultura-paudalho-realiza-a-i-conferencia-municipal-de-cultura\/photo1698500862-3\/\" data-orig-file=\"https:\/\/www.paudalho.pe.gov.br\/portal\/wp-content\/uploads\/2023\/10\/photo1698500862-3-e1698778426502.jpeg\" data-orig-size=\"960,742\" data-comments-opened=\"1\" data-image-meta=\"{&quot;aperture&quot;:&quot;0&quot;,&quot;credit&quot;:&quot;&quot;,&quot;camera&quot;:&quot;&quot;,&quot;caption&quot;:&quot;&quot;,&quot;created_timestamp&quot;:&quot;0&quot;,&quot;copyright&quot;:&quot;&quot;,&quot;focal_length&quot;:&quot;0&quot;,&quot;iso&quot;:&quot;0&quot;,&quot;shutter_speed&quot;:&quot;0&quot;,&quot;title&quot;:&quot;&quot;,&quot;orientation&quot;:&quot;0&quot;}\" data-image-title=\"photo1698500862 (3)\" data-image-description=\"\" data-image-caption=\"\" data-medium-file=\"https:\/\/www.paudalho.pe.gov.br\/portal\/wp-content\/uploads\/2023\/10\/photo1698500862-3-e1698778426502-350x230.jpeg\" data-large-file=\"https:\/\/www.paudalho.pe.gov.br\/portal\/wp-content\/uploads\/2023\/10\/photo1698500862-3-e1698778426502-800x450.jpeg\" data-id=\"29890\" src=\"https:\/\/www.paudalho.pe.gov.br\/portal\/wp-content\/uploads\/2023\/10\/photo1698500862-3-e1698778426502-800x450.jpeg\" alt=\"\" class=\"wp-image-29890\"\/><\/figure>\n\n\n\n<figure class=\"wp-block-image size-large\"><img loading=\"lazy\" decoding=\"async\" width=\"800\" height=\"450\" data-attachment-id=\"29891\" data-permalink=\"https:\/\/www.paudalho.pe.gov.br\/portal\/com-convidados-da-ministerio-da-cultura-paudalho-realiza-a-i-conferencia-municipal-de-cultura\/photo1698500862-2\/\" data-orig-file=\"https:\/\/www.paudalho.pe.gov.br\/portal\/wp-content\/uploads\/2023\/10\/photo1698500862-2-e1698778440183.jpeg\" data-orig-size=\"960,764\" data-comments-opened=\"1\" data-image-meta=\"{&quot;aperture&quot;:&quot;0&quot;,&quot;credit&quot;:&quot;&quot;,&quot;camera&quot;:&quot;&quot;,&quot;caption&quot;:&quot;&quot;,&quot;created_timestamp&quot;:&quot;0&quot;,&quot;copyright&quot;:&quot;&quot;,&quot;focal_length&quot;:&quot;0&quot;,&quot;iso&quot;:&quot;0&quot;,&quot;shutter_speed&quot;:&quot;0&quot;,&quot;title&quot;:&quot;&quot;,&quot;orientation&quot;:&quot;0&quot;}\" data-image-title=\"photo1698500862 (2)\" data-image-description=\"\" data-image-caption=\"\" data-medium-file=\"https:\/\/www.paudalho.pe.gov.br\/portal\/wp-content\/uploads\/2023\/10\/photo1698500862-2-e1698778440183-350x230.jpeg\" data-large-file=\"https:\/\/www.paudalho.pe.gov.br\/portal\/wp-content\/uploads\/2023\/10\/photo1698500862-2-e1698778440183-800x450.jpeg\" data-id=\"29891\" src=\"https:\/\/www.paudalho.pe.gov.br\/portal\/wp-content\/uploads\/2023\/10\/photo1698500862-2-e1698778440183-800x450.jpeg\" alt=\"\" class=\"wp-image-29891\"\/><\/figure>\n\n\n\n<figure class=\"wp-block-image size-large\"><img loading=\"lazy\" decoding=\"async\" width=\"800\" height=\"450\" data-attachment-id=\"29892\" data-permalink=\"https:\/\/www.paudalho.pe.gov.br\/portal\/com-convidados-da-ministerio-da-cultura-paudalho-realiza-a-i-conferencia-municipal-de-cultura\/photo1698499999\/\" data-orig-file=\"https:\/\/www.paudalho.pe.gov.br\/portal\/wp-content\/uploads\/2023\/10\/photo1698499999-e1698778457345.jpeg\" data-orig-size=\"1280,652\" data-comments-opened=\"1\" data-image-meta=\"{&quot;aperture&quot;:&quot;0&quot;,&quot;credit&quot;:&quot;&quot;,&quot;camera&quot;:&quot;&quot;,&quot;caption&quot;:&quot;&quot;,&quot;created_timestamp&quot;:&quot;0&quot;,&quot;copyright&quot;:&quot;&quot;,&quot;focal_length&quot;:&quot;0&quot;,&quot;iso&quot;:&quot;0&quot;,&quot;shutter_speed&quot;:&quot;0&quot;,&quot;title&quot;:&quot;&quot;,&quot;orientation&quot;:&quot;0&quot;}\" data-image-title=\"photo1698499999\" data-image-description=\"\" data-image-caption=\"\" data-medium-file=\"https:\/\/www.paudalho.pe.gov.br\/portal\/wp-content\/uploads\/2023\/10\/photo1698499999-e1698778457345-350x230.jpeg\" data-large-file=\"https:\/\/www.paudalho.pe.gov.br\/portal\/wp-content\/uploads\/2023\/10\/photo1698499999-e1698778457345-800x450.jpeg\" data-id=\"29892\" src=\"https:\/\/www.paudalho.pe.gov.br\/portal\/wp-content\/uploads\/2023\/10\/photo1698499999-e1698778457345-800x450.jpeg\" alt=\"\" class=\"wp-image-29892\"\/><\/figure>\n\n\n\n<figure class=\"wp-block-image size-large\"><img loading=\"lazy\" decoding=\"async\" width=\"800\" height=\"450\" data-attachment-id=\"29895\" data-permalink=\"https:\/\/www.paudalho.pe.gov.br\/portal\/photo1698500862-1-3\/\" data-orig-file=\"https:\/\/www.paudalho.pe.gov.br\/portal\/wp-content\/uploads\/2023\/10\/photo1698500862-1-edited-1.jpeg\" data-orig-size=\"960,540\" data-comments-opened=\"1\" data-image-meta=\"{&quot;aperture&quot;:&quot;0&quot;,&quot;credit&quot;:&quot;&quot;,&quot;camera&quot;:&quot;&quot;,&quot;caption&quot;:&quot;&quot;,&quot;created_timestamp&quot;:&quot;0&quot;,&quot;copyright&quot;:&quot;&quot;,&quot;focal_length&quot;:&quot;0&quot;,&quot;iso&quot;:&quot;0&quot;,&quot;shutter_speed&quot;:&quot;0&quot;,&quot;title&quot;:&quot;&quot;,&quot;orientation&quot;:&quot;0&quot;}\" data-image-title=\"photo1698500862 (1)\" data-image-description=\"\" data-image-caption=\"\" data-medium-file=\"https:\/\/www.paudalho.pe.gov.br\/portal\/wp-content\/uploads\/2023\/10\/photo1698500862-1-edited-1-350x230.jpeg\" data-large-file=\"https:\/\/www.paudalho.pe.gov.br\/portal\/wp-content\/uploads\/2023\/10\/photo1698500862-1-edited-1-800x450.jpeg\" data-id=\"29895\" src=\"https:\/\/www.paudalho.pe.gov.br\/portal\/wp-content\/uploads\/2023\/10\/photo1698500862-1-edited-1-800x450.jpeg\" alt=\"\" class=\"wp-image-29895\" srcset=\"https:\/\/www.paudalho.pe.gov.br\/portal\/wp-content\/uploads\/2023\/10\/photo1698500862-1-edited-1-800x450.jpeg 800w, https:\/\/www.paudalho.pe.gov.br\/portal\/wp-content\/uploads\/2023\/10\/photo1698500862-1-edited-1-768x432.jpeg 768w, https:\/\/www.paudalho.pe.gov.br\/portal\/wp-content\/uploads\/2023\/10\/photo1698500862-1-edited-1.jpeg 960w\" sizes=\"auto, (max-width: 800px) 100vw, 800px\" \/><\/figure>\n\n\n\n<figure class=\"wp-block-image size-large\"><img loading=\"lazy\" decoding=\"async\" width=\"800\" height=\"450\" data-attachment-id=\"29897\" data-permalink=\"https:\/\/www.paudalho.pe.gov.br\/portal\/com-convidados-da-ministerio-da-cultura-paudalho-realiza-a-i-conferencia-municipal-de-cultura\/photo1698500862\/\" data-orig-file=\"https:\/\/www.paudalho.pe.gov.br\/portal\/wp-content\/uploads\/2023\/10\/photo1698500862.jpeg\" data-orig-size=\"960,1280\" data-comments-opened=\"1\" data-image-meta=\"{&quot;aperture&quot;:&quot;0&quot;,&quot;credit&quot;:&quot;&quot;,&quot;camera&quot;:&quot;&quot;,&quot;caption&quot;:&quot;&quot;,&quot;created_timestamp&quot;:&quot;0&quot;,&quot;copyright&quot;:&quot;&quot;,&quot;focal_length&quot;:&quot;0&quot;,&quot;iso&quot;:&quot;0&quot;,&quot;shutter_speed&quot;:&quot;0&quot;,&quot;title&quot;:&quot;&quot;,&quot;orientation&quot;:&quot;0&quot;}\" data-image-title=\"photo1698500862\" data-image-description=\"\" data-image-caption=\"\" data-medium-file=\"https:\/\/www.paudalho.pe.gov.br\/portal\/wp-content\/uploads\/2023\/10\/photo1698500862-350x230.jpeg\" data-large-file=\"https:\/\/www.paudalho.pe.gov.br\/portal\/wp-content\/uploads\/2023\/10\/photo1698500862-800x450.jpeg\" data-id=\"29897\" src=\"https:\/\/www.paudalho.pe.gov.br\/portal\/wp-content\/uploads\/2023\/10\/photo1698500862-800x450.jpeg\" alt=\"\" class=\"wp-image-29897\"\/><\/figure>\n<\/figure>\n\n\n\n<p>&#8220;Participar da 1\u00aa Confer\u00eancia de Cultura de Paudalho foi uma experi\u00eancia incr\u00edvel. Ver a comunidade art\u00edstica local t\u00e3o engajada e colaborativa, compartilhando ideias e sugest\u00f5es foi inspirador. Trazer figuras t\u00e3o importantes como Nilton Valen\u00e7a e Felipe Lins para discutir a democratiza\u00e7\u00e3o do acesso cultural foi como oferecer um espet\u00e1culo democr\u00e1tico durante toda a confer\u00eancia. Foi, sem d\u00favida, uma experi\u00eancia enriquecedora e inspiradora. A coordena\u00e7\u00e3o de toda confer\u00eancia foi incr\u00edvel, e Angela Cah\u00fa e todos da equipe est\u00e3o de parab\u00e9ns pelo excelente trabalho. Acredito que esse dia ser\u00e1 lembrado como um marco para nossa cultura.&#8221; disse, Jeff Mand\u00fa, presidente do Conselho de Cultura de Paudalho.<\/p>\n\n\n\n<p>Na Confer\u00eancia, foram eleitos quatro delegados para representar o munic\u00edpio de Paudalho na Confer\u00eancia Estadual de Cultura. Entre eles, tivemos Elizonete Claudina, Paulo Henrique e Jos\u00e9 Eudes, representando a sociedade civil; e \u00c2ngela Cah\u00fa, representando poder p\u00fablico.<\/p>\n","protected":false},"excerpt":{"rendered":"<p>A Prefeitura do Paudalho, atrav\u00e9s da Secretaria de Cultura, Turismo, Lazer e Juventudes e o Conselho Municipal de Cultura de Paudalho, realizou neste s\u00e1bado (28), das 8h \u00e0s 18h30, no Col\u00e9gio Municipal de Paudalho, a I Confer\u00eancia Municipal de Cultura. O evento teve como tema Democracia e Direito \u00e0 Cultura e contou com a presen\u00e7a [&hellip;]<\/p>\n","protected":false},"author":10,"featured_media":29889,"comment_status":"open","ping_status":"open","sticky":false,"template":"","format":"standard","meta":{"_jetpack_newsletter_access":"","_jetpack_dont_email_post_to_subs":false,"_jetpack_newsletter_tier_id":0,"_jetpack_memberships_contains_paywalled_content":false,"_jetpack_memberships_contains_paid_content":false,"footnotes":""},"categories":[6,1],"tags":[68,14,22],"class_list":["post-29787","post","type-post","status-publish","format-standard","has-post-thumbnail","hentry","category-cultura","category-noticias","tag-cultura","tag-paudalho","tag-prefeitura-do-paudalho"],"jetpack_featured_media_url":"https:\/\/www.paudalho.pe.gov.br\/portal\/wp-content\/uploads\/2023\/10\/photo1698505772-e1698778395759.jpeg","jetpack_sharing_enabled":true,"jetpack_shortlink":"https:\/\/wp.me\/p98mS2-7Kr","_links":{"self":[{"href":"https:\/\/www.paudalho.pe.gov.br\/portal\/wp-json\/wp\/v2\/posts\/29787","targetHints":{"allow":["GET"]}}],"collection":[{"href":"https:\/\/www.paudalho.pe.gov.br\/portal\/wp-json\/wp\/v2\/posts"}],"about":[{"href":"https:\/\/www.paudalho.pe.gov.br\/portal\/wp-json\/wp\/v2\/types\/post"}],"author":[{"embeddable":true,"href":"https:\/\/www.paudalho.pe.gov.br\/portal\/wp-json\/wp\/v2\/users\/10"}],"replies":[{"embeddable":true,"href":"https:\/\/www.paudalho.pe.gov.br\/portal\/wp-json\/wp\/v2\/comments?post=29787"}],"version-history":[{"count":5,"href":"https:\/\/www.paudalho.pe.gov.br\/portal\/wp-json\/wp\/v2\/posts\/29787\/revisions"}],"predecessor-version":[{"id":29970,"href":"https:\/\/www.paudalho.pe.gov.br\/portal\/wp-json\/wp\/v2\/posts\/29787\/revisions\/29970"}],"wp:featuredmedia":[{"embeddable":true,"href":"https:\/\/www.paudalho.pe.gov.br\/portal\/wp-json\/wp\/v2\/media\/29889"}],"wp:attachment":[{"href":"https:\/\/www.paudalho.pe.gov.br\/portal\/wp-json\/wp\/v2\/media?parent=29787"}],"wp:term":[{"taxonomy":"category","embeddable":true,"href":"https:\/\/www.paudalho.pe.gov.br\/portal\/wp-json\/wp\/v2\/categories?post=29787"},{"taxonomy":"post_tag","embeddable":true,"href":"https:\/\/www.paudalho.pe.gov.br\/portal\/wp-json\/wp\/v2\/tags?post=29787"}],"curies":[{"name":"wp","href":"https:\/\/api.w.org\/{rel}","templated":true}]}}