{"id":29619,"date":"2023-10-25T14:46:47","date_gmt":"2023-10-25T17:46:47","guid":{"rendered":"https:\/\/www.paudalho.pe.gov.br\/portal\/?p=29619"},"modified":"2025-01-08T00:38:28","modified_gmt":"2025-01-08T03:38:28","slug":"prefeitura-de-paudalho-inaugura-a-quadra-da-escola-municipal-joao-francisco-bezerra-nesta-quarta-feira-25","status":"publish","type":"post","link":"https:\/\/www.paudalho.pe.gov.br\/portal\/prefeitura-de-paudalho-inaugura-a-quadra-da-escola-municipal-joao-francisco-bezerra-nesta-quarta-feira-25\/","title":{"rendered":"Prefeitura de Paudalho inaugura a Quadra da Escola Municipal Jo\u00e3o Francisco Bezerra nesta quarta-feira (25)"},"content":{"rendered":"\n<p>Sendo essa a oitava quadra inaugurada nos \u00faltimos sete anos, a Prefeitura do Paudalho, atrav\u00e9s da Secretaria de Educa\u00e7\u00e3o e Esportes e da Secretaria de Desenvolvimento Urbano e Meio Ambiente, inaugura a Quadra Poliesportiva da Escola Municipal Jo\u00e3o Francisco Bezerra. A solenidade ser\u00e1 realizada nesta quarta-feira (25), \u00e0s 16h, na sede da Escola, localizada da Rua Ant\u00f4nia Fernando, na comunidade de Primavera.<\/p>\n\n\n\n<p>Com investimento de mais de um milh\u00e3o, a quadra conta com estrutura para a pr\u00e1tica de diversos esportes, como futsal, handebol, v\u00f4lei, basquete e muito mais. Al\u00e9m de ser uma nova estrutura para a pr\u00e1tica esportiva dos alunos, a quadra \u00e9 um espa\u00e7o de lazer para toda a comunidade de Primavera. <\/p>\n\n\n\n<p>&#8220;Essa \u00e9 a oitava quadra que inauguramos na nossa gest\u00e3o e \u00e9 mais uma obra que vai beneficiar os alunos e toda a comunidade circunvizinha. Ainda temos mais outras diversas quadras a serem realizadas no munic\u00edpio nas comunidades da Zona Rural, como Zona Urbana do munic\u00edpio, trabalhando e investindo ainda mais na educa\u00e7\u00e3o, esporte e lazer dentro munic\u00edpio!&#8221;, comentou o prefeito de Paudalho, Marcelo Gouveia.<\/p>\n\n\n\n<p>O munic\u00edpio segue com diversas obras voltadas para a educa\u00e7\u00e3o e esportes, como as novas quadras das comunidades de Ch\u00e3 Alegre, Usina Mussurepe, Rosarinho e Ch\u00e3 do Ouro.<\/p>\n","protected":false},"excerpt":{"rendered":"<p>Sendo essa a oitava quadra inaugurada nos \u00faltimos sete anos, a Prefeitura do Paudalho, atrav\u00e9s da Secretaria de Educa\u00e7\u00e3o e Esportes e da Secretaria de Desenvolvimento Urbano e Meio Ambiente, inaugura a Quadra Poliesportiva da Escola Municipal Jo\u00e3o Francisco Bezerra. A solenidade ser\u00e1 realizada nesta quarta-feira (25), \u00e0s 16h, na sede da Escola, localizada da [&hellip;]<\/p>\n","protected":false},"author":10,"featured_media":29637,"comment_status":"open","ping_status":"open","sticky":false,"template":"","format":"standard","meta":{"_jetpack_newsletter_access":"","_jetpack_dont_email_post_to_subs":false,"_jetpack_newsletter_tier_id":0,"_jetpack_memberships_contains_paywalled_content":false,"_jetpack_memberships_contains_paid_content":false,"footnotes":""},"categories":[2,1],"tags":[36,14,22,106,157],"class_list":["post-29619","post","type-post","status-publish","format-standard","has-post-thumbnail","hentry","category-destaque","category-noticias","tag-obras","tag-paudalho","tag-prefeitura-do-paudalho","tag-secretaria-de-educacao","tag-secretaria-de-obras"],"jetpack_featured_media_url":"https:\/\/www.paudalho.pe.gov.br\/portal\/wp-content\/uploads\/2023\/10\/WhatsApp-Image-2023-10-23-at-13.46.15-e1698245141212.jpeg","jetpack_sharing_enabled":true,"jetpack_shortlink":"https:\/\/wp.me\/p98mS2-7HJ","_links":{"self":[{"href":"https:\/\/www.paudalho.pe.gov.br\/portal\/wp-json\/wp\/v2\/posts\/29619","targetHints":{"allow":["GET"]}}],"collection":[{"href":"https:\/\/www.paudalho.pe.gov.br\/portal\/wp-json\/wp\/v2\/posts"}],"about":[{"href":"https:\/\/www.paudalho.pe.gov.br\/portal\/wp-json\/wp\/v2\/types\/post"}],"author":[{"embeddable":true,"href":"https:\/\/www.paudalho.pe.gov.br\/portal\/wp-json\/wp\/v2\/users\/10"}],"replies":[{"embeddable":true,"href":"https:\/\/www.paudalho.pe.gov.br\/portal\/wp-json\/wp\/v2\/comments?post=29619"}],"version-history":[{"count":4,"href":"https:\/\/www.paudalho.pe.gov.br\/portal\/wp-json\/wp\/v2\/posts\/29619\/revisions"}],"predecessor-version":[{"id":29641,"href":"https:\/\/www.paudalho.pe.gov.br\/portal\/wp-json\/wp\/v2\/posts\/29619\/revisions\/29641"}],"wp:featuredmedia":[{"embeddable":true,"href":"https:\/\/www.paudalho.pe.gov.br\/portal\/wp-json\/wp\/v2\/media\/29637"}],"wp:attachment":[{"href":"https:\/\/www.paudalho.pe.gov.br\/portal\/wp-json\/wp\/v2\/media?parent=29619"}],"wp:term":[{"taxonomy":"category","embeddable":true,"href":"https:\/\/www.paudalho.pe.gov.br\/portal\/wp-json\/wp\/v2\/categories?post=29619"},{"taxonomy":"post_tag","embeddable":true,"href":"https:\/\/www.paudalho.pe.gov.br\/portal\/wp-json\/wp\/v2\/tags?post=29619"}],"curies":[{"name":"wp","href":"https:\/\/api.w.org\/{rel}","templated":true}]}}