{"id":29615,"date":"2023-10-23T14:50:32","date_gmt":"2023-10-23T17:50:32","guid":{"rendered":"https:\/\/www.paudalho.pe.gov.br\/portal\/?p=29615"},"modified":"2025-01-08T00:38:28","modified_gmt":"2025-01-08T03:38:28","slug":"abertas-as-inscricoes-da-1a-conferencia-municipal-de-cultura-de-paudalho-2023","status":"publish","type":"post","link":"https:\/\/www.paudalho.pe.gov.br\/portal\/abertas-as-inscricoes-da-1a-conferencia-municipal-de-cultura-de-paudalho-2023\/","title":{"rendered":"Abertas as inscri\u00e7\u00f5es da 1\u00aa Confer\u00eancia Municipal de Cultura de Paudalho 2023"},"content":{"rendered":"\n<p>A Prefeitura do Paudalho, atrav\u00e9s da Secretaria de Cultura, Turismo, Lazer e Juventude (SecultJuv), abrem as inscri\u00e7\u00f5es para a 1\u00aa Confer\u00eancia Municipal de Cultura de Paudalho. O per\u00edodo de inscri\u00e7\u00e3o vai at\u00e9 o dia 27 de outubro, s\u00e3o destinadas aos fazedores de cultura de Paudalho e podem ser realizadas na sede da SecultJuv, de segunda a sexta-feira, das 8h \u00e0s 16h.<\/p>\n\n\n\n<p>Com o tema &#8220;Democracia e Direito \u00e0 Cultura&#8221;, a 1\u00aa Confer\u00eancia Municipal de Cultura de Paudalho 2023 ser\u00e1 realizada no dia 28 de outubro, das 8h \u00e0s 18h30, no audit\u00f3rio do Col\u00e9gio Municipal de Paudalho (CMP). O evento traz os palestrantes Nilton Valen\u00e7a, chefe de divis\u00e3o do Escrit\u00f3rio do Minist\u00e9rio de Cultura em Pernambuco; e Felipe Lins, analista de pol\u00edticas sociais do Minist\u00e9rio da Cultura, para debater sobre como poderemos tornar o munic\u00edpio de Paudalho um local com mais democracia quanto ao acesso a Cultural, fazendo valer o direito de todo cidad\u00e3o \u00e0 cultura.<\/p>\n","protected":false},"excerpt":{"rendered":"<p>A Prefeitura do Paudalho, atrav\u00e9s da Secretaria de Cultura, Turismo, Lazer e Juventude (SecultJuv), abrem as inscri\u00e7\u00f5es para a 1\u00aa Confer\u00eancia Municipal de Cultura de Paudalho. O per\u00edodo de inscri\u00e7\u00e3o vai at\u00e9 o dia 27 de outubro, s\u00e3o destinadas aos fazedores de cultura de Paudalho e podem ser realizadas na sede da SecultJuv, de segunda [&hellip;]<\/p>\n","protected":false},"author":10,"featured_media":29642,"comment_status":"open","ping_status":"open","sticky":false,"template":"","format":"standard","meta":{"_jetpack_newsletter_access":"","_jetpack_dont_email_post_to_subs":false,"_jetpack_newsletter_tier_id":0,"_jetpack_memberships_contains_paywalled_content":false,"_jetpack_memberships_contains_paid_content":false,"footnotes":""},"categories":[6,1184,2,1],"tags":[68,14,22],"class_list":["post-29615","post","type-post","status-publish","format-standard","has-post-thumbnail","hentry","category-cultura","category-cultura-2","category-destaque","category-noticias","tag-cultura","tag-paudalho","tag-prefeitura-do-paudalho"],"jetpack_featured_media_url":"https:\/\/www.paudalho.pe.gov.br\/portal\/wp-content\/uploads\/2023\/10\/ADESIVO_15X10_PMP_1-1.png","jetpack_sharing_enabled":true,"jetpack_shortlink":"https:\/\/wp.me\/p98mS2-7HF","_links":{"self":[{"href":"https:\/\/www.paudalho.pe.gov.br\/portal\/wp-json\/wp\/v2\/posts\/29615","targetHints":{"allow":["GET"]}}],"collection":[{"href":"https:\/\/www.paudalho.pe.gov.br\/portal\/wp-json\/wp\/v2\/posts"}],"about":[{"href":"https:\/\/www.paudalho.pe.gov.br\/portal\/wp-json\/wp\/v2\/types\/post"}],"author":[{"embeddable":true,"href":"https:\/\/www.paudalho.pe.gov.br\/portal\/wp-json\/wp\/v2\/users\/10"}],"replies":[{"embeddable":true,"href":"https:\/\/www.paudalho.pe.gov.br\/portal\/wp-json\/wp\/v2\/comments?post=29615"}],"version-history":[{"count":1,"href":"https:\/\/www.paudalho.pe.gov.br\/portal\/wp-json\/wp\/v2\/posts\/29615\/revisions"}],"predecessor-version":[{"id":29617,"href":"https:\/\/www.paudalho.pe.gov.br\/portal\/wp-json\/wp\/v2\/posts\/29615\/revisions\/29617"}],"wp:featuredmedia":[{"embeddable":true,"href":"https:\/\/www.paudalho.pe.gov.br\/portal\/wp-json\/wp\/v2\/media\/29642"}],"wp:attachment":[{"href":"https:\/\/www.paudalho.pe.gov.br\/portal\/wp-json\/wp\/v2\/media?parent=29615"}],"wp:term":[{"taxonomy":"category","embeddable":true,"href":"https:\/\/www.paudalho.pe.gov.br\/portal\/wp-json\/wp\/v2\/categories?post=29615"},{"taxonomy":"post_tag","embeddable":true,"href":"https:\/\/www.paudalho.pe.gov.br\/portal\/wp-json\/wp\/v2\/tags?post=29615"}],"curies":[{"name":"wp","href":"https:\/\/api.w.org\/{rel}","templated":true}]}}