{"id":29576,"date":"2023-10-19T14:13:54","date_gmt":"2023-10-19T17:13:54","guid":{"rendered":"https:\/\/www.paudalho.pe.gov.br\/portal\/?p=29576"},"modified":"2025-01-08T00:38:28","modified_gmt":"2025-01-08T03:38:28","slug":"paudalho-realiza-campanha-de-multivacinacao-para-criancas-adolescentes-e-gestantes-ate-o-fim-do-mes-de-outubro","status":"publish","type":"post","link":"https:\/\/www.paudalho.pe.gov.br\/portal\/paudalho-realiza-campanha-de-multivacinacao-para-criancas-adolescentes-e-gestantes-ate-o-fim-do-mes-de-outubro\/","title":{"rendered":"Paudalho realiza campanha de multivacina\u00e7\u00e3o para crian\u00e7as, adolescentes e gestantes at\u00e9 o fim do m\u00eas de outubro"},"content":{"rendered":"\n<p>A Prefeitura do Paudalho, atrav\u00e9s da Secretaria de Sa\u00fade, realiza a campanha de Multivacina\u00e7\u00e3o para crian\u00e7as, adolescentes e gestantes. A a\u00e7\u00e3o \u00e9 realizada at\u00e9 o dia 29 de outubro, de segunda a sexta-feira, em todas as Unidades B\u00e1sicas de Sa\u00fade do munic\u00edpio, no hor\u00e1rio das 7h \u00e0s 16h. Com distribui\u00e7\u00e3o de todas as vacinas dispostas no calend\u00e1rio nacional de vacina\u00e7\u00e3o, a a\u00e7\u00e3o conta tamb\u00e9m com calend\u00e1rio de vacina\u00e7\u00e3o em hor\u00e1rio estendido, das 7h \u00e0s 19h, para as fam\u00edlias que n\u00e3o conseguem acessar aos servi\u00e7os em hor\u00e1rio comercial.<\/p>\n\n\n\n<p>Confira as datas de vacina\u00e7\u00e3o no estendida em cada uma das comunidades de Paudalho:<\/p>\n\n\n\n<ul class=\"wp-block-list\">\n<li>Alto Dois Irm\u00e3os: 19 e 26 de outubro<\/li>\n\n\n\n<li>Alto do Cruzeiro: 11, 18 e 25 de outubro<\/li>\n\n\n\n<li>Confedera\u00e7\u00e3o do Equador: 11, 19 e 26 de outubro<\/li>\n\n\n\n<li>Bel\u00e9m: 7 a 31 de outubro<\/li>\n\n\n\n<li>Desterro: 6, 13 e 20 de outubro<\/li>\n\n\n\n<li>Santa Tereza: 9, 17, 23 e 31 de outubro<\/li>\n\n\n\n<li>Asa Branca: 9, 16, 23 e 30 de outubro<\/li>\n\n\n\n<li>Centro: 10, 17 e 24 de outubro<\/li>\n\n\n\n<li>Vila S\u00e3o Sebasti\u00e3o: 11, 18 e 25 de outubro<\/li>\n\n\n\n<li>Boboc\u00e3o: 9, 17 e 28 de outubro<\/li>\n\n\n\n<li>Primavera 1: 10,17, 24 e 31 de outubro<\/li>\n\n\n\n<li>Primavera 2: 10,17 e 24 de outubro<\/li>\n\n\n\n<li>Primavera 3: 11, 16 e 23 de outubro<\/li>\n\n\n\n<li>Ch\u00e3 Alegre: 11, 18 e 25 de outubro<\/li>\n\n\n\n<li>Guadalajara 1: 11,19 e 26 de outubro<\/li>\n\n\n\n<li>Guadalajara 2, 3 e 5: 11, 17, 21 e 23 de outubro<\/li>\n\n\n\n<li>Guadalajara 4: 19 e 26 de outubro<\/li>\n\n\n\n<li>Mussurepe: 14, 21 e 28 de outubro<\/li>\n\n\n\n<li>Ch\u00e3 de Conselho: 09, 17 e 24 de outubro<\/li>\n\n\n\n<li>Ch\u00e3 de Cruz: 10,17 e 26 de outubro<\/li>\n<\/ul>\n","protected":false},"excerpt":{"rendered":"<p>A Prefeitura do Paudalho, atrav\u00e9s da Secretaria de Sa\u00fade, realiza a campanha de Multivacina\u00e7\u00e3o para crian\u00e7as, adolescentes e gestantes. A a\u00e7\u00e3o \u00e9 realizada at\u00e9 o dia 29 de outubro, de segunda a sexta-feira, em todas as Unidades B\u00e1sicas de Sa\u00fade do munic\u00edpio, no hor\u00e1rio das 7h \u00e0s 16h. Com distribui\u00e7\u00e3o de todas as vacinas dispostas [&hellip;]<\/p>\n","protected":false},"author":10,"featured_media":22659,"comment_status":"open","ping_status":"open","sticky":false,"template":"","format":"standard","meta":{"_jetpack_newsletter_access":"","_jetpack_dont_email_post_to_subs":false,"_jetpack_newsletter_tier_id":0,"_jetpack_memberships_contains_paywalled_content":false,"_jetpack_memberships_contains_paid_content":false,"footnotes":""},"categories":[2,1,3],"tags":[14,22,16],"class_list":["post-29576","post","type-post","status-publish","format-standard","has-post-thumbnail","hentry","category-destaque","category-noticias","category-saude","tag-paudalho","tag-prefeitura-do-paudalho","tag-saude"],"jetpack_featured_media_url":"https:\/\/www.paudalho.pe.gov.br\/portal\/wp-content\/uploads\/2022\/06\/fup20210202108.jpg","jetpack_sharing_enabled":true,"jetpack_shortlink":"https:\/\/wp.me\/p98mS2-7H2","_links":{"self":[{"href":"https:\/\/www.paudalho.pe.gov.br\/portal\/wp-json\/wp\/v2\/posts\/29576","targetHints":{"allow":["GET"]}}],"collection":[{"href":"https:\/\/www.paudalho.pe.gov.br\/portal\/wp-json\/wp\/v2\/posts"}],"about":[{"href":"https:\/\/www.paudalho.pe.gov.br\/portal\/wp-json\/wp\/v2\/types\/post"}],"author":[{"embeddable":true,"href":"https:\/\/www.paudalho.pe.gov.br\/portal\/wp-json\/wp\/v2\/users\/10"}],"replies":[{"embeddable":true,"href":"https:\/\/www.paudalho.pe.gov.br\/portal\/wp-json\/wp\/v2\/comments?post=29576"}],"version-history":[{"count":2,"href":"https:\/\/www.paudalho.pe.gov.br\/portal\/wp-json\/wp\/v2\/posts\/29576\/revisions"}],"predecessor-version":[{"id":29582,"href":"https:\/\/www.paudalho.pe.gov.br\/portal\/wp-json\/wp\/v2\/posts\/29576\/revisions\/29582"}],"wp:featuredmedia":[{"embeddable":true,"href":"https:\/\/www.paudalho.pe.gov.br\/portal\/wp-json\/wp\/v2\/media\/22659"}],"wp:attachment":[{"href":"https:\/\/www.paudalho.pe.gov.br\/portal\/wp-json\/wp\/v2\/media?parent=29576"}],"wp:term":[{"taxonomy":"category","embeddable":true,"href":"https:\/\/www.paudalho.pe.gov.br\/portal\/wp-json\/wp\/v2\/categories?post=29576"},{"taxonomy":"post_tag","embeddable":true,"href":"https:\/\/www.paudalho.pe.gov.br\/portal\/wp-json\/wp\/v2\/tags?post=29576"}],"curies":[{"name":"wp","href":"https:\/\/api.w.org\/{rel}","templated":true}]}}