{"id":29556,"date":"2023-10-11T14:37:38","date_gmt":"2023-10-11T17:37:38","guid":{"rendered":"https:\/\/www.paudalho.pe.gov.br\/portal\/?p=29556"},"modified":"2025-01-08T00:38:29","modified_gmt":"2025-01-08T03:38:29","slug":"com-primeiras-aulas-marcadas-para-esta-segunda-feira16-paudalho-realiza-solenidade-de-abertura-das-oficinas-de-geracao-de-renda-da-assistencia-social","status":"publish","type":"post","link":"https:\/\/www.paudalho.pe.gov.br\/portal\/com-primeiras-aulas-marcadas-para-esta-segunda-feira16-paudalho-realiza-solenidade-de-abertura-das-oficinas-de-geracao-de-renda-da-assistencia-social\/","title":{"rendered":"Com primeiras aulas marcadas para esta segunda-feira(16), Paudalho realiza solenidade de abertura das Oficinas de Gera\u00e7\u00e3o de Renda da Assist\u00eancia Social"},"content":{"rendered":"\n<p>A Prefeitura do Paudalho, por meio da Secretaria de Desenvolvimento e Assist\u00eancia Social, realizou a solenidade de abertura das Oficinas de Gera\u00e7\u00e3o de Renda da Assist\u00eancia Social nesta quarta-feira(11), \u00e0s 14h30, no Clube Estrela do Paudalho, lan\u00e7ando mais de 20 oficinas focadas na gera\u00e7\u00e3o de renda para fam\u00edlias que fazem parte da rede socioassistencial de Paudalho.&nbsp;<\/p>\n\n\n\n<p>No evento, foi anunciado o objetivo das oficinas, que \u00e9 desenvolver habilidades de fam\u00edlias que est\u00e3o cadastradas no Cad\u00danico do munic\u00edpio, com conhecimentos que eles poder\u00e3o utilizar para gerar renda para suas fam\u00edlias<\/p>\n\n\n\n<p>\u201cEstamos lan\u00e7ando mais de 20 oficinas que v\u00e3o colocar as pessoas no mercado de trabalho, capacitando assim cerca de 700 pessoas nesta primeira fase. Al\u00e9m disso, teremos mais 480 pessoas participando da oficina de corte e costura b\u00e1sico e avan\u00e7ado nos pr\u00f3ximos dias, em parceria com a Cooperativa de Corte e Costura de Paudalho, totalizando mais de 1000 pessoas. Tamb\u00e9m j\u00e1 estamos visando as novas fases das oficinas para atender ainda mais a popula\u00e7\u00e3o de Paudalho\u201d, comentou Marcelo Gouveia, prefeito do munic\u00edpio de Paudalho.<\/p>\n\n\n\n<p>As primeiras aulas iniciam nesta segunda-feira (16), a partir das 9h, na sede do Centro de Refer\u00eancia de Assist\u00eancia Social (Cras), Servi\u00e7o de Conviv\u00eancia e Fortalecimento de V\u00ednculos (SCFV) e Programa Minha Casa, Minha Vida, em Paudalho. Logo de in\u00edcio, ser\u00e3o dispostas as oficinas de designer de sobrancelhas, unha em gel e bolos. Em seguida, segue com as oficinas de salgados e doces para festa, tortas, alimenta\u00e7\u00e3o saud\u00e1vel, cabeleireiro, barbeiro, corte e costura, customiza\u00e7\u00e3o de roupas, mec\u00e2nica, jardinagem, eletricista predial, refrigera\u00e7\u00e3o, climatiza\u00e7\u00e3o, como calcular seu pre\u00e7o de venda, como vender mais e melhor, estrat\u00e9gias para vendas online, empreendedorismo, marketing b\u00e1sico e desenvolvimento sustent\u00e1vel do pequeno neg\u00f3cio.<\/p>\n","protected":false},"excerpt":{"rendered":"<p>A Prefeitura do Paudalho, por meio da Secretaria de Desenvolvimento e Assist\u00eancia Social, realizou a solenidade de abertura das Oficinas de Gera\u00e7\u00e3o de Renda da Assist\u00eancia Social nesta quarta-feira(11), \u00e0s 14h30, no Clube Estrela do Paudalho, lan\u00e7ando mais de 20 oficinas focadas na gera\u00e7\u00e3o de renda para fam\u00edlias que fazem parte da rede socioassistencial de [&hellip;]<\/p>\n","protected":false},"author":10,"featured_media":29555,"comment_status":"open","ping_status":"open","sticky":false,"template":"","format":"standard","meta":{"_jetpack_newsletter_access":"","_jetpack_dont_email_post_to_subs":false,"_jetpack_newsletter_tier_id":0,"_jetpack_memberships_contains_paywalled_content":false,"_jetpack_memberships_contains_paid_content":false,"footnotes":""},"categories":[850,2,1],"tags":[],"class_list":["post-29556","post","type-post","status-publish","format-standard","has-post-thumbnail","hentry","category-assistencia-social","category-destaque","category-noticias"],"jetpack_featured_media_url":"https:\/\/www.paudalho.pe.gov.br\/portal\/wp-content\/uploads\/2023\/10\/photo1697117362.jpeg","jetpack_sharing_enabled":true,"jetpack_shortlink":"https:\/\/wp.me\/p98mS2-7GI","_links":{"self":[{"href":"https:\/\/www.paudalho.pe.gov.br\/portal\/wp-json\/wp\/v2\/posts\/29556","targetHints":{"allow":["GET"]}}],"collection":[{"href":"https:\/\/www.paudalho.pe.gov.br\/portal\/wp-json\/wp\/v2\/posts"}],"about":[{"href":"https:\/\/www.paudalho.pe.gov.br\/portal\/wp-json\/wp\/v2\/types\/post"}],"author":[{"embeddable":true,"href":"https:\/\/www.paudalho.pe.gov.br\/portal\/wp-json\/wp\/v2\/users\/10"}],"replies":[{"embeddable":true,"href":"https:\/\/www.paudalho.pe.gov.br\/portal\/wp-json\/wp\/v2\/comments?post=29556"}],"version-history":[{"count":4,"href":"https:\/\/www.paudalho.pe.gov.br\/portal\/wp-json\/wp\/v2\/posts\/29556\/revisions"}],"predecessor-version":[{"id":30039,"href":"https:\/\/www.paudalho.pe.gov.br\/portal\/wp-json\/wp\/v2\/posts\/29556\/revisions\/30039"}],"wp:featuredmedia":[{"embeddable":true,"href":"https:\/\/www.paudalho.pe.gov.br\/portal\/wp-json\/wp\/v2\/media\/29555"}],"wp:attachment":[{"href":"https:\/\/www.paudalho.pe.gov.br\/portal\/wp-json\/wp\/v2\/media?parent=29556"}],"wp:term":[{"taxonomy":"category","embeddable":true,"href":"https:\/\/www.paudalho.pe.gov.br\/portal\/wp-json\/wp\/v2\/categories?post=29556"},{"taxonomy":"post_tag","embeddable":true,"href":"https:\/\/www.paudalho.pe.gov.br\/portal\/wp-json\/wp\/v2\/tags?post=29556"}],"curies":[{"name":"wp","href":"https:\/\/api.w.org\/{rel}","templated":true}]}}