{"id":2953,"date":"2018-05-11T22:23:37","date_gmt":"2018-05-12T01:23:37","guid":{"rendered":"http:\/\/www.paudalho.pe.gov.br\/portal\/?p=2953"},"modified":"2018-06-11T19:36:40","modified_gmt":"2018-06-11T22:36:40","slug":"semana-radical-de-paudalho-ofertara-atividades-esportivas-em-paudalho","status":"publish","type":"post","link":"https:\/\/www.paudalho.pe.gov.br\/portal\/semana-radical-de-paudalho-ofertara-atividades-esportivas-em-paudalho\/","title":{"rendered":"Vem a\u00ed a Semana Radical de Paudalho"},"content":{"rendered":"<p>A Prefeitura do Paudalho atrav\u00e9s do Minist\u00e9rio do Esporte e Governo Federal realizar\u00e1 a Semana Radical de Paudalho.O evento ocorrer\u00e1 em duas etapas: de 28 de maio a 02 de junho e 04 a 09 de junho. Prontos para o maior evento de esportes radicais que o Munic\u00edpio j\u00e1 viu? A programa\u00e7\u00e3o, gratuita, \u00e9 realizada pela Prefeitura do Paudalho por meio do Minist\u00e9rio do Esporte e Governo Federal e vai atender 4.320 alunos.<\/p>\n<h2><strong>Evento gratuito<\/strong><\/h2>\n<p>O objetivo \u00e9 proporcionar ao p\u00fablico, atividades de esporte e lazer com seguran\u00e7a e dinamismo. Ser\u00e3o ofertadas diversas oficinas, entre elas: tirolesa, escalada, jogos e brinquedos, pistas de cordas, touro mec\u00e2nico, esportes radicais e voleibol. A a\u00e7\u00e3o visa promover o bem-estar dos alunos das unidades de ensino da Rede Municipal. As inscri\u00e7\u00f5es devem ser realizadas nas escolas cadastradas.<\/p>\n","protected":false},"excerpt":{"rendered":"<p>A Prefeitura do Paudalho atrav\u00e9s do Minist\u00e9rio do Esporte e Governo Federal realizar\u00e1 a Semana Radical de Paudalho.O evento ocorrer\u00e1 em duas etapas: de 28 de maio a 02 de junho e 04 a 09 de junho. Prontos para o maior evento de esportes radicais que o Munic\u00edpio j\u00e1 viu? A programa\u00e7\u00e3o, gratuita, \u00e9 realizada [&hellip;]<\/p>\n","protected":false},"author":4,"featured_media":2954,"comment_status":"open","ping_status":"open","sticky":false,"template":"","format":"standard","meta":{"_jetpack_newsletter_access":"","_jetpack_dont_email_post_to_subs":false,"_jetpack_newsletter_tier_id":0,"_jetpack_memberships_contains_paywalled_content":false,"_jetpack_memberships_contains_paid_content":false,"footnotes":""},"categories":[2,7],"tags":[22,308],"class_list":["post-2953","post","type-post","status-publish","format-standard","has-post-thumbnail","hentry","category-destaque","category-esportes","tag-prefeitura-do-paudalho","tag-semana-radical-de-paudalho"],"jetpack_featured_media_url":"https:\/\/www.paudalho.pe.gov.br\/portal\/wp-content\/uploads\/2018\/05\/thumbnail_Cartaz-01-Semana-Radical-de-Paudalho.jpg","jetpack_sharing_enabled":true,"jetpack_shortlink":"https:\/\/wp.me\/p98mS2-LD","_links":{"self":[{"href":"https:\/\/www.paudalho.pe.gov.br\/portal\/wp-json\/wp\/v2\/posts\/2953","targetHints":{"allow":["GET"]}}],"collection":[{"href":"https:\/\/www.paudalho.pe.gov.br\/portal\/wp-json\/wp\/v2\/posts"}],"about":[{"href":"https:\/\/www.paudalho.pe.gov.br\/portal\/wp-json\/wp\/v2\/types\/post"}],"author":[{"embeddable":true,"href":"https:\/\/www.paudalho.pe.gov.br\/portal\/wp-json\/wp\/v2\/users\/4"}],"replies":[{"embeddable":true,"href":"https:\/\/www.paudalho.pe.gov.br\/portal\/wp-json\/wp\/v2\/comments?post=2953"}],"version-history":[{"count":16,"href":"https:\/\/www.paudalho.pe.gov.br\/portal\/wp-json\/wp\/v2\/posts\/2953\/revisions"}],"predecessor-version":[{"id":3134,"href":"https:\/\/www.paudalho.pe.gov.br\/portal\/wp-json\/wp\/v2\/posts\/2953\/revisions\/3134"}],"wp:featuredmedia":[{"embeddable":true,"href":"https:\/\/www.paudalho.pe.gov.br\/portal\/wp-json\/wp\/v2\/media\/2954"}],"wp:attachment":[{"href":"https:\/\/www.paudalho.pe.gov.br\/portal\/wp-json\/wp\/v2\/media?parent=2953"}],"wp:term":[{"taxonomy":"category","embeddable":true,"href":"https:\/\/www.paudalho.pe.gov.br\/portal\/wp-json\/wp\/v2\/categories?post=2953"},{"taxonomy":"post_tag","embeddable":true,"href":"https:\/\/www.paudalho.pe.gov.br\/portal\/wp-json\/wp\/v2\/tags?post=2953"}],"curies":[{"name":"wp","href":"https:\/\/api.w.org\/{rel}","templated":true}]}}