{"id":29518,"date":"2023-10-11T21:07:00","date_gmt":"2023-10-12T00:07:00","guid":{"rendered":"https:\/\/www.paudalho.pe.gov.br\/portal\/?p=29518"},"modified":"2025-01-08T00:38:29","modified_gmt":"2025-01-08T03:38:29","slug":"prefeitura-do-paudalho-lanca-editais-da-lei-paulo-gustavo-lpg","status":"publish","type":"post","link":"https:\/\/www.paudalho.pe.gov.br\/portal\/prefeitura-do-paudalho-lanca-editais-da-lei-paulo-gustavo-lpg\/","title":{"rendered":"Prefeitura do Paudalho lan\u00e7a Editais da Lei Paulo Gustavo (LPG)"},"content":{"rendered":"\n<p>A Prefeitura do Paudalho, atrav\u00e9s da Secretaria de Cultura, Turismo, Lazer e Juventude, lan\u00e7a os editais da Lei Paulo Gustavo, que conta com o Edital de Chamamento P\u00fablico Audiovisual Jeff Mand\u00fa e o Edital de Chamamento P\u00fablico Multicultural Elvira Gusm\u00e3o.<\/p>\n\n\n\n<p><strong>Confira os editais e anexos abaixo:<\/strong><\/p>\n\n\n\n<figure class=\"wp-block-table\"><table><tbody><tr><td class=\"has-text-align-left\" data-align=\"left\"><strong>Edital Multicultural Elvira Gusm\u00e3o<\/strong> <strong>da Lei Paulo Gustavo, em Paudalho<\/strong><\/td><td>Data de publica\u00e7\u00e3o<\/td><\/tr><tr><td class=\"has-text-align-left\" data-align=\"left\">Edital de Chamamento N\u00ba 2\/2023 -[Multicultural] &#8211; <a href=\"https:\/\/drive.google.com\/file\/d\/1F2hJPTbWXFp05YW2lqEObAtdq5aHEXxA\/view?usp=share_link\" data-type=\"URL\" data-id=\"https:\/\/drive.google.com\/file\/d\/1F2hJPTbWXFp05YW2lqEObAtdq5aHEXxA\/view?usp=share_link\" target=\"_blank\" rel=\"noreferrer noopener\">Link<\/a><\/td><td>11\/10\/2023<\/td><\/tr><tr><td class=\"has-text-align-left\" data-align=\"left\">Anexo I &#8211; Formul\u00e1rio de inscri\u00e7\u00e3o &#8211; Edital Multicultural &#8211; <a href=\"https:\/\/docs.google.com\/document\/d\/1JisldIFJTmAjUOZfHHgctTw5Wwq6BuBw\/edit?usp=share_link&amp;ouid=103562956301064132256&amp;rtpof=true&amp;sd=true\" data-type=\"URL\" data-id=\"https:\/\/docs.google.com\/document\/d\/1JisldIFJTmAjUOZfHHgctTw5Wwq6BuBw\/edit?usp=share_link&amp;ouid=103562956301064132256&amp;rtpof=true&amp;sd=true\" target=\"_blank\" rel=\"noreferrer noopener\">Link<\/a><\/td><td><\/td><\/tr><tr><td class=\"has-text-align-left\" data-align=\"left\">Anexo II &#8211; Declara\u00e7\u00e3o de representa\u00e7\u00e3o de grupo \u2013 Edital Multicultural &#8211; <a href=\"https:\/\/docs.google.com\/document\/d\/13OewuQPQPES3vfxUUPC1pNc5kAFv-arI\/edit?usp=share_link&amp;ouid=103562956301064132256&amp;rtpof=true&amp;sd=true\" data-type=\"URL\" data-id=\"https:\/\/docs.google.com\/document\/d\/13OewuQPQPES3vfxUUPC1pNc5kAFv-arI\/edit?usp=share_link&amp;ouid=103562956301064132256&amp;rtpof=true&amp;sd=true\" target=\"_blank\" rel=\"noreferrer noopener\">Link<\/a><\/td><td><\/td><\/tr><tr><td class=\"has-text-align-left\" data-align=\"left\">Anexo III \u2013 Declara\u00e7\u00e3o \u00c9tnico Racial \u2013 Edital Multicultural &#8211; <a href=\"https:\/\/docs.google.com\/document\/d\/1pIJpZMEGab6Bhf3ynGl-MSTuir4cFevh\/edit?usp=share_link&amp;ouid=103562956301064132256&amp;rtpof=true&amp;sd=true\" data-type=\"URL\" data-id=\"https:\/\/docs.google.com\/document\/d\/1pIJpZMEGab6Bhf3ynGl-MSTuir4cFevh\/edit?usp=share_link&amp;ouid=103562956301064132256&amp;rtpof=true&amp;sd=true\" target=\"_blank\" rel=\"noreferrer noopener\">Link<\/a><\/td><td><\/td><\/tr><tr><td class=\"has-text-align-left\" data-align=\"left\">Anexo IV \u2013 Formul\u00e1rio de Pedido de Recurso \u2013 Edital Multicultural \u2013 <a href=\"https:\/\/docs.google.com\/document\/d\/1HUFM9xBS2XmqmThJlb1sQu_MhInSCv4r\/edit?usp=share_link&amp;ouid=103562956301064132256&amp;rtpof=true&amp;sd=true\" data-type=\"URL\" data-id=\"https:\/\/docs.google.com\/document\/d\/1HUFM9xBS2XmqmThJlb1sQu_MhInSCv4r\/edit?usp=share_link&amp;ouid=103562956301064132256&amp;rtpof=true&amp;sd=true\" target=\"_blank\" rel=\"noreferrer noopener\">Link<\/a><\/td><td><\/td><\/tr><tr><td class=\"has-text-align-left\" data-align=\"left\">Anexo V \u2013 Modelo de curr\u00edculo e comprova\u00e7\u00f5es \u2013 Edital Multicultural \u2013 <a rel=\"noreferrer noopener\" href=\"https:\/\/docs.google.com\/document\/d\/18_CGt0mZOLlyabKh4CcQU-ctjBiyP524\/edit?usp=share_link&amp;ouid=103562956301064132256&amp;rtpof=true&amp;sd=true\" data-type=\"URL\" data-id=\"https:\/\/docs.google.com\/document\/d\/18_CGt0mZOLlyabKh4CcQU-ctjBiyP524\/edit?usp=share_link&amp;ouid=103562956301064132256&amp;rtpof=true&amp;sd=true\" target=\"_blank\">Link<\/a><\/td><td><\/td><\/tr><tr><td class=\"has-text-align-left\" data-align=\"left\">Anexo VI &#8211; Declara\u00e7\u00e3o de Resid\u00eancia &#8211; Edital Multicultural &#8211; <a href=\"https:\/\/docs.google.com\/document\/d\/1ag5uWJk1UUPRXz_pukr9EKKyMTAEb0qH\/edit?usp=share_link&amp;ouid=103562956301064132256&amp;rtpof=true&amp;sd=true\" data-type=\"URL\" data-id=\"https:\/\/docs.google.com\/document\/d\/1ag5uWJk1UUPRXz_pukr9EKKyMTAEb0qH\/edit?usp=share_link&amp;ouid=103562956301064132256&amp;rtpof=true&amp;sd=true\" target=\"_blank\" rel=\"noreferrer noopener\">Link<\/a><\/td><td><\/td><\/tr><\/tbody><\/table><\/figure>\n\n\n\n<figure class=\"wp-block-table\"><table><tbody><tr><td><strong>Edital Audiovisual Jeff Mand\u00fa da Lei Paulo Gustavo, em Paudalho<\/strong><\/td><td>Data de publica\u00e7\u00e3o<\/td><\/tr><tr><td>Edital de Chamamento N\u00ba 2\/2023 -[Audiovisual] &#8211; <a href=\"https:\/\/drive.google.com\/file\/d\/1M8fxrwGKNhffw7Ux50_Nmtv95gyMo8TZ\/view?usp=share_link\" data-type=\"URL\" data-id=\"https:\/\/drive.google.com\/file\/d\/1M8fxrwGKNhffw7Ux50_Nmtv95gyMo8TZ\/view?usp=share_link\" target=\"_blank\" rel=\"noreferrer noopener\">Link<\/a><\/td><td>11\/10\/2023<\/td><\/tr><tr><td>Anexo I &#8211; Formul\u00e1rio de inscri\u00e7\u00e3o &#8211; Edital Audiovisual &#8211; <a href=\"https:\/\/docs.google.com\/document\/d\/13I-f2jMUj6aZEvLeNBTlcbi_Ik-MaJQg\/edit?usp=share_link&amp;ouid=103562956301064132256&amp;rtpof=true&amp;sd=true\" data-type=\"URL\" data-id=\"https:\/\/docs.google.com\/document\/d\/13I-f2jMUj6aZEvLeNBTlcbi_Ik-MaJQg\/edit?usp=share_link&amp;ouid=103562956301064132256&amp;rtpof=true&amp;sd=true\" target=\"_blank\" rel=\"noreferrer noopener\">Link<\/a><\/td><td><\/td><\/tr><tr><td>Anexo II &#8211; Declara\u00e7\u00e3o de representa\u00e7\u00e3o de grupo \u2013 Edital Audiosivual &#8211; <a href=\"https:\/\/docs.google.com\/document\/d\/1vU1ZFDRQtPAeMfsqpyCEQgYCHux0EitH\/edit?usp=share_link&amp;ouid=103562956301064132256&amp;rtpof=true&amp;sd=true\" data-type=\"URL\" data-id=\"https:\/\/docs.google.com\/document\/d\/1vU1ZFDRQtPAeMfsqpyCEQgYCHux0EitH\/edit?usp=share_link&amp;ouid=103562956301064132256&amp;rtpof=true&amp;sd=true\" target=\"_blank\" rel=\"noreferrer noopener\">Link<\/a><\/td><td><\/td><\/tr><tr><td>Anexo III \u2013 Declara\u00e7\u00e3o \u00c9tnico Racial \u2013 Edital Audiovisual &#8211; <a href=\"https:\/\/docs.google.com\/document\/d\/1Ur-qxpVAuSVwFmEWJOA6lCpYwnSHROyR\/edit?usp=share_link&amp;ouid=103562956301064132256&amp;rtpof=true&amp;sd=true\" data-type=\"URL\" data-id=\"https:\/\/docs.google.com\/document\/d\/1Ur-qxpVAuSVwFmEWJOA6lCpYwnSHROyR\/edit?usp=share_link&amp;ouid=103562956301064132256&amp;rtpof=true&amp;sd=true\" target=\"_blank\" rel=\"noreferrer noopener\">Link<\/a><\/td><td><\/td><\/tr><tr><td>Anexo IV \u2013 Formul\u00e1rio de Pedido de Recurso \u2013 Edital Audiovisual \u2013<a href=\"https:\/\/docs.google.com\/document\/d\/10K9Wmsmq9VLrBlWdZxpaEO6zOwrB1MG5\/edit?usp=share_link&amp;ouid=103562956301064132256&amp;rtpof=true&amp;sd=true\" data-type=\"URL\" data-id=\"https:\/\/docs.google.com\/document\/d\/10K9Wmsmq9VLrBlWdZxpaEO6zOwrB1MG5\/edit?usp=share_link&amp;ouid=103562956301064132256&amp;rtpof=true&amp;sd=true\" target=\"_blank\" rel=\"noreferrer noopener\"> Link<\/a><\/td><td><\/td><\/tr><tr><td>Anexo V \u2013 Modelo de curr\u00edculo e comprova\u00e7\u00f5es  \u2013 Edital Audiovisual \u2013 <a href=\"https:\/\/docs.google.com\/document\/d\/1yrONehvvM9UE6kQIwhvMIZVRWAQ52CPr\/edit?usp=share_link&amp;ouid=103562956301064132256&amp;rtpof=true&amp;sd=true\" data-type=\"URL\" data-id=\"https:\/\/docs.google.com\/document\/d\/1yrONehvvM9UE6kQIwhvMIZVRWAQ52CPr\/edit?usp=share_link&amp;ouid=103562956301064132256&amp;rtpof=true&amp;sd=true\">Link<\/a><\/td><td><\/td><\/tr><tr><td>Anexo VI &#8211; Declara\u00e7\u00e3o de Resid\u00eancia &#8211; Edital Audiovisual &#8211; <a href=\"https:\/\/docs.google.com\/document\/d\/10jD1-ovL29P3ct2eiKPt7o4KYScItSyR\/edit?usp=share_link&amp;ouid=103562956301064132256&amp;rtpof=true&amp;sd=true\" data-type=\"URL\" data-id=\"https:\/\/docs.google.com\/document\/d\/10jD1-ovL29P3ct2eiKPt7o4KYScItSyR\/edit?usp=share_link&amp;ouid=103562956301064132256&amp;rtpof=true&amp;sd=true\" target=\"_blank\" rel=\"noreferrer noopener\">Link<\/a><\/td><td><\/td><\/tr><\/tbody><\/table><\/figure>\n","protected":false},"excerpt":{"rendered":"<p>A Prefeitura do Paudalho, atrav\u00e9s da Secretaria de Cultura, Turismo, Lazer e Juventude, lan\u00e7a os editais da Lei Paulo Gustavo, que conta com o Edital de Chamamento P\u00fablico Audiovisual Jeff Mand\u00fa e o Edital de Chamamento P\u00fablico Multicultural Elvira Gusm\u00e3o. Confira os editais e anexos abaixo: Edital Multicultural Elvira Gusm\u00e3o da Lei Paulo Gustavo, em [&hellip;]<\/p>\n","protected":false},"author":11,"featured_media":29610,"comment_status":"open","ping_status":"open","sticky":false,"template":"","format":"standard","meta":{"_jetpack_newsletter_access":"","_jetpack_dont_email_post_to_subs":false,"_jetpack_newsletter_tier_id":0,"_jetpack_memberships_contains_paywalled_content":false,"_jetpack_memberships_contains_paid_content":false,"footnotes":""},"categories":[6,1184,2,1],"tags":[681,697,1273,1193,238],"class_list":["post-29518","post","type-post","status-publish","format-standard","has-post-thumbnail","hentry","category-cultura","category-cultura-2","category-destaque","category-noticias","tag-editais","tag-edital","tag-edital-lei-paulo-gustavo","tag-lei-paulo-gustavo","tag-secretaria-de-cultura-e-turismo"],"jetpack_featured_media_url":"https:\/\/www.paudalho.pe.gov.br\/portal\/wp-content\/uploads\/2023\/10\/photo1697117396.jpeg","jetpack_sharing_enabled":true,"jetpack_shortlink":"https:\/\/wp.me\/p98mS2-7G6","_links":{"self":[{"href":"https:\/\/www.paudalho.pe.gov.br\/portal\/wp-json\/wp\/v2\/posts\/29518","targetHints":{"allow":["GET"]}}],"collection":[{"href":"https:\/\/www.paudalho.pe.gov.br\/portal\/wp-json\/wp\/v2\/posts"}],"about":[{"href":"https:\/\/www.paudalho.pe.gov.br\/portal\/wp-json\/wp\/v2\/types\/post"}],"author":[{"embeddable":true,"href":"https:\/\/www.paudalho.pe.gov.br\/portal\/wp-json\/wp\/v2\/users\/11"}],"replies":[{"embeddable":true,"href":"https:\/\/www.paudalho.pe.gov.br\/portal\/wp-json\/wp\/v2\/comments?post=29518"}],"version-history":[{"count":7,"href":"https:\/\/www.paudalho.pe.gov.br\/portal\/wp-json\/wp\/v2\/posts\/29518\/revisions"}],"predecessor-version":[{"id":29612,"href":"https:\/\/www.paudalho.pe.gov.br\/portal\/wp-json\/wp\/v2\/posts\/29518\/revisions\/29612"}],"wp:featuredmedia":[{"embeddable":true,"href":"https:\/\/www.paudalho.pe.gov.br\/portal\/wp-json\/wp\/v2\/media\/29610"}],"wp:attachment":[{"href":"https:\/\/www.paudalho.pe.gov.br\/portal\/wp-json\/wp\/v2\/media?parent=29518"}],"wp:term":[{"taxonomy":"category","embeddable":true,"href":"https:\/\/www.paudalho.pe.gov.br\/portal\/wp-json\/wp\/v2\/categories?post=29518"},{"taxonomy":"post_tag","embeddable":true,"href":"https:\/\/www.paudalho.pe.gov.br\/portal\/wp-json\/wp\/v2\/tags?post=29518"}],"curies":[{"name":"wp","href":"https:\/\/api.w.org\/{rel}","templated":true}]}}