{"id":29496,"date":"2023-09-29T14:00:00","date_gmt":"2023-09-29T17:00:00","guid":{"rendered":"https:\/\/www.paudalho.pe.gov.br\/portal\/?p=29496"},"modified":"2025-01-08T00:38:29","modified_gmt":"2025-01-08T03:38:29","slug":"paudalho-marca-presenca-na-abav-expo-2023-uma-das-maiores-exposicoes-de-turismo-da-america-latina","status":"publish","type":"post","link":"https:\/\/www.paudalho.pe.gov.br\/portal\/paudalho-marca-presenca-na-abav-expo-2023-uma-das-maiores-exposicoes-de-turismo-da-america-latina\/","title":{"rendered":"Paudalho marca presen\u00e7a na ABAV Expo 2023, uma das maiores exposi\u00e7\u00f5es de Turismo da Am\u00e9rica Latina"},"content":{"rendered":"\n<p>Da Mata Norte de Pernambuco para Am\u00e9rica Latina, a Prefeitura do Paudalho, atrav\u00e9s da Secretaria de Cultura, Turismo, Lazer e Juventudes, marca presen\u00e7a na ABAV Expo 2023, exposi\u00e7\u00e3o da Associa\u00e7\u00e3o Brasileira de Ag\u00eancias de Viagens, uma das maiores exposi\u00e7\u00f5es de turismo da Am\u00e9rica Latina.<\/p>\n\n\n\n<p>Realizado entre os dias 27 e 29 de setembro, no Rio de Janeiro, Paudalho p\u00f4de expor suas principais rotas tur\u00edsticas ao lado de diversos munic\u00edpios consagrados no ramo, como Recife, Olinda, Porto de Galinhas, Fernando de Noronha, etc, se mostrando como um nova op\u00e7\u00e3o tur\u00edstica no estado de Pernambuco, principalmente na \u00e1rea do Turismo Rural, com a rota Engenhos e Maracatus, e do Turismo Religioso, com a rota Paudalho Sagrado, que perpassa o Santu\u00e1rio de S\u00e3o Severino do Ramos, o terceiro maior centro de romaria do Brasil.<\/p>\n\n\n\n<p>Al\u00e9m disso, o munic\u00edpio divulgou na ABAV Expo 2023 o seu mais novo aplicativo de turismo, o Visit Paudalho, que conta com informa\u00e7\u00f5es sobre eventos locais, tais como shows, festivais, exposi\u00e7\u00f5es; dados da cidade; informa\u00e7\u00f5es tur\u00edsticas, como atra\u00e7\u00f5es naturais, pontos e rotas tur\u00edsticas; dados sobre neg\u00f3cios locais, como restaurantes, pousadas, espa\u00e7os de lazer lanchonetes, farm\u00e1cias, etc; al\u00e9m de informa\u00e7\u00f5es sobre infraestrutura, servi\u00e7os p\u00fablicos, transporte, educa\u00e7\u00e3o e sa\u00fade, permitindo uma compreens\u00e3o mais profunda da cidade.<\/p>\n\n\n\n<p>&#8220;Paudalho estar na Abav este ano \u00e9 a certeza de que estamos no caminho certo. \u00c9 gratificante poder promover o munic\u00edpio como uma nova op\u00e7\u00e3o de rota tur\u00edstica, mostrando o potencial que Pernambuco tem em Turismo Rural e Turismo Religioso, onde Paudalho se encaixa perfeitamente, al\u00e9m de ver as pessoas baixando nosso aplicativo e se encantando com tudo o que Paudalho tem para mostrar!&#8221;, comentou Robson Negreiros, secret\u00e1rio executivo de Turismo de Paudalho.<\/p>\n","protected":false},"excerpt":{"rendered":"<p>Da Mata Norte de Pernambuco para Am\u00e9rica Latina, a Prefeitura do Paudalho, atrav\u00e9s da Secretaria de Cultura, Turismo, Lazer e Juventudes, marca presen\u00e7a na ABAV Expo 2023, exposi\u00e7\u00e3o da Associa\u00e7\u00e3o Brasileira de Ag\u00eancias de Viagens, uma das maiores exposi\u00e7\u00f5es de turismo da Am\u00e9rica Latina. Realizado entre os dias 27 e 29 de setembro, no Rio [&hellip;]<\/p>\n","protected":false},"author":10,"featured_media":29497,"comment_status":"open","ping_status":"open","sticky":false,"template":"","format":"standard","meta":{"_jetpack_newsletter_access":"","_jetpack_dont_email_post_to_subs":false,"_jetpack_newsletter_tier_id":0,"_jetpack_memberships_contains_paywalled_content":false,"_jetpack_memberships_contains_paid_content":false,"footnotes":""},"categories":[2,1,800],"tags":[14,22,238,524],"class_list":["post-29496","post","type-post","status-publish","format-standard","has-post-thumbnail","hentry","category-destaque","category-noticias","category-turismo","tag-paudalho","tag-prefeitura-do-paudalho","tag-secretaria-de-cultura-e-turismo","tag-turismo"],"jetpack_featured_media_url":"https:\/\/www.paudalho.pe.gov.br\/portal\/wp-content\/uploads\/2023\/10\/WhatsApp-Image-2023-09-29-at-16.46.18-e1696439179486.jpeg","jetpack_sharing_enabled":true,"jetpack_shortlink":"https:\/\/wp.me\/p98mS2-7FK","_links":{"self":[{"href":"https:\/\/www.paudalho.pe.gov.br\/portal\/wp-json\/wp\/v2\/posts\/29496","targetHints":{"allow":["GET"]}}],"collection":[{"href":"https:\/\/www.paudalho.pe.gov.br\/portal\/wp-json\/wp\/v2\/posts"}],"about":[{"href":"https:\/\/www.paudalho.pe.gov.br\/portal\/wp-json\/wp\/v2\/types\/post"}],"author":[{"embeddable":true,"href":"https:\/\/www.paudalho.pe.gov.br\/portal\/wp-json\/wp\/v2\/users\/10"}],"replies":[{"embeddable":true,"href":"https:\/\/www.paudalho.pe.gov.br\/portal\/wp-json\/wp\/v2\/comments?post=29496"}],"version-history":[{"count":1,"href":"https:\/\/www.paudalho.pe.gov.br\/portal\/wp-json\/wp\/v2\/posts\/29496\/revisions"}],"predecessor-version":[{"id":29498,"href":"https:\/\/www.paudalho.pe.gov.br\/portal\/wp-json\/wp\/v2\/posts\/29496\/revisions\/29498"}],"wp:featuredmedia":[{"embeddable":true,"href":"https:\/\/www.paudalho.pe.gov.br\/portal\/wp-json\/wp\/v2\/media\/29497"}],"wp:attachment":[{"href":"https:\/\/www.paudalho.pe.gov.br\/portal\/wp-json\/wp\/v2\/media?parent=29496"}],"wp:term":[{"taxonomy":"category","embeddable":true,"href":"https:\/\/www.paudalho.pe.gov.br\/portal\/wp-json\/wp\/v2\/categories?post=29496"},{"taxonomy":"post_tag","embeddable":true,"href":"https:\/\/www.paudalho.pe.gov.br\/portal\/wp-json\/wp\/v2\/tags?post=29496"}],"curies":[{"name":"wp","href":"https:\/\/api.w.org\/{rel}","templated":true}]}}