{"id":29404,"date":"2023-10-02T09:09:19","date_gmt":"2023-10-02T12:09:19","guid":{"rendered":"https:\/\/www.paudalho.pe.gov.br\/portal\/?p=29404"},"modified":"2025-01-08T00:38:29","modified_gmt":"2025-01-08T03:38:29","slug":"com-15-dias-de-celebracao-paudalho-realiza-atividades-do-mes-das-criancas","status":"publish","type":"post","link":"https:\/\/www.paudalho.pe.gov.br\/portal\/com-15-dias-de-celebracao-paudalho-realiza-atividades-do-mes-das-criancas\/","title":{"rendered":"Com mais de 15 dias de celebra\u00e7\u00e3o, Paudalho realiza atividades do m\u00eas das crian\u00e7as"},"content":{"rendered":"\n<p>A Prefeitura do Paudalho, por meio da Secretaria de Educa\u00e7\u00e3o e Esportes e da Secretaria de Cultura, Turismo, Lazer e Juventudes, inicia nesta ter\u00e7a-feira (3) uma programa\u00e7\u00e3o de 17 dias de festa em alus\u00e3o ao Dia das Crian\u00e7as. O evento ocorre no P\u00e1tio de Eventos Beira-Rio, localizado no Centro, nos turnos da manh\u00e3 e tarde, com parque de divers\u00e3o. Tendo como p\u00fablico-alvo estudantes da Rede Municipal, Estadual e Privada de Ensino, a comemora\u00e7\u00e3o tem sua culmin\u00e2ncia no dia 12 de outubro, com oficina de mamulengo, oficina de cer\u00e2mica, apresenta\u00e7\u00e3o com fantoche e pintura de rosto, aberto para toda a popula\u00e7\u00e3o.<\/p>\n\n\n\n<p>A festa, que ocorre at\u00e9 20 de outubro, conta com entrada gratuita para as crian\u00e7as, al\u00e9m de distribui\u00e7\u00e3o de lanches, como pipoca e algod\u00e3o doce, e lembrancinhas. A a\u00e7\u00e3o democratiza a data t\u00e3o importante para a garotada, permitindo que todos, independente de situa\u00e7\u00e3o social, econ\u00f4mica e sua localiza\u00e7\u00e3o, possam comemorar.<\/p>\n\n\n\n<p>Garantindo a seguran\u00e7a das crian\u00e7as, os estudantes ser\u00e3o acompanhados pelos funcion\u00e1rios de suas respectivas escolas, al\u00e9m de no local ser disponibilizado equipe de sa\u00fade e ambul\u00e2ncia.<\/p>\n\n\n\n<p><strong>Confira o cronograma das escolas abaixo:<\/strong><\/p>\n\n\n\n<figure class=\"wp-block-table\"><table><tbody><tr><td><strong>DIA\/ DATA<\/strong><\/td><td><strong>UNIDADE ESCOLAR &#8211; MANH\u00c3<\/strong><\/td><td><strong>UNIDADE ESCOLAR &#8211; TARDE<\/strong><\/td><td><strong>UNIDADE ESCOLAR &#8211; NOITE<\/strong><\/td><\/tr><tr><td><strong>TER\u00c7A &#8211; FEIRA 03\/10<\/strong><\/td><td>Escola Mun. Prefeito Herculano B. M. Filho<br>Escola Mun. Ch\u00e3 de Capoeira<br>Escola Mun. Paulo VI<br>Creche Mun. Joana Ponciano da Silva<\/td><td>Escola Mun. Prefeito Herculano B. M. Filho<br>Escola Mun. Ch\u00e3 de Capoeira<br>Creche Mun. Joana Ponciano da Silva<\/td><td><\/td><\/tr><tr><td><strong>QUARTA &#8211; FEIRA 04\/10<\/strong><\/td><td>Escola Mun. SAMAP<br>Escola Mun. Herculano Bandeira de Melo Filho<br>Escola Mun. Jo\u00e3o Francisco Bezerra<br>Escola Mun. C\u00edcero Lopes da Silva<br>Escola Mun. Genilda Martins<\/td><td>Escola Mun. SAMAP<br>Escola Mun. Jo\u00e3o Francisco Bezerra<br>Escola Mun.<br>C\u00edcero Lopes da Silva<br>Escola Mun. Genilda Martins<\/td><td><\/td><\/tr><tr><td><strong>QUINTA &#8211; FEIRA 05\/10<\/strong><\/td><td>Creche Mun. Leonel Francisco Soares<br>Escola Mun. Rodr\u00edzio<br>Escola Mun. Dr. Ant\u00f4nio Montenegro<br>Escola Mun. Bartolomeu do R\u00eago Cavalcanti<br>Escola Mun. Menino Jesus<br>Escola Mun. Dr. Paulo Eleut\u00e9rio<\/td><td>Creche Mun. Leonel Francisco Soares<br>Escola Mun. Menino Jesus<br>Escola Mun. Do Junco<\/td><td><\/td><\/tr><tr><td><strong>&nbsp;SEXTA &#8211; FEIRA 06\/10<\/strong><\/td><td>Escola Mun. Sinh\u00f4 Bandeira<br>Escola Mun. Eliza Fidelis da Silva<br>Escola Mun. Severino Maur\u00edcio Carneiro<\/td><td>Escola Mun. Sinh\u00f4 Bandeira<br>Escola Mun. Eliza Fidelis da Silva<\/td><td><\/td><\/tr><tr><td><strong>&nbsp;SEGUNDA &#8211; FEIRA 09\/10<\/strong><\/td><td>Escola Mun. Gilda Barbosa<br>Escola Mun. S\u00e3o Bernardo<br>Escola Mun. de Guadalajara<\/td><td>Escola Mun. Gilda Barbosa<br>Escola Mun. S\u00e3o Bernardo<br>Escola Mun. de Guadalajara<\/td><td><\/td><\/tr><tr><td><strong>TER\u00c7A- FEIRA 10\/10<\/strong><\/td><td>Escola Mun. Jos\u00e9 Bonif\u00e1cio<br>Escola Mun. Severino Jos\u00e9 Valentim<\/td><td>Escola Mun. Jos\u00e9 Bonif\u00e1cio<br>Escola Mun. Severino Jos\u00e9 Valentim<\/td><td><\/td><\/tr><tr><td><strong>QUARTA- FEIRA 11\/10<\/strong><\/td><td>Col\u00e9gio Municipal de Guadalajara<\/td><td>Col\u00e9gio Municipal de Guadalajara<\/td><td>Col\u00e9gio Mun. de Guadalajara<br>Escola Mun. Sev. Jos\u00e9 Valentim<\/td><\/tr><tr><td><strong>QUINTA &#8211; FEIRA 12\/10<\/strong><\/td><td><strong>&nbsp;<\/strong><strong>DIA LIVRE A POPULA\u00c7\u00c3O<\/strong><\/td><\/tr><\/tbody><\/table><\/figure>\n\n\n\n<figure class=\"wp-block-table\"><table><tbody><tr><td><strong>SEXTA \u2013 FEIRA 13\/10<\/strong><\/td><td><strong>Dia Reservado Para as Escolas Particulares<\/strong><\/td><td><strong>Dia Reservado Para as Escolas Particulares<\/strong><\/td><td>&nbsp;<\/td><\/tr><tr><td><strong>SEGUNDA -FEIRA 16\/10<\/strong><\/td><td><strong>&nbsp;<\/strong>Col\u00e9gio Mun. do Paudalho<\/td><td><strong>&nbsp;<\/strong>Col\u00e9gio Mun. do Paudalho<\/td><td><strong>&nbsp;<\/strong><\/td><\/tr><tr><td><strong>TER\u00c7A- FEIRA 17\/10<\/strong><\/td><td><strong>&nbsp;<\/strong>Col\u00e9gio Mun. Maria de F\u00e1tima<\/td><td>Col\u00e9gio Mun. Maria de F\u00e1tima<\/td><td><strong>&nbsp;<\/strong><\/td><\/tr><tr><td><strong>QUARTA &#8211; FEIRA<\/strong><strong>18\/10<\/strong><\/td><td>Col\u00e9gio Mun. Tancredo Neves<\/td><td>Col\u00e9gio Mun. Tancredo Neves<\/td><td>Col\u00e9gio Mun. do Paudalho<\/td><\/tr><tr><td><strong>QUINTA &#8211; FEIRA 19\/10<\/strong><\/td><td>Escola Mun. Manoel da Rosa<\/td><td><strong>&nbsp;<\/strong>Escola Mun. Manoel da Rosa<\/td><td>Escola Mun. Manoel da Rosa&nbsp;<\/td><\/tr><tr><td><strong>SEXTA &#8211; FEIRA 20\/10<\/strong><\/td><td><strong>Dia Reservado Para as Escolas Estaduais<\/strong><\/td><td><strong>Dia Reservado Para as Escolas Estaduais<\/strong><\/td><td><strong>&nbsp;<\/strong><strong>&nbsp;<\/strong><\/td><\/tr><\/tbody><\/table><\/figure>\n","protected":false},"excerpt":{"rendered":"<p>A Prefeitura do Paudalho, por meio da Secretaria de Educa\u00e7\u00e3o e Esportes e da Secretaria de Cultura, Turismo, Lazer e Juventudes, inicia nesta ter\u00e7a-feira (3) uma programa\u00e7\u00e3o de 17 dias de festa em alus\u00e3o ao Dia das Crian\u00e7as. O evento ocorre no P\u00e1tio de Eventos Beira-Rio, localizado no Centro, nos turnos da manh\u00e3 e tarde, [&hellip;]<\/p>\n","protected":false},"author":11,"featured_media":29405,"comment_status":"open","ping_status":"open","sticky":false,"template":"","format":"standard","meta":{"_jetpack_newsletter_access":"","_jetpack_dont_email_post_to_subs":false,"_jetpack_newsletter_tier_id":0,"_jetpack_memberships_contains_paywalled_content":false,"_jetpack_memberships_contains_paid_content":false,"footnotes":""},"categories":[6,2,4,520,1],"tags":[160,1272,196,1201],"class_list":["post-29404","post","type-post","status-publish","format-standard","has-post-thumbnail","hentry","category-cultura","category-destaque","category-educacao","category-educacao-2","category-noticias","tag-dia-das-criancas","tag-mes-das-criancas","tag-secretaria-de-cultura","tag-secretaria-de-educacao-e-esportes"],"jetpack_featured_media_url":"https:\/\/www.paudalho.pe.gov.br\/portal\/wp-content\/uploads\/2023\/10\/DIA-DAS-CRIANCAS-PAUDALHO.jpg","jetpack_sharing_enabled":true,"jetpack_shortlink":"https:\/\/wp.me\/p98mS2-7Eg","_links":{"self":[{"href":"https:\/\/www.paudalho.pe.gov.br\/portal\/wp-json\/wp\/v2\/posts\/29404","targetHints":{"allow":["GET"]}}],"collection":[{"href":"https:\/\/www.paudalho.pe.gov.br\/portal\/wp-json\/wp\/v2\/posts"}],"about":[{"href":"https:\/\/www.paudalho.pe.gov.br\/portal\/wp-json\/wp\/v2\/types\/post"}],"author":[{"embeddable":true,"href":"https:\/\/www.paudalho.pe.gov.br\/portal\/wp-json\/wp\/v2\/users\/11"}],"replies":[{"embeddable":true,"href":"https:\/\/www.paudalho.pe.gov.br\/portal\/wp-json\/wp\/v2\/comments?post=29404"}],"version-history":[{"count":3,"href":"https:\/\/www.paudalho.pe.gov.br\/portal\/wp-json\/wp\/v2\/posts\/29404\/revisions"}],"predecessor-version":[{"id":29552,"href":"https:\/\/www.paudalho.pe.gov.br\/portal\/wp-json\/wp\/v2\/posts\/29404\/revisions\/29552"}],"wp:featuredmedia":[{"embeddable":true,"href":"https:\/\/www.paudalho.pe.gov.br\/portal\/wp-json\/wp\/v2\/media\/29405"}],"wp:attachment":[{"href":"https:\/\/www.paudalho.pe.gov.br\/portal\/wp-json\/wp\/v2\/media?parent=29404"}],"wp:term":[{"taxonomy":"category","embeddable":true,"href":"https:\/\/www.paudalho.pe.gov.br\/portal\/wp-json\/wp\/v2\/categories?post=29404"},{"taxonomy":"post_tag","embeddable":true,"href":"https:\/\/www.paudalho.pe.gov.br\/portal\/wp-json\/wp\/v2\/tags?post=29404"}],"curies":[{"name":"wp","href":"https:\/\/api.w.org\/{rel}","templated":true}]}}