{"id":29088,"date":"2023-09-19T12:37:37","date_gmt":"2023-09-19T15:37:37","guid":{"rendered":"https:\/\/www.paudalho.pe.gov.br\/portal\/?p=29088"},"modified":"2025-01-08T00:38:30","modified_gmt":"2025-01-08T03:38:30","slug":"confira-os-locais-de-votacao-das-eleicoes-do-conselho-tutelar-em-paudalho","status":"publish","type":"post","link":"https:\/\/www.paudalho.pe.gov.br\/portal\/confira-os-locais-de-votacao-das-eleicoes-do-conselho-tutelar-em-paudalho\/","title":{"rendered":"<strong>Confira os locais de vota\u00e7\u00e3o das elei\u00e7\u00f5es do Conselho Tutelar em Paudalho<\/strong>"},"content":{"rendered":"\n<p>Dia 1\u00ba de outubro ocorre nacionalmente a elei\u00e7\u00e3o para novos membros do Conselho Tutelar. Em Paudalho, 12 candidatos concorrem a cinco vagas, com vota\u00e7\u00f5es realizadas das 8h \u00e0s 17h. Para votar, \u00e9 necess\u00e1rio apresentar t\u00edtulo de eleitor e documento oficial com foto. Cada eleitor pode votar em apenas um candidato.<\/p>\n\n\n\n<p>Os candidatos para novos conselheiros nas elei\u00e7\u00f5es 2023 s\u00e3o: Paulo Matuto (110), Irm\u00e3 Sandra (111), Fabiana de Jean (123), Adriel (144), Irm\u00e3o Leandro (222), Barbara Judith (255),\u00a0 Rozeani Aguiar (Nan\u00e3) (321), Hiago Valentim (333), F\u00e1tima Farias (Professora) (525), Pr. Luis Barroso (555), Chiquinho (777) e Valqu\u00edria de Bugo (800). <\/p>\n\n\n\n<p>A popula\u00e7\u00e3o tamb\u00e9m ir\u00e1 contar com transporte gratuito, disponibilizado pela Prefeitura do Paudalho, para levar os eleitores aos locais de vota\u00e7\u00e3o. Confira abaixo os locais de vota\u00e7\u00e3o e as rotas de transporte.<\/p>\n\n\n\n<p><\/p>\n\n\n\n<p class=\"has-medium-font-size\"><strong>Locais de vota\u00e7\u00e3o para a elei\u00e7\u00e3o do Conselho Tutelar 2024-2028<\/strong>:<\/p>\n\n\n\n<p><strong>Guadalajara &#8211; Col\u00e9gio Municipal de Guadalajara (CMG)&nbsp;<\/strong><\/p>\n\n\n\n<p>Locais de vota\u00e7\u00e3o oficiais absorvidos: Col\u00e9gio Municipal de Guadalajara (CMG), Escola Municipal de Guadalajara (Casar\u00e3o), Escola Municipal Gilda Barbosa, Escola Municipal Alcindo Lacerda (Ch\u00e3 de Capoeira).<\/p>\n\n\n\n<p><strong>Centro &#8211; Col\u00e9gio Municipal do Paudalho (CMP)<\/strong><\/p>\n\n\n\n<p>Locais de vota\u00e7\u00e3o oficiais absorvidos: Col\u00e9gio Municipal Do Paudalho (CMP), Escola Municipal Genilda Martins, Escola Municipal Paulo VI, Escola Municipal Severino Jos\u00e9 Valentim, Escola Municipal Menino Jesus, Col\u00e9gio Municipal Tancredo Neves, EREM Herculano Bandeira.<\/p>\n\n\n\n<p><strong>Vila Asa Branca &#8211; EREM Monsenhor Landelino Barreto Lins<\/strong><\/p>\n\n\n\n<p>Locais de vota\u00e7\u00e3o oficiais absorvidos: EREM Monsenhor Landelino Barreto Lins<\/p>\n\n\n\n<p><strong>Rosarinho &#8211; Escola Municipal Eliza Fidelis&nbsp;<\/strong><\/p>\n\n\n\n<p>Locais de vota\u00e7\u00e3o oficiais absorvidos: Escola Municipal Eliza Fidelis<\/p>\n\n\n\n<p><strong>Alto Dois Irm\u00e3os &#8211; Escola Municipal Manoel da Rosa&nbsp;<\/strong><\/p>\n\n\n\n<p>Locais de vota\u00e7\u00e3o oficiais absorvidos: Escola Municipal Manoel da Rosa, Escola Jo\u00e3o Cavalcanti Petribu, Escola de Refer\u00eancia Confedera\u00e7\u00e3o do Equador<\/p>\n\n\n\n<p><strong>Mussurepe e Pirassirica &#8211; Escola Municipal Sinh\u00f4 Bandeira&nbsp;<\/strong><\/p>\n\n\n\n<p>Locais de vota\u00e7\u00e3o oficiais absorvidos: Escola Municipal Sinh\u00f4 Bandeira, Escola Municipal Severino Mauricio Carneiro da Silva (Pirassirica)<\/p>\n\n\n\n<p><strong>Ch\u00e3 De Cruz &#8211; Escola Municipal Maria de F\u00e1tima&nbsp;<\/strong><\/p>\n\n\n\n<p>Locais de vota\u00e7\u00e3o oficiais absorvidos: Escola Municipal Maria de F\u00e1tima<\/p>\n\n\n\n<p><strong>Loteamento Primavera &#8211; Escola Municipal Prefeito Herculano Bandeira De Melo Filho<\/strong><\/p>\n\n\n\n<p>Locais de vota\u00e7\u00e3o oficiais absorvidos: Escola Municipal Prefeito Herculano Bandeira de Melo Filho, Escola Municipal SAMAP<\/p>\n\n\n\n<p><strong>Ch\u00e3 De Conselho &#8211; Escola Municipal Jos\u00e9 Bonif\u00e1cio&nbsp;<\/strong><\/p>\n\n\n\n<p>Locais de vota\u00e7\u00e3o oficiais absorvidos: Escola Municipal Jos\u00e9 Bonif\u00e1cio<\/p>\n\n\n\n<p><\/p>\n\n\n\n<p class=\"has-medium-font-size\"><strong>Rotas de transporte para os eleitores da elei\u00e7\u00e3o para Conselho Tutelar 2023:<\/strong><\/p>\n\n\n\n<p><strong>Rota 1<\/strong><\/p>\n\n\n\n<p>Centro &#8211; Ch\u00e3 de Camila (Cooperativa Flor de Camila) &#8211; Ch\u00e3 Alegre (PSF) &#8211; Cajueiro Claro (PSF) &#8211; Guadalajara (Col\u00e9gio Municipal de Guadalajara &#8211; CMG, Condom\u00ednio e Campo Piab\u00e3o) &#8211; Centro<\/p>\n\n\n\n<p><strong>Rota 02<\/strong><\/p>\n\n\n\n<p>Centro &#8211; Ch\u00e3 do Ouro (Escola Jos\u00e9 Severino Valentim) &#8211; Santa M\u00f4nica (Bar do Josias) &#8211; Vila Asa Branca (Padaria Sr. Manoel) &#8211; Centro.<\/p>\n\n\n\n<p><strong>Rota 03<\/strong><\/p>\n\n\n\n<p>Centro &#8211; Pirassirica (Escola Maur\u00edcio Carneiro) &#8211; Igrejinha &#8211; Usina (Escola Sinh\u00f4 Bandeira) &#8211; Centro<\/p>\n\n\n\n<p><strong>Rota 04<\/strong><\/p>\n\n\n\n<p>Centro &#8211; Ramos (Escola S\u00e3o Bernardo e Igreja do Ramos) &#8211; Junco (Escola Nova) &#8211; Itabora\u00ed (Escola Desativada) &#8211; Ch\u00e3 do Conselho (Escola Jos\u00e9 Bonif\u00e1cio) &#8211; Centro<\/p>\n\n\n\n<p><\/p>\n","protected":false},"excerpt":{"rendered":"<p>Dia 1\u00ba de outubro ocorre nacionalmente a elei\u00e7\u00e3o para novos membros do Conselho Tutelar. Em Paudalho, 12 candidatos concorrem a cinco vagas, com vota\u00e7\u00f5es realizadas das 8h \u00e0s 17h. Para votar, \u00e9 necess\u00e1rio apresentar t\u00edtulo de eleitor e documento oficial com foto. Cada eleitor pode votar em apenas um candidato. Os candidatos para novos conselheiros [&hellip;]<\/p>\n","protected":false},"author":11,"featured_media":29089,"comment_status":"open","ping_status":"open","sticky":false,"template":"","format":"standard","meta":{"_jetpack_newsletter_access":"","_jetpack_dont_email_post_to_subs":false,"_jetpack_newsletter_tier_id":0,"_jetpack_memberships_contains_paywalled_content":false,"_jetpack_memberships_contains_paid_content":false,"footnotes":""},"categories":[2,1],"tags":[487,1269],"class_list":["post-29088","post","type-post","status-publish","format-standard","has-post-thumbnail","hentry","category-destaque","category-noticias","tag-conselho-tutelar","tag-eleicoes-conselho-tutelar"],"jetpack_featured_media_url":"https:\/\/www.paudalho.pe.gov.br\/portal\/wp-content\/uploads\/2023\/09\/PMP_FEED_INFO_17-1.png","jetpack_sharing_enabled":true,"jetpack_shortlink":"https:\/\/wp.me\/p98mS2-7za","_links":{"self":[{"href":"https:\/\/www.paudalho.pe.gov.br\/portal\/wp-json\/wp\/v2\/posts\/29088","targetHints":{"allow":["GET"]}}],"collection":[{"href":"https:\/\/www.paudalho.pe.gov.br\/portal\/wp-json\/wp\/v2\/posts"}],"about":[{"href":"https:\/\/www.paudalho.pe.gov.br\/portal\/wp-json\/wp\/v2\/types\/post"}],"author":[{"embeddable":true,"href":"https:\/\/www.paudalho.pe.gov.br\/portal\/wp-json\/wp\/v2\/users\/11"}],"replies":[{"embeddable":true,"href":"https:\/\/www.paudalho.pe.gov.br\/portal\/wp-json\/wp\/v2\/comments?post=29088"}],"version-history":[{"count":4,"href":"https:\/\/www.paudalho.pe.gov.br\/portal\/wp-json\/wp\/v2\/posts\/29088\/revisions"}],"predecessor-version":[{"id":29489,"href":"https:\/\/www.paudalho.pe.gov.br\/portal\/wp-json\/wp\/v2\/posts\/29088\/revisions\/29489"}],"wp:featuredmedia":[{"embeddable":true,"href":"https:\/\/www.paudalho.pe.gov.br\/portal\/wp-json\/wp\/v2\/media\/29089"}],"wp:attachment":[{"href":"https:\/\/www.paudalho.pe.gov.br\/portal\/wp-json\/wp\/v2\/media?parent=29088"}],"wp:term":[{"taxonomy":"category","embeddable":true,"href":"https:\/\/www.paudalho.pe.gov.br\/portal\/wp-json\/wp\/v2\/categories?post=29088"},{"taxonomy":"post_tag","embeddable":true,"href":"https:\/\/www.paudalho.pe.gov.br\/portal\/wp-json\/wp\/v2\/tags?post=29088"}],"curies":[{"name":"wp","href":"https:\/\/api.w.org\/{rel}","templated":true}]}}