{"id":2908,"date":"2018-05-07T14:03:37","date_gmt":"2018-05-07T17:03:37","guid":{"rendered":"http:\/\/www.paudalho.pe.gov.br\/portal\/?p=2908"},"modified":"2018-05-07T14:12:12","modified_gmt":"2018-05-07T17:12:12","slug":"escolas-do-municipio-se-destacam-em-premio-da-v-conferencia-nacional-infanto-juvenil-pelo-meio-ambiente","status":"publish","type":"post","link":"https:\/\/www.paudalho.pe.gov.br\/portal\/escolas-do-municipio-se-destacam-em-premio-da-v-conferencia-nacional-infanto-juvenil-pelo-meio-ambiente\/","title":{"rendered":"Escolas do Munic\u00edpio se destacam em pr\u00eamio da V Confer\u00eancia Nacional Infanto-Juvenil Pelo Meio Ambiente"},"content":{"rendered":"<p>A Educa\u00e7\u00e3o em Paudalho vai al\u00e9m das salas de aula. Duas escolas Municipais venceram a primeira fase da Conferencia Estadual Infanto-Juvenil Pelo Meio Ambiente do Minist\u00e9rio da Educa\u00e7\u00e3o (MEC). O evento precede a V Confer\u00eancia Nacional Infanto-Juvenil Pelo Meio Ambiente.<\/p>\n<p>Situada na Zona Rural, a Escola Maria de F\u00e1tima, em Ch\u00e3 de Cruz, se destacou e est\u00e1 participando com as turmas do sexto ao nono ano. Sob a coordena\u00e7\u00e3o dos professores de ci\u00eancia, Rhayany Tammyrys e Washington Hor\u00e1cio, os alunos Amanda Henrique Veiga, Erica Priscila Alves da Silva, Ezequias de Alencarde Serafim, Gabriel Barbosa da silva, Jeniffer Monteiro Marqu\u00eas,Layza Ervelhy Maria de Barros, Luana Arag\u00e3o de Lima,Luana Evellyn Alves da Silva,Lyyedson Omena de Barros, Maiara Gomes da Silva,Marieli Oliveira da Silva, Mateus Leal,Nailton Felix de Freitas, Paulo Levi de Lima Alves, Thiago Ferreira de Souza Barbosa, Wevelly Esteffany Alves da Silva,\u00a0 realizaram um reflorestamento em alguns locais como, por exemplo numa cacimba que fica pr\u00f3xima \u00e0 unidade de ensino. O projeto tem por tema: &#8220;Reflorestamento da mata ciliar dos riachos e c\u00f3rregos de Ch\u00e3 de Cruz&#8221;<em>.<\/em><\/p>\n<p>A Prefeitura do Paudalho ofertou algumas mudas para que o processo ocorresse e segundo um dos coordenadores, o professor Washington Hor\u00e1cio, a iniciativa ser\u00e1 de longo prazo.<em> \u201cOs n\u00edveis dos len\u00e7\u00f3is fre\u00e1ticos, o reaparecimento de riachos, como eu falei, isso \u00e9 algo para longo prazo. Mas, esse pontap\u00e9 inicial, essa iniciativa que n\u00f3s estamos tendo agora \u00e9 para que surta o efeito na popula\u00e7\u00e3o e outras pessoas comecem a plantar mais mudas para que esse reflorestamento cres\u00e7a<\/em>\u201d, disse.<\/p>\n<p>De acordo com uma das coordenadoras, a professora Rhayany Tammyrys, a escolha da escola foi uma grande surpresa. <em>\u201cEm rela\u00e7\u00e3o a termos passado de fase, termos sido selecionados para fase Estadual, todos fomos tomados de grande surpresa, mas estamos extremamente alegres. \u00c9 gratificante para n\u00f3s vermos nossos alunos brilhando e o quanto se empenharam e se esfor\u00e7aram durante o projeto e com certeza vamos dar continuidade a esse grande projeto que est\u00e1 longe de acabar<\/em>\u201d, detalhou.<\/p>\n<div id=\"attachment_2911\" style=\"width: 669px\" class=\"wp-caption alignnone\"><img loading=\"lazy\" decoding=\"async\" aria-describedby=\"caption-attachment-2911\" data-attachment-id=\"2911\" data-permalink=\"https:\/\/www.paudalho.pe.gov.br\/portal\/escolas-do-municipio-se-destacam-em-premio-da-v-conferencia-nacional-infanto-juvenil-pelo-meio-ambiente\/a3184d0c-0396-45dc-ba39-214c20977694\/\" data-orig-file=\"https:\/\/www.paudalho.pe.gov.br\/portal\/wp-content\/uploads\/2018\/05\/a3184d0c-0396-45dc-ba39-214c20977694.jpg\" data-orig-size=\"1040,780\" data-comments-opened=\"1\" data-image-meta=\"{&quot;aperture&quot;:&quot;0&quot;,&quot;credit&quot;:&quot;&quot;,&quot;camera&quot;:&quot;&quot;,&quot;caption&quot;:&quot;&quot;,&quot;created_timestamp&quot;:&quot;0&quot;,&quot;copyright&quot;:&quot;&quot;,&quot;focal_length&quot;:&quot;0&quot;,&quot;iso&quot;:&quot;0&quot;,&quot;shutter_speed&quot;:&quot;0&quot;,&quot;title&quot;:&quot;&quot;,&quot;orientation&quot;:&quot;0&quot;}\" data-image-title=\"a3184d0c-0396-45dc-ba39-214c20977694\" data-image-description=\"\" data-image-caption=\"&lt;p&gt;A aluna, Amanda Henrique Veiga, foi a respons\u00e1vel por defender o projeto. &lt;\/p&gt;\n\" data-medium-file=\"https:\/\/www.paudalho.pe.gov.br\/portal\/wp-content\/uploads\/2018\/05\/a3184d0c-0396-45dc-ba39-214c20977694-350x230.jpg\" data-large-file=\"https:\/\/www.paudalho.pe.gov.br\/portal\/wp-content\/uploads\/2018\/05\/a3184d0c-0396-45dc-ba39-214c20977694-800x450.jpg\" class=\" wp-image-2911\" src=\"http:\/\/www.paudalho.pe.gov.br\/portal\/wp-content\/uploads\/2018\/05\/a3184d0c-0396-45dc-ba39-214c20977694-350x230.jpg\" alt=\"\" width=\"659\" height=\"433\" \/><p id=\"caption-attachment-2911\" class=\"wp-caption-text\">A aluna Amanda Henrique Veiga foi a respons\u00e1vel por defender o projeto.<\/p><\/div>\n<p><a href=\"https:\/\/drive.google.com\/open?id=1dLlucqTQ7EFC57mHNl009rlt-h2O-T-4\"><strong>Confira o projeto na \u00edntegra aqui:<\/strong><\/a><\/p>\n<h2>CMG tamb\u00e9m se destaca<\/h2>\n<p>Mas, os destaques continuam. Outra unidade que venceu a primeira etapa do concurso foi o col\u00e9gio Municipal de Guadalajara (CMG), com o projeto &#8220;\u00c1gua em Foco, Pedra Fundamental de Nossas Vidas\u201d. Turmas do sexto ano ao EJA\u00a0\u00a0 (Educa\u00e7\u00e3o de Jovens e Adultos) conseguiram classificar o CMG para a pr\u00f3xima fase. O projeto na institui\u00e7\u00e3o \u00e9 coordenado pela professora Girleide Feliciano sob a dire\u00e7\u00e3o da coordenadora de ensino, Girlene Fran\u00e7a. Todo os professores se engajaram na iniciativa.<\/p>\n<p>O projeto resultou na confec\u00e7\u00e3o de cartazes e maquetes explicando o processo da \u00e1gua para todos os turnos da unidade de ensino, entre outras a\u00e7\u00f5es. <em>\u201cConfeccionamos cartazes, tamb\u00e9m confeccionamos maquetes que representavam os diversos aspectos da \u00e1gua, como o ciclo da \u00e1gua, o a\u00e7ude que abastece a comunidade de Guadalajara, a Central de Tratamento e o chafariz da comunidade. Realizamos tamb\u00e9m um concurso de poesia e par\u00f3dias, onde os alunos produziram e apresentaram o conte\u00fado a uma comiss\u00e3o julgadora\u201d<\/em>, comentou.<\/p>\n<p><img loading=\"lazy\" decoding=\"async\" data-attachment-id=\"2912\" data-permalink=\"https:\/\/www.paudalho.pe.gov.br\/portal\/escolas-do-municipio-se-destacam-em-premio-da-v-conferencia-nacional-infanto-juvenil-pelo-meio-ambiente\/iiii\/\" data-orig-file=\"https:\/\/www.paudalho.pe.gov.br\/portal\/wp-content\/uploads\/2018\/05\/iiii.jpg\" data-orig-size=\"1280,720\" data-comments-opened=\"1\" data-image-meta=\"{&quot;aperture&quot;:&quot;0&quot;,&quot;credit&quot;:&quot;&quot;,&quot;camera&quot;:&quot;&quot;,&quot;caption&quot;:&quot;&quot;,&quot;created_timestamp&quot;:&quot;0&quot;,&quot;copyright&quot;:&quot;&quot;,&quot;focal_length&quot;:&quot;0&quot;,&quot;iso&quot;:&quot;0&quot;,&quot;shutter_speed&quot;:&quot;0&quot;,&quot;title&quot;:&quot;&quot;,&quot;orientation&quot;:&quot;0&quot;}\" data-image-title=\"iiii\" data-image-description=\"\" data-image-caption=\"\" data-medium-file=\"https:\/\/www.paudalho.pe.gov.br\/portal\/wp-content\/uploads\/2018\/05\/iiii-350x230.jpg\" data-large-file=\"https:\/\/www.paudalho.pe.gov.br\/portal\/wp-content\/uploads\/2018\/05\/iiii-800x450.jpg\" class=\"alignnone wp-image-2912\" src=\"http:\/\/www.paudalho.pe.gov.br\/portal\/wp-content\/uploads\/2018\/05\/iiii-350x230.jpg\" alt=\"\" width=\"650\" height=\"427\" \/><\/p>\n<div id=\"attachment_2914\" style=\"width: 660px\" class=\"wp-caption alignnone\"><img loading=\"lazy\" decoding=\"async\" aria-describedby=\"caption-attachment-2914\" data-attachment-id=\"2914\" data-permalink=\"https:\/\/www.paudalho.pe.gov.br\/portal\/escolas-do-municipio-se-destacam-em-premio-da-v-conferencia-nacional-infanto-juvenil-pelo-meio-ambiente\/oo\/\" data-orig-file=\"https:\/\/www.paudalho.pe.gov.br\/portal\/wp-content\/uploads\/2018\/05\/oo.jpg\" data-orig-size=\"1032,774\" data-comments-opened=\"1\" data-image-meta=\"{&quot;aperture&quot;:&quot;0&quot;,&quot;credit&quot;:&quot;&quot;,&quot;camera&quot;:&quot;&quot;,&quot;caption&quot;:&quot;&quot;,&quot;created_timestamp&quot;:&quot;0&quot;,&quot;copyright&quot;:&quot;&quot;,&quot;focal_length&quot;:&quot;0&quot;,&quot;iso&quot;:&quot;0&quot;,&quot;shutter_speed&quot;:&quot;0&quot;,&quot;title&quot;:&quot;&quot;,&quot;orientation&quot;:&quot;0&quot;}\" data-image-title=\"\" data-image-description=\"\" data-image-caption=\"&lt;p&gt;Sele\u00e7\u00e3o do Concurso de Poesias e par\u00f3dias&lt;\/p&gt;\n\" data-medium-file=\"https:\/\/www.paudalho.pe.gov.br\/portal\/wp-content\/uploads\/2018\/05\/oo-350x230.jpg\" data-large-file=\"https:\/\/www.paudalho.pe.gov.br\/portal\/wp-content\/uploads\/2018\/05\/oo-800x450.jpg\" class=\" wp-image-2914\" src=\"http:\/\/www.paudalho.pe.gov.br\/portal\/wp-content\/uploads\/2018\/05\/oo-350x230.jpg\" alt=\"\" width=\"650\" height=\"427\" \/><p id=\"caption-attachment-2914\" class=\"wp-caption-text\">Sele\u00e7\u00e3o do Concurso de Poesias e par\u00f3dias<\/p><\/div>\n<h2>Projeto resultou em parceria<\/h2>\n<p>Ao saber do projeto, O Laborat\u00f3rio MR Ambiental assumiu com a escola um compromisso e analisou o a\u00e7ude que abastece a comunidade.\u00a0 Ao receber a not\u00edcia da classifica\u00e7\u00e3o, professores e alunos n\u00e3o puderam conter a alegria. <em>\u201cNossa felicidade ficou completa justamente porque o projeto que n\u00f3s montamos foi um projeto que n\u00f3s n\u00e3o poder\u00edamos arcar com o custo. E justamente conseguimos a classifica\u00e7\u00e3o em cima de um projeto que foi custo zero para a escola\u201d,<\/em> explicou a coordenadora.<\/p>\n<div id=\"attachment_2913\" style=\"width: 660px\" class=\"wp-caption alignnone\"><img loading=\"lazy\" decoding=\"async\" aria-describedby=\"caption-attachment-2913\" data-attachment-id=\"2913\" data-permalink=\"https:\/\/www.paudalho.pe.gov.br\/portal\/escolas-do-municipio-se-destacam-em-premio-da-v-conferencia-nacional-infanto-juvenil-pelo-meio-ambiente\/trtrtrt\/\" data-orig-file=\"https:\/\/www.paudalho.pe.gov.br\/portal\/wp-content\/uploads\/2018\/05\/trtrtrt.jpg\" data-orig-size=\"1280,960\" data-comments-opened=\"1\" data-image-meta=\"{&quot;aperture&quot;:&quot;0&quot;,&quot;credit&quot;:&quot;&quot;,&quot;camera&quot;:&quot;&quot;,&quot;caption&quot;:&quot;&quot;,&quot;created_timestamp&quot;:&quot;0&quot;,&quot;copyright&quot;:&quot;&quot;,&quot;focal_length&quot;:&quot;0&quot;,&quot;iso&quot;:&quot;0&quot;,&quot;shutter_speed&quot;:&quot;0&quot;,&quot;title&quot;:&quot;&quot;,&quot;orientation&quot;:&quot;0&quot;}\" data-image-title=\"trtrtrt\" data-image-description=\"\" data-image-caption=\"\" data-medium-file=\"https:\/\/www.paudalho.pe.gov.br\/portal\/wp-content\/uploads\/2018\/05\/trtrtrt-350x230.jpg\" data-large-file=\"https:\/\/www.paudalho.pe.gov.br\/portal\/wp-content\/uploads\/2018\/05\/trtrtrt-800x450.jpg\" class=\"wp-image-2913\" src=\"http:\/\/www.paudalho.pe.gov.br\/portal\/wp-content\/uploads\/2018\/05\/trtrtrt-350x230.jpg\" alt=\"\" width=\"650\" height=\"427\" \/><p id=\"caption-attachment-2913\" class=\"wp-caption-text\">Coleta de Amostra de \u00e1gua no A\u00e7ude que abastece a comunidade<\/p><\/div>\n<p><a href=\"https:\/\/drive.google.com\/open?id=1V7g9x2gwURyN47YeYoMeHPZcsdSoSiSp\">Confira o projeto na \u00edntegra aqui:<\/a><\/p>\n<h2>Pr\u00f3xima etapa<\/h2>\n<p>Entre esta segunda-feira (7) e a quarta-feira (9), ocorre mais uma etapa da Confer\u00eancia no Hotel Forte Orange, na Ilha de Itamarac\u00e1. Uma comiss\u00e3o julgadora vai revelar as 17 escolas que ser\u00e3o selecionadas para competir a grande final, em Bras\u00edlia. O evento no Distrito Federal ser\u00e1 realizado de 15 \u00e1 19 de junho de 2018. Vale lembrar que, ao todo, 420 projetos foram inscritos entre escolas estaduais, municipais e particulares de Pernambuco. \u00c9 Paudalho sendo orgulho na educa\u00e7\u00e3o no nosso Estado.<em>\u00a0<\/em><\/p>\n","protected":false},"excerpt":{"rendered":"<p>A Educa\u00e7\u00e3o em Paudalho vai al\u00e9m das salas de aula. Duas escolas Municipais venceram a primeira fase da Conferencia Estadual Infanto-Juvenil Pelo Meio Ambiente do Minist\u00e9rio da Educa\u00e7\u00e3o (MEC). O evento precede a V Confer\u00eancia Nacional Infanto-Juvenil Pelo Meio Ambiente. Situada na Zona Rural, a Escola Maria de F\u00e1tima, em Ch\u00e3 de Cruz, se destacou [&hellip;]<\/p>\n","protected":false},"author":4,"featured_media":2918,"comment_status":"open","ping_status":"open","sticky":false,"template":"","format":"standard","meta":{"_jetpack_newsletter_access":"","_jetpack_dont_email_post_to_subs":false,"_jetpack_newsletter_tier_id":0,"_jetpack_memberships_contains_paywalled_content":false,"_jetpack_memberships_contains_paid_content":false,"footnotes":""},"categories":[2,4],"tags":[304,106],"class_list":["post-2908","post","type-post","status-publish","format-standard","has-post-thumbnail","hentry","category-destaque","category-educacao","tag-conferencia-nacional-infanto-juvenil-pelo-meio-ambiente","tag-secretaria-de-educacao"],"jetpack_featured_media_url":"https:\/\/www.paudalho.pe.gov.br\/portal\/wp-content\/uploads\/2018\/05\/aa5d97bb-9b54-4c50-b3d9-1bb8ceccb1c3.jpg","jetpack_sharing_enabled":true,"jetpack_shortlink":"https:\/\/wp.me\/p98mS2-KU","_links":{"self":[{"href":"https:\/\/www.paudalho.pe.gov.br\/portal\/wp-json\/wp\/v2\/posts\/2908","targetHints":{"allow":["GET"]}}],"collection":[{"href":"https:\/\/www.paudalho.pe.gov.br\/portal\/wp-json\/wp\/v2\/posts"}],"about":[{"href":"https:\/\/www.paudalho.pe.gov.br\/portal\/wp-json\/wp\/v2\/types\/post"}],"author":[{"embeddable":true,"href":"https:\/\/www.paudalho.pe.gov.br\/portal\/wp-json\/wp\/v2\/users\/4"}],"replies":[{"embeddable":true,"href":"https:\/\/www.paudalho.pe.gov.br\/portal\/wp-json\/wp\/v2\/comments?post=2908"}],"version-history":[{"count":9,"href":"https:\/\/www.paudalho.pe.gov.br\/portal\/wp-json\/wp\/v2\/posts\/2908\/revisions"}],"predecessor-version":[{"id":2924,"href":"https:\/\/www.paudalho.pe.gov.br\/portal\/wp-json\/wp\/v2\/posts\/2908\/revisions\/2924"}],"wp:featuredmedia":[{"embeddable":true,"href":"https:\/\/www.paudalho.pe.gov.br\/portal\/wp-json\/wp\/v2\/media\/2918"}],"wp:attachment":[{"href":"https:\/\/www.paudalho.pe.gov.br\/portal\/wp-json\/wp\/v2\/media?parent=2908"}],"wp:term":[{"taxonomy":"category","embeddable":true,"href":"https:\/\/www.paudalho.pe.gov.br\/portal\/wp-json\/wp\/v2\/categories?post=2908"},{"taxonomy":"post_tag","embeddable":true,"href":"https:\/\/www.paudalho.pe.gov.br\/portal\/wp-json\/wp\/v2\/tags?post=2908"}],"curies":[{"name":"wp","href":"https:\/\/api.w.org\/{rel}","templated":true}]}}