{"id":28999,"date":"2023-09-18T13:25:06","date_gmt":"2023-09-18T16:25:06","guid":{"rendered":"https:\/\/www.paudalho.pe.gov.br\/portal\/?p=28999"},"modified":"2023-09-18T13:25:06","modified_gmt":"2023-09-18T16:25:06","slug":"comdica-divulga-edital-de-convocacao-dos-eleitores-de-paudalho-para-votar-no-processo-de-escolha-dos-membros-do-conselho-tutelar","status":"publish","type":"post","link":"https:\/\/www.paudalho.pe.gov.br\/portal\/comdica-divulga-edital-de-convocacao-dos-eleitores-de-paudalho-para-votar-no-processo-de-escolha-dos-membros-do-conselho-tutelar\/","title":{"rendered":"COMDICA divulga Edital de convoca\u00e7\u00e3o dos eleitores de Paudalho para votar no processo de escolha dos membros do Conselho Tutelar"},"content":{"rendered":"\n<p>A Prefeitura do Paudalho, por meio do Conselho Municipal de Defesa dos Direitos da Crian\u00e7a e do Adolescente do Paudalho (COMDICA), atrav\u00e9s da Comiss\u00e3o Especial Eleitoral, divulga Edital de convoca\u00e7\u00e3o dos eleitores do Munic\u00edpio de Paudalho para votar no processo de escolha dos membros do Conselho Tutelar do quadri\u00eanio 2024\/2028.<\/p>\n\n\n\n<p>A elei\u00e7\u00e3o ser\u00e1 realizada no dia 1\u00ba de Outubro, das 8h \u00e0s 17h, em diversos pontos de vota\u00e7\u00e3o do munic\u00edpio, englobando as comunidades do Centro, Guadalajara, Vila Asa Branca, Rosarinho, Alto Dois Irm\u00e3os, Mussurepe, Pirassirica, Ch\u00e3 de Cruz, Loteamento Primavera e Ch\u00e3 de Conselho. <\/p>\n\n\n\n<p>O voto \u00e9 facultativo, sendo permitido votar em apenas um candidato. Para votar em um dos 12 candidatos, o eleitor precisa ser de Paudalho, e apresentar documento oficial com foto e t\u00edtulo de eleitor.<\/p>\n\n\n\n<p>Confira o Edital n. 02\/2023 Convoca\u00e7\u00e3o dos eleitores e o local de vota\u00e7\u00e3o<\/p>\n\n\n\n<div data-wp-interactive=\"core\/file\" class=\"wp-block-file\"><object data-wp-bind--hidden=\"!state.hasPdfPreview\" hidden class=\"wp-block-file__embed\" data=\"https:\/\/www.paudalho.pe.gov.br\/portal\/wp-content\/uploads\/2023\/09\/EDITAL-02.2023-CONVOCACAO-DO-ELEITORADO.pdf\" type=\"application\/pdf\" style=\"width:100%;height:600px\" aria-label=\"Incorporado de EDITAL-02.2023-CONVOCACAO-DO-ELEITORADO.\"><\/object><a id=\"wp-block-file--media-00e0de97-7aba-4226-9a34-230bcccb461c\" href=\"https:\/\/www.paudalho.pe.gov.br\/portal\/wp-content\/uploads\/2023\/09\/EDITAL-02.2023-CONVOCACAO-DO-ELEITORADO.pdf\">EDITAL-02.2023-CONVOCACAO-DO-ELEITORADO<\/a><a href=\"https:\/\/www.paudalho.pe.gov.br\/portal\/wp-content\/uploads\/2023\/09\/EDITAL-02.2023-CONVOCACAO-DO-ELEITORADO.pdf\" class=\"wp-block-file__button wp-element-button\" download aria-describedby=\"wp-block-file--media-00e0de97-7aba-4226-9a34-230bcccb461c\">Baixar<\/a><\/div>\n\n\n\n<div data-wp-interactive=\"core\/file\" class=\"wp-block-file\"><object data-wp-bind--hidden=\"!state.hasPdfPreview\" hidden class=\"wp-block-file__embed\" data=\"https:\/\/www.paudalho.pe.gov.br\/portal\/wp-content\/uploads\/2023\/09\/LOCAIS-DE-VOTACAO-SALAS-SECOES-1.pdf\" type=\"application\/pdf\" style=\"width:100%;height:600px\" aria-label=\"Incorporado de LOCAIS-DE-VOTACAO-SALAS-SECOES-1.\"><\/object><a id=\"wp-block-file--media-cb29dd0d-98a0-45fa-b949-13c76329386d\" href=\"https:\/\/www.paudalho.pe.gov.br\/portal\/wp-content\/uploads\/2023\/09\/LOCAIS-DE-VOTACAO-SALAS-SECOES-1.pdf\">LOCAIS-DE-VOTACAO-SALAS-SECOES-1<\/a><a href=\"https:\/\/www.paudalho.pe.gov.br\/portal\/wp-content\/uploads\/2023\/09\/LOCAIS-DE-VOTACAO-SALAS-SECOES-1.pdf\" class=\"wp-block-file__button wp-element-button\" download aria-describedby=\"wp-block-file--media-cb29dd0d-98a0-45fa-b949-13c76329386d\">Baixar<\/a><\/div>\n","protected":false},"excerpt":{"rendered":"<p>A Prefeitura do Paudalho, por meio do Conselho Municipal de Defesa dos Direitos da Crian\u00e7a e do Adolescente do Paudalho (COMDICA), atrav\u00e9s da Comiss\u00e3o Especial Eleitoral, divulga Edital de convoca\u00e7\u00e3o dos eleitores do Munic\u00edpio de Paudalho para votar no processo de escolha dos membros do Conselho Tutelar do quadri\u00eanio 2024\/2028. A elei\u00e7\u00e3o ser\u00e1 realizada no [&hellip;]<\/p>\n","protected":false},"author":10,"featured_media":25757,"comment_status":"open","ping_status":"open","sticky":false,"template":"","format":"standard","meta":{"_jetpack_newsletter_access":"","_jetpack_dont_email_post_to_subs":false,"_jetpack_newsletter_tier_id":0,"_jetpack_memberships_contains_paywalled_content":false,"_jetpack_memberships_contains_paid_content":false,"footnotes":""},"categories":[850,1],"tags":[487,14,22],"class_list":["post-28999","post","type-post","status-publish","format-standard","has-post-thumbnail","hentry","category-assistencia-social","category-noticias","tag-conselho-tutelar","tag-paudalho","tag-prefeitura-do-paudalho"],"jetpack_featured_media_url":"https:\/\/www.paudalho.pe.gov.br\/portal\/wp-content\/uploads\/2023\/06\/H5A8143-scaled.jpg","jetpack_sharing_enabled":true,"jetpack_shortlink":"https:\/\/wp.me\/p98mS2-7xJ","_links":{"self":[{"href":"https:\/\/www.paudalho.pe.gov.br\/portal\/wp-json\/wp\/v2\/posts\/28999","targetHints":{"allow":["GET"]}}],"collection":[{"href":"https:\/\/www.paudalho.pe.gov.br\/portal\/wp-json\/wp\/v2\/posts"}],"about":[{"href":"https:\/\/www.paudalho.pe.gov.br\/portal\/wp-json\/wp\/v2\/types\/post"}],"author":[{"embeddable":true,"href":"https:\/\/www.paudalho.pe.gov.br\/portal\/wp-json\/wp\/v2\/users\/10"}],"replies":[{"embeddable":true,"href":"https:\/\/www.paudalho.pe.gov.br\/portal\/wp-json\/wp\/v2\/comments?post=28999"}],"version-history":[{"count":1,"href":"https:\/\/www.paudalho.pe.gov.br\/portal\/wp-json\/wp\/v2\/posts\/28999\/revisions"}],"predecessor-version":[{"id":29003,"href":"https:\/\/www.paudalho.pe.gov.br\/portal\/wp-json\/wp\/v2\/posts\/28999\/revisions\/29003"}],"wp:featuredmedia":[{"embeddable":true,"href":"https:\/\/www.paudalho.pe.gov.br\/portal\/wp-json\/wp\/v2\/media\/25757"}],"wp:attachment":[{"href":"https:\/\/www.paudalho.pe.gov.br\/portal\/wp-json\/wp\/v2\/media?parent=28999"}],"wp:term":[{"taxonomy":"category","embeddable":true,"href":"https:\/\/www.paudalho.pe.gov.br\/portal\/wp-json\/wp\/v2\/categories?post=28999"},{"taxonomy":"post_tag","embeddable":true,"href":"https:\/\/www.paudalho.pe.gov.br\/portal\/wp-json\/wp\/v2\/tags?post=28999"}],"curies":[{"name":"wp","href":"https:\/\/api.w.org\/{rel}","templated":true}]}}