{"id":28994,"date":"2023-09-15T15:07:00","date_gmt":"2023-09-15T18:07:00","guid":{"rendered":"https:\/\/www.paudalho.pe.gov.br\/portal\/?p=28994"},"modified":"2025-01-08T00:38:30","modified_gmt":"2025-01-08T03:38:30","slug":"divulgado-edital-de-convocacao-da-assembleia-de-eleicao-dos-representantes-da-sociedade-civil-no-conselho-municipal-de-politicas-publicas-de-juventude","status":"publish","type":"post","link":"https:\/\/www.paudalho.pe.gov.br\/portal\/divulgado-edital-de-convocacao-da-assembleia-de-eleicao-dos-representantes-da-sociedade-civil-no-conselho-municipal-de-politicas-publicas-de-juventude\/","title":{"rendered":"Divulgado Edital de convoca\u00e7\u00e3o da Assembleia de Elei\u00e7\u00e3o dos representantes da Sociedade Civil no Conselho Municipal de Pol\u00edticas P\u00fablicas de Juventude"},"content":{"rendered":"\n<p>A Prefeitura do Paudalho, por meio da Secretaria de Cultura, Turismo, Lazer e Juventude, divulgou nesta sexta-feira (15) o Edital de Chamamento da Assembleia de Elei\u00e7\u00e3o dos representantes da Sociedade Civil no Conselho Municipal de Pol\u00edticas P\u00fablicas de Juventude (CMJP), para o bi\u00eanio 2023\/2025. As inscri\u00e7\u00e3o de novas candidaturas est\u00e3o abertas at\u00e9 20 de setembro, pessoalmente na sede da Pasta, localizada na Pra\u00e7a Joaquim Nabuco, Centro, das 9h \u00e0s 16h. Os interessados devem preencher o formul\u00e1rio de inscri\u00e7\u00e3o no link: <a href=\"https:\/\/docs.google.com\/forms\/d\/e\/1FAIpQLSe-HAiEU4I_wtv-jGkDok7l3kEOsoVcyifGp6BTp4njG5Ho_Q\/viewform\">https:\/\/docs.google.com\/forms\/d\/e\/1FAIpQLSe-HAiEU4I_wtv-jGkDok7l3kEOsoVcyifGp6BTp4njG5Ho_Q\/viewform<\/a>.<\/p>\n\n\n\n<p>Poder\u00e3o participar do processo eleitoral na condi\u00e7\u00e3o de candidato a Conselheiro, pessoa que atue na \u00e1rea de juventude interessada em participar da pol\u00edtica p\u00fablica de juventude de Paudalho, desde que possua e comprove atua\u00e7\u00e3o na \u00e1rea, com idade igual ou superior a 15 anos residente, h\u00e1 pelos menos dois anos ininterruptos no munic\u00edpio at\u00e9 a data da elei\u00e7\u00e3o. Ser\u00e1 considerado como existente para fins de participa\u00e7\u00e3o no CMPJ, o segmento ou entidade em regular funcionamento no munic\u00edpio h\u00e1, pelo menos dois anos devidamente comprovados. \u00c9 poss\u00edvel se candidatar para os seguintes segmentos: Movimento Estudantil, Art\u00edstico Cultural, Religioso, Rural, Popula\u00e7\u00f5es Tradicionais, Feminino, Esporte e Lazer e Ponto de Cultura atuantes no munic\u00edpio.<\/p>\n\n\n\n<p>Para se cadastrar \u00e9 necess\u00e1rio apresentar o formul\u00e1rio de inscri\u00e7\u00e3o preenchido, c\u00f3pia do comprovante de resid\u00eancia, c\u00f3pia do documento de identidade oficial com foto, hist\u00f3rico de atua\u00e7\u00e3o na \u00e1rea de juventude, comprovantes de atua\u00e7\u00e3o na \u00e1rea da juventude h\u00e1 pelo menos dois anos, declara\u00e7\u00e3o de que n\u00e3o exerce cargo eletivo ou cargo comissionado, fun\u00e7\u00e3o gratificada ou possui qualquer v\u00ednculo com o Poder P\u00fablico Municipal do Paudalho e fotografia digital para compor a c\u00e9dula eleitoral (em caso de Pessoa Jur\u00eddica, a fotografia ser\u00e1 a logo oficial).<\/p>\n\n\n\n<p><strong>Edital de Chamamento da Assembleia de Elei\u00e7\u00e3o dos representantes da Sociedade Civil no Conselho Municipal de Pol\u00edticas P\u00fablicas de Juventude (CMJP) completo:<\/strong><\/p>\n\n\n\n<div data-wp-interactive=\"core\/file\" class=\"wp-block-file\"><object data-wp-bind--hidden=\"!state.hasPdfPreview\" hidden class=\"wp-block-file__embed\" data=\"https:\/\/www.paudalho.pe.gov.br\/portal\/wp-content\/uploads\/2023\/09\/EDITAL-DE-CHAMAMENTO-JUVENTUDE-OK-15.09-PDF.pdf\" type=\"application\/pdf\" style=\"width:100%;height:600px\" aria-label=\"Incorporado de EDITAL-DE-CHAMAMENTO-JUVENTUDE-OK-15.09-PDF.\"><\/object><a id=\"wp-block-file--media-41d104a9-6036-4d7e-b41d-adb474d77f84\" href=\"https:\/\/www.paudalho.pe.gov.br\/portal\/wp-content\/uploads\/2023\/09\/EDITAL-DE-CHAMAMENTO-JUVENTUDE-OK-15.09-PDF.pdf\">EDITAL-DE-CHAMAMENTO-JUVENTUDE-OK-15.09-PDF<\/a><a href=\"https:\/\/www.paudalho.pe.gov.br\/portal\/wp-content\/uploads\/2023\/09\/EDITAL-DE-CHAMAMENTO-JUVENTUDE-OK-15.09-PDF.pdf\" class=\"wp-block-file__button wp-element-button\" download aria-describedby=\"wp-block-file--media-41d104a9-6036-4d7e-b41d-adb474d77f84\">Baixar<\/a><\/div>\n\n\n\n<p><\/p>\n","protected":false},"excerpt":{"rendered":"<p>A Prefeitura do Paudalho, por meio da Secretaria de Cultura, Turismo, Lazer e Juventude, divulgou nesta sexta-feira (15) o Edital de Chamamento da Assembleia de Elei\u00e7\u00e3o dos representantes da Sociedade Civil no Conselho Municipal de Pol\u00edticas P\u00fablicas de Juventude (CMJP), para o bi\u00eanio 2023\/2025. As inscri\u00e7\u00e3o de novas candidaturas est\u00e3o abertas at\u00e9 20 de setembro, [&hellip;]<\/p>\n","protected":false},"author":11,"featured_media":25757,"comment_status":"open","ping_status":"open","sticky":false,"template":"","format":"standard","meta":{"_jetpack_newsletter_access":"","_jetpack_dont_email_post_to_subs":false,"_jetpack_newsletter_tier_id":0,"_jetpack_memberships_contains_paywalled_content":false,"_jetpack_memberships_contains_paid_content":false,"footnotes":""},"categories":[1184,2,793,1],"tags":[1266,1267,697,1265,238],"class_list":["post-28994","post","type-post","status-publish","format-standard","has-post-thumbnail","hentry","category-cultura-2","category-destaque","category-juventudes","category-noticias","tag-cmjp","tag-conselho-municipal-de-politicas-publicas-de-juventude","tag-edital","tag-edital-de-chamamento-da-assembleia-de-eleicao-dos-representantes-da-sociedade-civil-no-conselho-municipal-de-politicas-publicas-de-juventude","tag-secretaria-de-cultura-e-turismo"],"jetpack_featured_media_url":"https:\/\/www.paudalho.pe.gov.br\/portal\/wp-content\/uploads\/2023\/06\/H5A8143-scaled.jpg","jetpack_sharing_enabled":true,"jetpack_shortlink":"https:\/\/wp.me\/p98mS2-7xE","_links":{"self":[{"href":"https:\/\/www.paudalho.pe.gov.br\/portal\/wp-json\/wp\/v2\/posts\/28994","targetHints":{"allow":["GET"]}}],"collection":[{"href":"https:\/\/www.paudalho.pe.gov.br\/portal\/wp-json\/wp\/v2\/posts"}],"about":[{"href":"https:\/\/www.paudalho.pe.gov.br\/portal\/wp-json\/wp\/v2\/types\/post"}],"author":[{"embeddable":true,"href":"https:\/\/www.paudalho.pe.gov.br\/portal\/wp-json\/wp\/v2\/users\/11"}],"replies":[{"embeddable":true,"href":"https:\/\/www.paudalho.pe.gov.br\/portal\/wp-json\/wp\/v2\/comments?post=28994"}],"version-history":[{"count":3,"href":"https:\/\/www.paudalho.pe.gov.br\/portal\/wp-json\/wp\/v2\/posts\/28994\/revisions"}],"predecessor-version":[{"id":28998,"href":"https:\/\/www.paudalho.pe.gov.br\/portal\/wp-json\/wp\/v2\/posts\/28994\/revisions\/28998"}],"wp:featuredmedia":[{"embeddable":true,"href":"https:\/\/www.paudalho.pe.gov.br\/portal\/wp-json\/wp\/v2\/media\/25757"}],"wp:attachment":[{"href":"https:\/\/www.paudalho.pe.gov.br\/portal\/wp-json\/wp\/v2\/media?parent=28994"}],"wp:term":[{"taxonomy":"category","embeddable":true,"href":"https:\/\/www.paudalho.pe.gov.br\/portal\/wp-json\/wp\/v2\/categories?post=28994"},{"taxonomy":"post_tag","embeddable":true,"href":"https:\/\/www.paudalho.pe.gov.br\/portal\/wp-json\/wp\/v2\/tags?post=28994"}],"curies":[{"name":"wp","href":"https:\/\/api.w.org\/{rel}","templated":true}]}}