{"id":28990,"date":"2023-09-17T22:26:28","date_gmt":"2023-09-18T01:26:28","guid":{"rendered":"https:\/\/www.paudalho.pe.gov.br\/portal\/?p=28990"},"modified":"2025-01-08T00:38:30","modified_gmt":"2025-01-08T03:38:30","slug":"divulgada-programacao-da-3a-semana-do-turismo-de-paudalho","status":"publish","type":"post","link":"https:\/\/www.paudalho.pe.gov.br\/portal\/divulgada-programacao-da-3a-semana-do-turismo-de-paudalho\/","title":{"rendered":"Divulgada programa\u00e7\u00e3o da 3\u00aa Semana do Turismo de Paudalho"},"content":{"rendered":"\n<p>A Prefeitura do Paudalho, por meio da Secretaria de Cultura, Turismo, Lazer e Juventude, divulgou a programa\u00e7\u00e3o da 3\u00aa Semana do Turismo de Paudalho, em celebra\u00e7\u00e3o ao Dia Mundial do Turismo, comemorado em 27 de setembro . O evento ocorre nos dias 25 a 29 de setembro, com a realiza\u00e7\u00e3o de capacita\u00e7\u00f5es e trilhas tur\u00edsticas. No cronograma, a Pasta tamb\u00e9m ir\u00e1 lan\u00e7ar o Aplicativo Visit Paudalho, em parceria com a Conecta Neg\u00f3cios, para fomentar o turismo na cidade. Neste ano, ter\u00e1 o tema voltado para os patrim\u00f4nios hist\u00f3ricos do munic\u00edpio.<\/p>\n\n\n\n<p><strong>Confira a programa\u00e7\u00e3o completa:<\/strong><\/p>\n\n\n\n<p><strong>Dia 25\/09 &#8211; Abertura da Semana do Turismo<\/strong><\/p>\n\n\n\n<p>Lan\u00e7amento do Aplicativo do Visit Paudalho com a participa\u00e7\u00e3o do TRADE tur\u00edstico, Conselho Municipal de Turismo, Sindicato de Guias de Turismo de Pernambuco, Imprensa, Poder Legislativo, Secretaria de Cultura, Turismo, Lazer e Juventude<\/p>\n\n\n\n<p>Local: C\u00e2mara Municipal de Vereadores, Centro<\/p>\n\n\n\n<p>Hor\u00e1rio: 14h<\/p>\n\n\n\n<p><strong>Dia 26\/09 &#8211; Capacita\u00e7\u00e3o: Matriz Curricular<\/strong><\/p>\n\n\n\n<p>Qualidade no Atendimento ao Turista (02h\/CH)<\/p>\n\n\n\n<p>Como Atender Pessoas com Defici\u00eancia (02\/CH)<\/p>\n\n\n\n<p>Local: Escola Municipal Genilda Martins, Centro<\/p>\n\n\n\n<p>Hor\u00e1rio: 19h<\/p>\n\n\n\n<p>Vagas limitadas. Inscri\u00e7\u00f5es atrav\u00e9s do link: <a href=\"https:\/\/docs.google.com\/forms\/d\/e\/1FAIpQLSexq_hmFZlEpd7yTWHZZH_tgl5J4JAnqGcWVALaiTow_X0YSg\/viewform\">https:\/\/docs.google.com\/forms\/d\/e\/1FAIpQLSexq_hmFZlEpd7yTWHZZH_tgl5J4JAnqGcWVALaiTow_X0YSg\/viewform<\/a>&nbsp;<\/p>\n\n\n\n<p><strong>Dia 27\/09 &#8211; Capacita\u00e7\u00e3o: Matriz Curricular<\/strong><\/p>\n\n\n\n<p>Educa\u00e7\u00e3o Patrimonial (02\/CH)<\/p>\n\n\n\n<p>Ecoturismo e Educa\u00e7\u00e3o Ambiental (02\/CH)<\/p>\n\n\n\n<p>Local: Sindicato dos Trabalhadores Rurais de Paudalho, Centro<\/p>\n\n\n\n<p>Hor\u00e1rio: 14h<\/p>\n\n\n\n<p>Vagas limitadas. Inscri\u00e7\u00f5es atrav\u00e9s do link: <a href=\"https:\/\/docs.google.com\/forms\/d\/e\/1FAIpQLScYrBtEuFSNLRFCYvMv3S2gKVvCyJDMCosDj-K6EiAbYYc1MA\/viewform\">https:\/\/docs.google.com\/forms\/d\/e\/1FAIpQLScYrBtEuFSNLRFCYvMv3S2gKVvCyJDMCosDj-K6EiAbYYc1MA\/viewform<\/a>&nbsp;<\/p>\n\n\n\n<p><strong>Dia 28\/09 &#8211; Descubra Paudalho<\/strong><\/p>\n\n\n\n<p>Trilha Caminhos da Cachoeira (P\u00fablico Geral)<\/p>\n\n\n\n<p>Sa\u00edda: Pra\u00e7a do Ros\u00e1rio<\/p>\n\n\n\n<p>Hor\u00e1rio: 8h<\/p>\n\n\n\n<p>Vagas limitadas. Inscri\u00e7\u00f5es atrav\u00e9s do link: <a href=\"https:\/\/docs.google.com\/forms\/d\/e\/1FAIpQLSd9iCz1KSJnN-rcHjUT7oApZzQMgrRy1CbyfnWv1wVEthJNKA\/viewform\">https:\/\/docs.google.com\/forms\/d\/e\/1FAIpQLSd9iCz1KSJnN-rcHjUT7oApZzQMgrRy1CbyfnWv1wVEthJNKA\/viewform<\/a>&nbsp;<\/p>\n\n\n\n<p><strong>Dia 29\/09 &#8211; Descubra Paudalho<\/strong><\/p>\n\n\n\n<p>Casar\u00e3o do Or\u00e1 (Antigo Engenho Lavagem)&nbsp; (Parceria com a Casa das Juventudes)<\/p>\n\n\n\n<p>Sa\u00edda: Casa das Juventudes, Alto Dois Irm\u00e3os<\/p>\n\n\n\n<p>Hor\u00e1rio: 8h<\/p>\n\n\n\n<p>Casar\u00e3o do Or\u00e1 (Antigo Engenho Lavagem) (P\u00fablico Geral)<\/p>\n\n\n\n<p>Sa\u00edda: Pra\u00e7a do Ros\u00e1rio<\/p>\n\n\n\n<p>Hor\u00e1rio: 14hVagas limitadas. Inscri\u00e7\u00f5es atrav\u00e9s do link:&nbsp; <a href=\"https:\/\/docs.google.com\/forms\/d\/e\/1FAIpQLSdYbjROpgZqqLhHIo_n-mZdOIKymOngkaG8mkQ2w4jX_olIuQ\/viewform\">https:\/\/docs.google.com\/forms\/d\/e\/1FAIpQLSdYbjROpgZqqLhHIo_n-mZdOIKymOngkaG8mkQ2w4jX_olIuQ\/viewform<\/a><\/p>\n","protected":false},"excerpt":{"rendered":"<p>A Prefeitura do Paudalho, por meio da Secretaria de Cultura, Turismo, Lazer e Juventude, divulgou a programa\u00e7\u00e3o da 3\u00aa Semana do Turismo de Paudalho, em celebra\u00e7\u00e3o ao Dia Mundial do Turismo, comemorado em 27 de setembro . O evento ocorre nos dias 25 a 29 de setembro, com a realiza\u00e7\u00e3o de capacita\u00e7\u00f5es e trilhas tur\u00edsticas. [&hellip;]<\/p>\n","protected":false},"author":11,"featured_media":28991,"comment_status":"open","ping_status":"open","sticky":false,"template":"","format":"standard","meta":{"_jetpack_newsletter_access":"","_jetpack_dont_email_post_to_subs":false,"_jetpack_newsletter_tier_id":0,"_jetpack_memberships_contains_paywalled_content":false,"_jetpack_memberships_contains_paid_content":false,"footnotes":""},"categories":[1184,2,1,800],"tags":[1263,238,1264,524],"class_list":["post-28990","post","type-post","status-publish","format-standard","has-post-thumbnail","hentry","category-cultura-2","category-destaque","category-noticias","category-turismo","tag-3a-semana-do-turismo-de-paudalho","tag-secretaria-de-cultura-e-turismo","tag-semana-do-turismo-de-paudalho","tag-turismo"],"jetpack_featured_media_url":"https:\/\/www.paudalho.pe.gov.br\/portal\/wp-content\/uploads\/2023\/09\/turismo.jpg","jetpack_sharing_enabled":true,"jetpack_shortlink":"https:\/\/wp.me\/p98mS2-7xA","_links":{"self":[{"href":"https:\/\/www.paudalho.pe.gov.br\/portal\/wp-json\/wp\/v2\/posts\/28990","targetHints":{"allow":["GET"]}}],"collection":[{"href":"https:\/\/www.paudalho.pe.gov.br\/portal\/wp-json\/wp\/v2\/posts"}],"about":[{"href":"https:\/\/www.paudalho.pe.gov.br\/portal\/wp-json\/wp\/v2\/types\/post"}],"author":[{"embeddable":true,"href":"https:\/\/www.paudalho.pe.gov.br\/portal\/wp-json\/wp\/v2\/users\/11"}],"replies":[{"embeddable":true,"href":"https:\/\/www.paudalho.pe.gov.br\/portal\/wp-json\/wp\/v2\/comments?post=28990"}],"version-history":[{"count":2,"href":"https:\/\/www.paudalho.pe.gov.br\/portal\/wp-json\/wp\/v2\/posts\/28990\/revisions"}],"predecessor-version":[{"id":28993,"href":"https:\/\/www.paudalho.pe.gov.br\/portal\/wp-json\/wp\/v2\/posts\/28990\/revisions\/28993"}],"wp:featuredmedia":[{"embeddable":true,"href":"https:\/\/www.paudalho.pe.gov.br\/portal\/wp-json\/wp\/v2\/media\/28991"}],"wp:attachment":[{"href":"https:\/\/www.paudalho.pe.gov.br\/portal\/wp-json\/wp\/v2\/media?parent=28990"}],"wp:term":[{"taxonomy":"category","embeddable":true,"href":"https:\/\/www.paudalho.pe.gov.br\/portal\/wp-json\/wp\/v2\/categories?post=28990"},{"taxonomy":"post_tag","embeddable":true,"href":"https:\/\/www.paudalho.pe.gov.br\/portal\/wp-json\/wp\/v2\/tags?post=28990"}],"curies":[{"name":"wp","href":"https:\/\/api.w.org\/{rel}","templated":true}]}}