{"id":2886,"date":"2018-05-02T11:26:34","date_gmt":"2018-05-02T14:26:34","guid":{"rendered":"http:\/\/www.paudalho.pe.gov.br\/portal\/?p=2886"},"modified":"2018-05-02T11:35:41","modified_gmt":"2018-05-02T14:35:41","slug":"coordenadoria-da-mulher-do-paudalho-promove-palestra-de-combate-a-violencia-contra-a-mulher","status":"publish","type":"post","link":"https:\/\/www.paudalho.pe.gov.br\/portal\/coordenadoria-da-mulher-do-paudalho-promove-palestra-de-combate-a-violencia-contra-a-mulher\/","title":{"rendered":"Coordenadoria da Mulher promove palestra de combate \u00e0 viol\u00eancia contra a mulher"},"content":{"rendered":"<p>&nbsp;<\/p>\n<p>De acordo com a Secretaria de Defesa Social (SDS), em 2017, foram registrados 240 casos de assassinatos de mulheres em Pernambuco. J\u00e1 Segundo mat\u00e9ria divulgada pelo Jornal do Commercio, de janeiro at\u00e9 mar\u00e7o de 2018 cerca de 77 mulheres foram assassinadas no Estado. Do total, 17 foram v\u00edtimas de feminic\u00eddio. A situa\u00e7\u00e3o se tornou t\u00e3o comum, que muita das vezes essas mulheres n\u00e3o s\u00e3o reconhecidas, viram parte de um senso e representam apenas alguns dados.<\/p>\n<p>No objetivo de continuar mudando essa realidade no Munic\u00edpio, a Prefeitura do Paudalho por meio da Coordenadoria da Mulher oferece no dia 14 de maio uma palestra com a delegada gestora da Delegacia de Prote\u00e7\u00e3o \u00e0 Mulher (DPMU), Gleide \u00c2ngelo, no Sal\u00e3o Paroquial, que fica no Centro da cidade, a partir das 9h. A entrada \u00e9 gratuita. O evento tem a parceria da Secretaria de Desenvolvimento e Assist\u00eancia Social, Centro de Refer\u00eancia Especializado de Assist\u00eancia Social (CREAS) e a idealiza\u00e7\u00e3o da Secretaria da Mulher de Pernambuco.<\/p>\n<h2><strong>Programa\u00e7\u00e3o<\/strong><\/h2>\n<p>A a\u00e7\u00e3o intitulada &#8220;Caravana DPMU&#8221; tem por tema: &#8220;Mulheres Comandam Seus Pr\u00f3prios Destinos. N\u00e3o Temem Desafios&#8221;. No momento, a delegada Gleide \u00c2ngelo vai ministrar sobre a viol\u00eancia familiar, o feminic\u00eddio e a justi\u00e7a. \u00a0Para a coordenadora da Mulher do Paudalho, Eliana Mac\u00eado, a programa\u00e7\u00e3o tem o objetivo de promover ainda mais o combate \u00e0 viol\u00eancia contra as mulheres na cidade . &#8220;A gente pensou muito nisso at\u00e9 porque a gente percebe que o nosso Munic\u00edpio tem o \u00edndice muito alto dos casos. Ent\u00e3o essa palestra s\u00f3 refor\u00e7a nosso compromisso em mudar essa hist\u00f3ria. N\u00f3s queremos lembrar \u00e0s paudalhenses que elas podem vencer e todas est\u00e3o convidadas para essa momento que ser\u00e1 maravilhoso&#8221;, comentou.<\/p>\n<h2><strong>O que \u00e9 o feminic\u00eddio?<\/strong><\/h2>\n<p>O feminic\u00eddio \u00e9 a express\u00e3o que engloba as diversas viol\u00eancias que podem atingir as mulheres em sociedades marcadas pela desigualdade de poder entre os g\u00eaneros masculino e feminino e por constru\u00e7\u00f5es hist\u00f3ricas, culturais, econ\u00f4micas, pol\u00edticas e sociais discriminat\u00f3rias. \u00c9 a mulher ser morta simplesmente por ser mulher.<\/p>\n<p>&nbsp;<\/p>\n","protected":false},"excerpt":{"rendered":"<p>&nbsp; De acordo com a Secretaria de Defesa Social (SDS), em 2017, foram registrados 240 casos de assassinatos de mulheres em Pernambuco. J\u00e1 Segundo mat\u00e9ria divulgada pelo Jornal do Commercio, de janeiro at\u00e9 mar\u00e7o de 2018 cerca de 77 mulheres foram assassinadas no Estado. Do total, 17 foram v\u00edtimas de feminic\u00eddio. A situa\u00e7\u00e3o se tornou [&hellip;]<\/p>\n","protected":false},"author":4,"featured_media":2891,"comment_status":"open","ping_status":"open","sticky":false,"template":"","format":"standard","meta":{"_jetpack_newsletter_access":"","_jetpack_dont_email_post_to_subs":false,"_jetpack_newsletter_tier_id":0,"_jetpack_memberships_contains_paywalled_content":false,"_jetpack_memberships_contains_paid_content":false,"footnotes":""},"categories":[2,1],"tags":[298,299,300,301,22],"class_list":["post-2886","post","type-post","status-publish","format-standard","has-post-thumbnail","hentry","category-destaque","category-noticias","tag-coordenadoria-da-mulher","tag-gleide-angelo","tag-mulher","tag-palestra","tag-prefeitura-do-paudalho"],"jetpack_featured_media_url":"https:\/\/www.paudalho.pe.gov.br\/portal\/wp-content\/uploads\/2018\/05\/mulher-bonita-risada-0517-1400x800.jpg","jetpack_sharing_enabled":true,"jetpack_shortlink":"https:\/\/wp.me\/p98mS2-Ky","_links":{"self":[{"href":"https:\/\/www.paudalho.pe.gov.br\/portal\/wp-json\/wp\/v2\/posts\/2886","targetHints":{"allow":["GET"]}}],"collection":[{"href":"https:\/\/www.paudalho.pe.gov.br\/portal\/wp-json\/wp\/v2\/posts"}],"about":[{"href":"https:\/\/www.paudalho.pe.gov.br\/portal\/wp-json\/wp\/v2\/types\/post"}],"author":[{"embeddable":true,"href":"https:\/\/www.paudalho.pe.gov.br\/portal\/wp-json\/wp\/v2\/users\/4"}],"replies":[{"embeddable":true,"href":"https:\/\/www.paudalho.pe.gov.br\/portal\/wp-json\/wp\/v2\/comments?post=2886"}],"version-history":[{"count":7,"href":"https:\/\/www.paudalho.pe.gov.br\/portal\/wp-json\/wp\/v2\/posts\/2886\/revisions"}],"predecessor-version":[{"id":2895,"href":"https:\/\/www.paudalho.pe.gov.br\/portal\/wp-json\/wp\/v2\/posts\/2886\/revisions\/2895"}],"wp:featuredmedia":[{"embeddable":true,"href":"https:\/\/www.paudalho.pe.gov.br\/portal\/wp-json\/wp\/v2\/media\/2891"}],"wp:attachment":[{"href":"https:\/\/www.paudalho.pe.gov.br\/portal\/wp-json\/wp\/v2\/media?parent=2886"}],"wp:term":[{"taxonomy":"category","embeddable":true,"href":"https:\/\/www.paudalho.pe.gov.br\/portal\/wp-json\/wp\/v2\/categories?post=2886"},{"taxonomy":"post_tag","embeddable":true,"href":"https:\/\/www.paudalho.pe.gov.br\/portal\/wp-json\/wp\/v2\/tags?post=2886"}],"curies":[{"name":"wp","href":"https:\/\/api.w.org\/{rel}","templated":true}]}}