{"id":2879,"date":"2018-04-30T11:34:44","date_gmt":"2018-04-30T14:34:44","guid":{"rendered":"http:\/\/www.paudalho.pe.gov.br\/portal\/?p=2879"},"modified":"2018-04-30T11:38:07","modified_gmt":"2018-04-30T14:38:07","slug":"paudalho-tem-saude-diz-moradora-satisfeita-com-servicos-ofertados-no-municipio","status":"publish","type":"post","link":"https:\/\/www.paudalho.pe.gov.br\/portal\/paudalho-tem-saude-diz-moradora-satisfeita-com-servicos-ofertados-no-municipio\/","title":{"rendered":"&#8220;Paudalho tem sa\u00fade&#8221;, diz moradora satisfeita com servi\u00e7os ofertados no Munic\u00edpio"},"content":{"rendered":"<p>Eraldo Aguiar de 40 anos, \u00e9 morador do bairro da Asa Branca e frequenta a Unidade B\u00e1sica de Sa\u00fade (UBS) do local. Com sorriso no rosto, o mun\u00edcipe n\u00e3o esconde a alegria de um atendimento de qualidade. <em>\u201cSomos muito bem atendidos na comunidade, tanto pelos m\u00e9dicos quanto pelo dentista. Um trabalho muito bem feito. Paudalho tem sa\u00fade\u201d<\/em><strong><em>,<\/em><\/strong> comentou ele.<\/p>\n<p>Quem \u00e9 respons\u00e1vel por manter o sorrido de Eraldo \u00e9 o dentista Diego Viana. O profissional faz parte de uma das 16 equipes de sa\u00fade bucal que a cidade possui. Compromissado, Diego ressalta a import\u00e2ncia do funcionamento do Sistema \u00danica de Sa\u00fade (SUS). <em>&#8220;Olha eu me sinto muito feliz de trabalhar aqui em Paudalho. Eu sempre digo aos pacientes: vamos tratar desse problema antes que ele se transforme em um &#8220;problem\u00e3o&#8221;. Da\u00ed a import\u00e2ncia da aten\u00e7\u00e3o b\u00e1sica funcionar. O intuito \u00e9 de prevenir. Tudo no objetivo de promover o bem-estar do paudalhense&#8221;<\/em>, explicou.<\/p>\n<div id=\"attachment_2881\" style=\"width: 660px\" class=\"wp-caption alignnone\"><img loading=\"lazy\" decoding=\"async\" aria-describedby=\"caption-attachment-2881\" data-attachment-id=\"2881\" data-permalink=\"https:\/\/www.paudalho.pe.gov.br\/portal\/paudalho-tem-saude-diz-moradora-satisfeita-com-servicos-ofertados-no-municipio\/4b8cad42-126d-4c59-875a-61f122673c54\/\" data-orig-file=\"https:\/\/www.paudalho.pe.gov.br\/portal\/wp-content\/uploads\/2018\/04\/4b8cad42-126d-4c59-875a-61f122673c54.jpg\" data-orig-size=\"1280,853\" data-comments-opened=\"1\" data-image-meta=\"{&quot;aperture&quot;:&quot;0&quot;,&quot;credit&quot;:&quot;&quot;,&quot;camera&quot;:&quot;&quot;,&quot;caption&quot;:&quot;&quot;,&quot;created_timestamp&quot;:&quot;0&quot;,&quot;copyright&quot;:&quot;&quot;,&quot;focal_length&quot;:&quot;0&quot;,&quot;iso&quot;:&quot;0&quot;,&quot;shutter_speed&quot;:&quot;0&quot;,&quot;title&quot;:&quot;&quot;,&quot;orientation&quot;:&quot;0&quot;}\" data-image-title=\"4b8cad42-126d-4c59-875a-61f122673c54\" data-image-description=\"\" data-image-caption=\"\" data-medium-file=\"https:\/\/www.paudalho.pe.gov.br\/portal\/wp-content\/uploads\/2018\/04\/4b8cad42-126d-4c59-875a-61f122673c54-350x230.jpg\" data-large-file=\"https:\/\/www.paudalho.pe.gov.br\/portal\/wp-content\/uploads\/2018\/04\/4b8cad42-126d-4c59-875a-61f122673c54-800x450.jpg\" class=\"wp-image-2881\" src=\"http:\/\/www.paudalho.pe.gov.br\/portal\/wp-content\/uploads\/2018\/04\/4b8cad42-126d-4c59-875a-61f122673c54-350x230.jpg\" alt=\"\" width=\"650\" height=\"427\" \/><p id=\"caption-attachment-2881\" class=\"wp-caption-text\">Isak de Castro\/PMP<\/p><\/div>\n<p>S\u00e3o em m\u00e9dia 15 atendimentos de sa\u00fade bucal de segunda a sexta em todas as unidades da cidade com equipes compostas por dentista, auxiliar e estagi\u00e1rio. Vanessa Dayane \u00e9 m\u00e3e dos pequenos Jos\u00e9 Pedro e Jos\u00e9 Gabriel. Ao chegar em uma das unidades, os filhos dela receberam a vacina\u00e7\u00e3o contra o Influenza. Al\u00e9m desse servi\u00e7o, a moradora do bairro da Asa Branca j\u00e1 recebeu outros na UBS. \u201cEu acho bom o atendimento. Quando a gente marca as coisas, o atendimento \u00e9 r\u00e1pido. Posso dizer que Paudalho tem sa\u00fade&#8221;, linfatizou.<\/p>\n<h2><strong>M\u00e9dicos especialistas<\/strong><\/h2>\n<p>Por semana, quase 600 atendimentos com especialistas s\u00e3o ofertados \u00e0 popula\u00e7\u00e3o do Paudalho no Centro de Especialidades que fica pr\u00f3ximo \u00e0 entrada da cidade. S\u00e3o servi\u00e7os como pediatria, psiquiatria, ginecologia, cardiologia e ainda fonoaudiologia, oftalmologia, ultrassonografia, urologia, entre outros.<\/p>\n<p>As consultas m\u00e9dicas na rede privada podem custar entre R$ 120 e R$ 250. A Estudante de 14 anos, B\u00e1rbara Vit\u00f3ria, foi atendida pelo oftalmologista do munic\u00edpio, Igor Ara\u00fajo, e elogiou o trabalho. \u201cEu achei muito bom porque eu tenho problema na vista e foi muito r\u00e1pido o atendimento. Ele foi atencioso e o mais importante, n\u00e9? Vou enxergar melhor\u201d, disse. Maria Angelina, m\u00e3e da garota, ficou surpresa coma agilidade do processo. \u201cEu moro h\u00e1 mais de 50 anos em Paudalho e fiquei impressionada. A Secretaria de Sa\u00fade marcou, j\u00e1 deu marcadinho, a gente veio na hora certa e eu achei nota 10\u201d, elogiou.<\/p>\n<p>De acordo com a coordenadora da Aten\u00e7\u00e3o Especial do Munic\u00edpio de Paudalho, Riva Karla, a rede ainda atende 130 pessoas no Centro de Aten\u00e7\u00e3o Psicossocial (CAPS), que fica na Pra\u00e7a do Ros\u00e1rio, na regi\u00e3o central do Paudalho.<\/p>\n<h2><strong>Laborat\u00f3rio Municipal<\/strong><\/h2>\n<p>Inaugurado em 23 de maio de 2017, o Laborat\u00f3rio Municipal, situado no bairro do Alto do Hospital, oferta servi\u00e7os laboratoriais de domingo a domingo. S\u00e3o oferecidos mais de 65 tipos de exames como, por exemplo: hemograma completo, glicemia, colesterol, triglicer\u00eddeo, horm\u00f4nios tireoidianos, FSH, LH, Beta-HCG, PSA total e livre, vitamina D, classifica\u00e7\u00e3o sangu\u00ednea, parasitol\u00f3gico de fezes, entre outros.<\/p>\n<p>A unidade tem grande estrutura com sistema de gerenciamento de qualidade e alta tecnologia para a realiza\u00e7\u00e3o dos exames. Com uma equipe composta por seis biom\u00e9dicos, quatro t\u00e9cnicos de laborat\u00f3rio, tr\u00eas recepcionistas e um auxiliar de servi\u00e7os gerais, cerca de 2.300 pessoas recebem atendimento por m\u00eas, somando uma m\u00e9dia de 19 mil exames no per\u00edodo. Por dia, s\u00e3o atendidos de 90 a 120 usu\u00e1rios o que totaliza cerca de 800 a 960 exames realizados.De 2017 at\u00e9 maio de 2018 foram realizados mais de 192 mil exames. Com as obras, o espa\u00e7o ser\u00e1 ampliando e entre as mudan\u00e7as est\u00e1 a constru\u00e7\u00e3o de uma recep\u00e7\u00e3o, sala de coleta e ainda o centro de Imagem.<\/p>\n<div id=\"attachment_2883\" style=\"width: 661px\" class=\"wp-caption alignnone\"><img loading=\"lazy\" decoding=\"async\" aria-describedby=\"caption-attachment-2883\" data-attachment-id=\"2883\" data-permalink=\"https:\/\/www.paudalho.pe.gov.br\/portal\/paudalho-tem-saude-diz-moradora-satisfeita-com-servicos-ofertados-no-municipio\/e7cccad1-d9b3-487a-b89b-b04b3ad0695b-3\/\" data-orig-file=\"https:\/\/www.paudalho.pe.gov.br\/portal\/wp-content\/uploads\/2018\/04\/e7cccad1-d9b3-487a-b89b-b04b3ad0695b.jpg\" data-orig-size=\"1280,853\" data-comments-opened=\"1\" data-image-meta=\"{&quot;aperture&quot;:&quot;0&quot;,&quot;credit&quot;:&quot;&quot;,&quot;camera&quot;:&quot;&quot;,&quot;caption&quot;:&quot;&quot;,&quot;created_timestamp&quot;:&quot;0&quot;,&quot;copyright&quot;:&quot;&quot;,&quot;focal_length&quot;:&quot;0&quot;,&quot;iso&quot;:&quot;0&quot;,&quot;shutter_speed&quot;:&quot;0&quot;,&quot;title&quot;:&quot;&quot;,&quot;orientation&quot;:&quot;0&quot;}\" data-image-title=\"e7cccad1-d9b3-487a-b89b-b04b3ad0695b\" data-image-description=\"\" data-image-caption=\"&lt;p&gt;Isak de Castro\/PMP&lt;\/p&gt;\n\" data-medium-file=\"https:\/\/www.paudalho.pe.gov.br\/portal\/wp-content\/uploads\/2018\/04\/e7cccad1-d9b3-487a-b89b-b04b3ad0695b-350x230.jpg\" data-large-file=\"https:\/\/www.paudalho.pe.gov.br\/portal\/wp-content\/uploads\/2018\/04\/e7cccad1-d9b3-487a-b89b-b04b3ad0695b-800x450.jpg\" class=\" wp-image-2883\" src=\"http:\/\/www.paudalho.pe.gov.br\/portal\/wp-content\/uploads\/2018\/04\/e7cccad1-d9b3-487a-b89b-b04b3ad0695b-350x230.jpg\" alt=\"\" width=\"651\" height=\"427\" \/><p id=\"caption-attachment-2883\" class=\"wp-caption-text\">Isak de Castro\/PMP<\/p><\/div>\n<h2><strong>Centro do Parto Humanizado <\/strong><\/h2>\n<p>Com 99% da estrutura pronta, a Prefeitura do Paudalho anunciou a inaugura\u00e7\u00e3o do Centro de Parto Humanizado que vai permitir \u00e0 paudalhense ter filhos na cidade. A previs\u00e3o da implanta\u00e7\u00e3o do local \u00e9 para os pr\u00f3ximos dias.<\/p>\n<p><strong>Confira o v\u00eddeo:\u00a0<\/strong><\/p>\n<div style=\"width: 1280px;\" class=\"wp-video\"><!--[if lt IE 9]><script>document.createElement('video');<\/script><![endif]-->\n<video class=\"wp-video-shortcode\" id=\"video-2879-1\" width=\"1280\" height=\"720\" preload=\"metadata\" controls=\"controls\"><source type=\"video\/mp4\" src=\"http:\/\/www.paudalho.pe.gov.br\/portal\/wp-content\/uploads\/2018\/04\/WhatsApp-Video-2018-04-26-at-18.13.51.mp4?_=1\" \/><a href=\"http:\/\/www.paudalho.pe.gov.br\/portal\/wp-content\/uploads\/2018\/04\/WhatsApp-Video-2018-04-26-at-18.13.51.mp4\">http:\/\/www.paudalho.pe.gov.br\/portal\/wp-content\/uploads\/2018\/04\/WhatsApp-Video-2018-04-26-at-18.13.51.mp4<\/a><\/video><\/div>\n","protected":false},"excerpt":{"rendered":"<p>Eraldo Aguiar de 40 anos, \u00e9 morador do bairro da Asa Branca e frequenta a Unidade B\u00e1sica de Sa\u00fade (UBS) do local. Com sorriso no rosto, o mun\u00edcipe n\u00e3o esconde a alegria de um atendimento de qualidade. \u201cSomos muito bem atendidos na comunidade, tanto pelos m\u00e9dicos quanto pelo dentista. Um trabalho muito bem feito. Paudalho [&hellip;]<\/p>\n","protected":false},"author":4,"featured_media":2880,"comment_status":"open","ping_status":"open","sticky":false,"template":"","format":"standard","meta":{"_jetpack_newsletter_access":"","_jetpack_dont_email_post_to_subs":false,"_jetpack_newsletter_tier_id":0,"_jetpack_memberships_contains_paywalled_content":false,"_jetpack_memberships_contains_paid_content":false,"footnotes":""},"categories":[2,1,3],"tags":[22,16,168,297],"class_list":["post-2879","post","type-post","status-publish","format-standard","has-post-thumbnail","hentry","category-destaque","category-noticias","category-saude","tag-prefeitura-do-paudalho","tag-saude","tag-secretaria-de-saude","tag-ubs"],"jetpack_featured_media_url":"https:\/\/www.paudalho.pe.gov.br\/portal\/wp-content\/uploads\/2018\/04\/9745a065-fdc9-4469-a212-db1e8e16433b.jpg","jetpack_sharing_enabled":true,"jetpack_shortlink":"https:\/\/wp.me\/p98mS2-Kr","_links":{"self":[{"href":"https:\/\/www.paudalho.pe.gov.br\/portal\/wp-json\/wp\/v2\/posts\/2879","targetHints":{"allow":["GET"]}}],"collection":[{"href":"https:\/\/www.paudalho.pe.gov.br\/portal\/wp-json\/wp\/v2\/posts"}],"about":[{"href":"https:\/\/www.paudalho.pe.gov.br\/portal\/wp-json\/wp\/v2\/types\/post"}],"author":[{"embeddable":true,"href":"https:\/\/www.paudalho.pe.gov.br\/portal\/wp-json\/wp\/v2\/users\/4"}],"replies":[{"embeddable":true,"href":"https:\/\/www.paudalho.pe.gov.br\/portal\/wp-json\/wp\/v2\/comments?post=2879"}],"version-history":[{"count":2,"href":"https:\/\/www.paudalho.pe.gov.br\/portal\/wp-json\/wp\/v2\/posts\/2879\/revisions"}],"predecessor-version":[{"id":2885,"href":"https:\/\/www.paudalho.pe.gov.br\/portal\/wp-json\/wp\/v2\/posts\/2879\/revisions\/2885"}],"wp:featuredmedia":[{"embeddable":true,"href":"https:\/\/www.paudalho.pe.gov.br\/portal\/wp-json\/wp\/v2\/media\/2880"}],"wp:attachment":[{"href":"https:\/\/www.paudalho.pe.gov.br\/portal\/wp-json\/wp\/v2\/media?parent=2879"}],"wp:term":[{"taxonomy":"category","embeddable":true,"href":"https:\/\/www.paudalho.pe.gov.br\/portal\/wp-json\/wp\/v2\/categories?post=2879"},{"taxonomy":"post_tag","embeddable":true,"href":"https:\/\/www.paudalho.pe.gov.br\/portal\/wp-json\/wp\/v2\/tags?post=2879"}],"curies":[{"name":"wp","href":"https:\/\/api.w.org\/{rel}","templated":true}]}}