{"id":28727,"date":"2023-09-12T15:36:58","date_gmt":"2023-09-12T18:36:58","guid":{"rendered":"https:\/\/www.paudalho.pe.gov.br\/portal\/?p=28727"},"modified":"2025-01-08T00:38:30","modified_gmt":"2025-01-08T03:38:30","slug":"paudalho-realiza-o-i-seminario-do-servico-do-familia-acolhedora","status":"publish","type":"post","link":"https:\/\/www.paudalho.pe.gov.br\/portal\/paudalho-realiza-o-i-seminario-do-servico-do-familia-acolhedora\/","title":{"rendered":"Paudalho realiza o I Semin\u00e1rio do Servi\u00e7o do Fam\u00edlia Acolhedora"},"content":{"rendered":"\n<p>Pioneira no estado de Pernambuco na implanta\u00e7\u00e3o do Servi\u00e7o, a Prefeitura do Paudalho, atrav\u00e9s da Secretaria de Desenvolvimento e Assist\u00eancia Social, realiza nesta quarta-feira (13), das 8h \u00e0s 13h, na sede da Academia de Pol\u00edcia Militar do Paudalho, o I Semin\u00e1rio do Servi\u00e7o do Fam\u00edlia Acolhedora. O evento tem inscri\u00e7\u00f5es abertas, gratuitas e online, que podem ser realizadas pelo link <a rel=\"noreferrer noopener\" href=\"https:\/\/forms.gle\/PZiafeaWMaNNUuRH8\" target=\"_blank\">https:\/\/forms.gle\/PZiafeaWMaNNUuRH8<\/a> .<\/p>\n\n\n\n<p>O I Semin\u00e1rio tem como objetivo debater o acolhimento familiar e discutir sobre o papel do sistema judici\u00e1rio, da rede socioassistencial municipal e da sociedade como um todo no desenvolvimento do Servi\u00e7o. A programa\u00e7\u00e3o conta com duas palestras, com os seguintes temas: &#8220;Acolhimento em Fam\u00edlia Acolhedora: Hist\u00f3rico, Benef\u00edcios, Avan\u00e7os e Desafios na Sua Implementa\u00e7\u00e3o&#8221; e \u201cSistema de Justi\u00e7a: Desafios na Implanta\u00e7\u00e3o e Operacionaliza\u00e7\u00e3o do Servi\u00e7o de Acolhimento em Fam\u00edlia Acolhedora\u201d, al\u00e9m de diversos convidados especializados no servi\u00e7o de alta complexidade da Assist\u00eancia Social.<\/p>\n\n\n\n<p>Paudalho foi o primeiro munic\u00edpio de Pernambuco a implantar o Servi\u00e7o do Fam\u00edlia Acolhedora na rede socioassistencial, sendo refer\u00eancia no Servi\u00e7o no estado; al\u00e9m de ser um dos primeiros munic\u00edpios da Mata Norte de Pernambuco a promover um semin\u00e1rio focado estritamente no processo de implanta\u00e7\u00e3o,  desenvolvimento, benef\u00edcios e desafios do Servi\u00e7o do Fam\u00edlia Acolhedora.<\/p>\n\n\n\n<p><strong>CONHECENDO O SERVI\u00c7O<\/strong><\/p>\n\n\n\n<p>Com o lema &#8220;A tempestade passa. A vida continua!&#8221;, o Servi\u00e7o do Fam\u00edlia Acolhedora \u00e9 um servi\u00e7o nacional que tem como objetivo acolher crian\u00e7as e adolescentes que tiveram o seu direito violado e, por ordem judicial, precisaram ser afastadas de sua fam\u00edlia de origem. Com o Servi\u00e7o, a crian\u00e7a ou adolescente ser\u00e1 acolhido e protegido junto a uma fam\u00edlia acolhedora que ter\u00e1 a sua guarda provis\u00f3ria por no m\u00e1ximo um ano e oito meses, at\u00e9 que a mesma seja reintegrada \u00e0 fam\u00edlia de origem, encaminhada para a fam\u00edlia extensa (tios, av\u00f3s biol\u00f3gicos, etc) ou para ado\u00e7\u00e3o. Enquanto a crian\u00e7a ou adolescente est\u00e1 sob a guarda provis\u00f3ria, o Servi\u00e7o do Fam\u00edlia Acolhedora, em trabalho integrado com outros equipamentos da Assist\u00eancia Social e do Poder Judici\u00e1rio, trabalha com a&nbsp; fam\u00edlia de origem visando restaurar o la\u00e7o e v\u00ednculo familiar.<\/p>\n\n\n\n<p><\/p>\n\n\n\n<p><\/p>\n","protected":false},"excerpt":{"rendered":"<p>Pioneira no estado de Pernambuco na implanta\u00e7\u00e3o do Servi\u00e7o, a Prefeitura do Paudalho, atrav\u00e9s da Secretaria de Desenvolvimento e Assist\u00eancia Social, realiza nesta quarta-feira (13), das 8h \u00e0s 13h, na sede da Academia de Pol\u00edcia Militar do Paudalho, o I Semin\u00e1rio do Servi\u00e7o do Fam\u00edlia Acolhedora. O evento tem inscri\u00e7\u00f5es abertas, gratuitas e online, que [&hellip;]<\/p>\n","protected":false},"author":10,"featured_media":28732,"comment_status":"open","ping_status":"open","sticky":false,"template":"","format":"standard","meta":{"_jetpack_newsletter_access":"","_jetpack_dont_email_post_to_subs":false,"_jetpack_newsletter_tier_id":0,"_jetpack_memberships_contains_paywalled_content":false,"_jetpack_memberships_contains_paid_content":false,"footnotes":""},"categories":[850,2,1],"tags":[99,14,22,526],"class_list":["post-28727","post","type-post","status-publish","format-standard","has-post-thumbnail","hentry","category-assistencia-social","category-destaque","category-noticias","tag-assistencia-social","tag-paudalho","tag-prefeitura-do-paudalho","tag-programa-familia-acolhedora"],"jetpack_featured_media_url":"https:\/\/www.paudalho.pe.gov.br\/portal\/wp-content\/uploads\/2023\/09\/H5A7200-scaled.jpg","jetpack_sharing_enabled":true,"jetpack_shortlink":"https:\/\/wp.me\/p98mS2-7tl","_links":{"self":[{"href":"https:\/\/www.paudalho.pe.gov.br\/portal\/wp-json\/wp\/v2\/posts\/28727","targetHints":{"allow":["GET"]}}],"collection":[{"href":"https:\/\/www.paudalho.pe.gov.br\/portal\/wp-json\/wp\/v2\/posts"}],"about":[{"href":"https:\/\/www.paudalho.pe.gov.br\/portal\/wp-json\/wp\/v2\/types\/post"}],"author":[{"embeddable":true,"href":"https:\/\/www.paudalho.pe.gov.br\/portal\/wp-json\/wp\/v2\/users\/10"}],"replies":[{"embeddable":true,"href":"https:\/\/www.paudalho.pe.gov.br\/portal\/wp-json\/wp\/v2\/comments?post=28727"}],"version-history":[{"count":2,"href":"https:\/\/www.paudalho.pe.gov.br\/portal\/wp-json\/wp\/v2\/posts\/28727\/revisions"}],"predecessor-version":[{"id":28734,"href":"https:\/\/www.paudalho.pe.gov.br\/portal\/wp-json\/wp\/v2\/posts\/28727\/revisions\/28734"}],"wp:featuredmedia":[{"embeddable":true,"href":"https:\/\/www.paudalho.pe.gov.br\/portal\/wp-json\/wp\/v2\/media\/28732"}],"wp:attachment":[{"href":"https:\/\/www.paudalho.pe.gov.br\/portal\/wp-json\/wp\/v2\/media?parent=28727"}],"wp:term":[{"taxonomy":"category","embeddable":true,"href":"https:\/\/www.paudalho.pe.gov.br\/portal\/wp-json\/wp\/v2\/categories?post=28727"},{"taxonomy":"post_tag","embeddable":true,"href":"https:\/\/www.paudalho.pe.gov.br\/portal\/wp-json\/wp\/v2\/tags?post=28727"}],"curies":[{"name":"wp","href":"https:\/\/api.w.org\/{rel}","templated":true}]}}