{"id":28565,"date":"2023-08-28T10:38:00","date_gmt":"2023-08-28T13:38:00","guid":{"rendered":"https:\/\/www.paudalho.pe.gov.br\/portal\/?p=28565"},"modified":"2025-01-08T00:38:31","modified_gmt":"2025-01-08T03:38:31","slug":"membros-do-conselho-municipal-de-politica-cultural-do-paudalho-tomam-posse-nesta-sexta-feira-25","status":"publish","type":"post","link":"https:\/\/www.paudalho.pe.gov.br\/portal\/membros-do-conselho-municipal-de-politica-cultural-do-paudalho-tomam-posse-nesta-sexta-feira-25\/","title":{"rendered":"Membros do Conselho Municipal de Pol\u00edtica Cultural do Paudalho tomam posse nesta sexta-feira (25)"},"content":{"rendered":"\n<p>Na \u00faltima sexta-feira (25) a\u00a0Prefeitura do Paudalho, por meio da Secretaria Municipal de Cultura, Esporte, Juventude, Turismo e Lazer, realizou a cerim\u00f4nia de posse do Conselho Municipal de Pol\u00edticas Culturais (CMPC) que ser\u00e3o membros no per\u00edodo de 2023\/2025. O evento ocorreu na Biblioteca Rui Barbosa, Centro de Paudalho. Durante a solenidade, 32 conselheiros tomaram posse, sendo 16 participantes da sociedade Civil e 16 do Poder P\u00fablico.<\/p>\n\n\n\n<p><strong>Confira abaixo a lista com os nomes dos conselheiros membros da sociedade civil:<\/strong><\/p>\n\n\n\n<div class=\"wp-block-columns is-layout-flex wp-container-core-columns-is-layout-9d6595d7 wp-block-columns-is-layout-flex\">\n<div class=\"wp-block-column is-layout-flow wp-block-column-is-layout-flow\" style=\"flex-basis:100%\">\n<figure class=\"wp-block-table is-style-regular\"><table><tbody><tr><td>Renata Evelyn Ferreira de Oliveira<\/td><td> Maracatu<\/td><td>Titular<\/td><\/tr><tr><td>Edilene Beatriz dos Santos Bernardo <\/td><td>Blocos L\u00edricos<\/td><td>Suplente<\/td><\/tr><tr><td>Genildo Gon\u00e7alves da Silva<\/td><td>Dan\u00e7a<\/td><td>Titular<\/td><\/tr><tr><td>Jos\u00e9 Eudes Luiz da Silva <\/td><td>Teatro<\/td><td>Suplente<\/td><\/tr><tr><td>Bruno Henrique Pereira de Amorim<\/td><td>Cultura Popular<\/td><td>Titular<\/td><\/tr><tr><td>Maria Bernadete Guedes de Assis<\/td><td>Clubes Carnavalescos<\/td><td>Suplente<\/td><\/tr><tr><td>Jefferson Mand\u00fa Rangel<\/td><td>Produtores Culturais<\/td><td>Titular<\/td><\/tr><tr><td>Thays Maria de Santana Gomes<\/td><td>Cultura Afro Brasileira<\/td><td>Suplente<\/td><\/tr><tr><td>Elizonete Claudina de Oliveira<\/td><td>Quadrilhas Juninas<\/td><td>Titular<\/td><\/tr><tr><td>Joseane Jos\u00e9 da Silva<\/td><td>Artes\u00e3os<\/td><td>Suplente<\/td><\/tr><tr><td>Deni\u00eare Ribeiro Martins <\/td><td>M\u00fasica<\/td><td>Titular <\/td><\/tr><tr><td>Gian Lucas da Silva Borges<\/td><td>Quadrilhas Juninas<\/td><td>Suplente<\/td><\/tr><tr><td>M\u00e1rio Henrique Ferreira da Silva<\/td><td>Blocos L\u00edricos<\/td><td>Titular<\/td><\/tr><tr><td>Geneton Vieira da Cunha Filho<\/td><td>Blocos Carnavalescos<\/td><td>Suplente<\/td><\/tr><tr><td>Tiago Monteiro dos Santos<\/td><td>Blocos Carnavalescos<\/td><td>Titular<\/td><\/tr><tr><td>Simone Maria da Silva<\/td><td>Artes\u00e3os<\/td><td>Suplente<\/td><\/tr><\/tbody><\/table><\/figure>\n<\/div>\n<\/div>\n\n\n\n<p><strong>Confira abaixo a lista com os nomes dos conselheiros membros do poder p\u00fablico:<\/strong><\/p>\n\n\n\n<figure class=\"wp-block-table\"><table><tbody><tr><td>Ana L\u00facia da Silva<\/td><td>Secret\u00e1ria Municipal de Cultura, Turismo, Lazer e Juventude<\/td><td>Titular<\/td><\/tr><tr><td>Levi Martins Ribeiro<\/td><td>Secretaria Municipal de Cultura Turismo, Lazer e Juventude<\/td><td>Suplente<\/td><\/tr><tr><td>Eduardo da Silva Freitas<\/td><td>Secretaria Municipal de Cultura Turismo, Lazer e Juventude<\/td><td>Titular<\/td><\/tr><tr><td>Robson Mendes Bezerra de Negreiros<\/td><td>Secretaria Municipal de Cultura Turismo, Lazer e Juventude<\/td><td>Suplente<\/td><\/tr><tr><td>Edmauro C\u00e9sar Andrade de Lima<\/td><td>Gabinete do Prefeito<\/td><td>Titular<\/td><\/tr><tr><td>Mar\u00edlia Beatriz dos Santos Marinho Gusm\u00e3o<\/td><td>Gabinete do Prefeito<\/td><td>Suplente<\/td><\/tr><tr><td>Andrea Carla Barbosa Vieira<\/td><td>Secretaria Municipal de Administra\u00e7\u00e3o e Finan\u00e7as<\/td><td>Titular<\/td><\/tr><tr><td>Ana Paula Battistela<\/td><td>Secretaria Municipal de Administra\u00e7\u00e3o e Finan\u00e7as<\/td><td>Suplente<\/td><\/tr><tr><td>Teresa Valentim de Aguiar <\/td><td>Secretaria de Desenvolvimento e Assist\u00eancia Social<\/td><td>Titular<\/td><\/tr><tr><td>Jos\u00e9 Denis de Oliveira<\/td><td>Secretaria de Desenvolvimento e Assist\u00eancia Social<\/td><td>Suplente<\/td><\/tr><tr><td>Alesandro Santos Cavalcante<\/td><td>Secretaria Municipal de Sa\u00fade<\/td><td>Titular<\/td><\/tr><tr><td>Deisy Pereira de Santana<\/td><td>Secretaria Municipal de Sa\u00fade<\/td><td>Suplente<\/td><\/tr><tr><td>Angela Maria dos Santos Novaes Cah\u00fa<\/td><td>Secretaria Municipal de Educa\u00e7\u00e3o e Esportes<\/td><td>Titular<\/td><\/tr><tr><td>Ronaldo Clovis da Silva<\/td><td>Secretaria Municipal de Educa\u00e7\u00e3o e Esportes<\/td><td>Suplente<\/td><\/tr><tr><td>Alceu Edinardo Gusm\u00e3o Monteiro<\/td><td>C\u00e2mara Municipal do Paudalho<\/td><td>Titular<\/td><\/tr><tr><td>Thiago Fernando da Silva<\/td><td>C\u00e2mara Municipal do Paudalho<\/td><td>Suplente<\/td><\/tr><\/tbody><\/table><\/figure>\n\n\n\n<p>Na cerim\u00f4nia ocorreu a forma\u00e7\u00e3o da Diretoria Executiva que, neste bi\u00eanio, ser\u00e1 composta pelos representantes da sociedade Civil: <\/p>\n\n\n\n<p>Jeffeson Mandu &#8211; Presidente<br>D\u00eaniere Martins &#8211; Vice-Presidente<br>Bruno Amorim &#8211; Secret\u00e1rio<\/p>\n\n\n\n<figure class=\"wp-block-image size-large\"><img loading=\"lazy\" decoding=\"async\" width=\"800\" height=\"450\" data-attachment-id=\"28571\" data-permalink=\"https:\/\/www.paudalho.pe.gov.br\/portal\/membros-do-conselho-municipal-de-politica-cultural-do-paudalho-tomam-posse-nesta-sexta-feira-25\/whatsapp-image-2023-09-05-at-16-27-13\/\" data-orig-file=\"https:\/\/www.paudalho.pe.gov.br\/portal\/wp-content\/uploads\/2023\/09\/WhatsApp-Image-2023-09-05-at-16.27.13.jpeg\" data-orig-size=\"1600,1200\" data-comments-opened=\"1\" data-image-meta=\"{&quot;aperture&quot;:&quot;0&quot;,&quot;credit&quot;:&quot;&quot;,&quot;camera&quot;:&quot;&quot;,&quot;caption&quot;:&quot;&quot;,&quot;created_timestamp&quot;:&quot;0&quot;,&quot;copyright&quot;:&quot;&quot;,&quot;focal_length&quot;:&quot;0&quot;,&quot;iso&quot;:&quot;0&quot;,&quot;shutter_speed&quot;:&quot;0&quot;,&quot;title&quot;:&quot;&quot;,&quot;orientation&quot;:&quot;0&quot;}\" data-image-title=\"WhatsApp-Image-2023-09-05-at-16.27.13\" data-image-description=\"\" data-image-caption=\"\" data-medium-file=\"https:\/\/www.paudalho.pe.gov.br\/portal\/wp-content\/uploads\/2023\/09\/WhatsApp-Image-2023-09-05-at-16.27.13-350x230.jpeg\" data-large-file=\"https:\/\/www.paudalho.pe.gov.br\/portal\/wp-content\/uploads\/2023\/09\/WhatsApp-Image-2023-09-05-at-16.27.13-800x450.jpeg\" src=\"https:\/\/www.paudalho.pe.gov.br\/portal\/wp-content\/uploads\/2023\/09\/WhatsApp-Image-2023-09-05-at-16.27.13-800x450.jpeg\" alt=\"\" class=\"wp-image-28571\"\/><\/figure>\n\n\n\n<p>Os conselheiros t\u00eam como fun\u00e7\u00e3o propor e aprovar diretrizes gerais, acompanhar e fiscalizar a execu\u00e7\u00e3o do Plano Municipal de Cultura (PMC), estabelecer normas, entre outras atribui\u00e7\u00f5es. No momento, a secret\u00e1ria de Cultura, Turismo, Lazer e Juventude, Valqu\u00edria Marinho, anunciou a cria\u00e7\u00e3o da a Escola P\u00fablica de Pol\u00edticas Culturais, que ir\u00e1 auxiliar apoiar os fazedores de cultura da cidade. A primeira a\u00e7\u00e3o ser\u00e1 sobre os Editais estaduais da Lei Paulo Gustavo.<\/p>\n","protected":false},"excerpt":{"rendered":"<p>Na \u00faltima sexta-feira (25) a\u00a0Prefeitura do Paudalho, por meio da Secretaria Municipal de Cultura, Esporte, Juventude, Turismo e Lazer, realizou a cerim\u00f4nia de posse do Conselho Municipal de Pol\u00edticas Culturais (CMPC) que ser\u00e3o membros no per\u00edodo de 2023\/2025. O evento ocorreu na Biblioteca Rui Barbosa, Centro de Paudalho. Durante a solenidade, 32 conselheiros tomaram posse, [&hellip;]<\/p>\n","protected":false},"author":11,"featured_media":28566,"comment_status":"open","ping_status":"open","sticky":false,"template":"","format":"standard","meta":{"_jetpack_newsletter_access":"","_jetpack_dont_email_post_to_subs":false,"_jetpack_newsletter_tier_id":0,"_jetpack_memberships_contains_paywalled_content":false,"_jetpack_memberships_contains_paid_content":false,"footnotes":""},"categories":[1184,2,1],"tags":[712,1171],"class_list":["post-28565","post","type-post","status-publish","format-standard","has-post-thumbnail","hentry","category-cultura-2","category-destaque","category-noticias","tag-cmpc","tag-conselho-municipal-de-politica-cultural"],"jetpack_featured_media_url":"https:\/\/www.paudalho.pe.gov.br\/portal\/wp-content\/uploads\/2023\/09\/372857905_676415994521944_6756151734691179884_n.jpg","jetpack_sharing_enabled":true,"jetpack_shortlink":"https:\/\/wp.me\/p98mS2-7qJ","_links":{"self":[{"href":"https:\/\/www.paudalho.pe.gov.br\/portal\/wp-json\/wp\/v2\/posts\/28565","targetHints":{"allow":["GET"]}}],"collection":[{"href":"https:\/\/www.paudalho.pe.gov.br\/portal\/wp-json\/wp\/v2\/posts"}],"about":[{"href":"https:\/\/www.paudalho.pe.gov.br\/portal\/wp-json\/wp\/v2\/types\/post"}],"author":[{"embeddable":true,"href":"https:\/\/www.paudalho.pe.gov.br\/portal\/wp-json\/wp\/v2\/users\/11"}],"replies":[{"embeddable":true,"href":"https:\/\/www.paudalho.pe.gov.br\/portal\/wp-json\/wp\/v2\/comments?post=28565"}],"version-history":[{"count":5,"href":"https:\/\/www.paudalho.pe.gov.br\/portal\/wp-json\/wp\/v2\/posts\/28565\/revisions"}],"predecessor-version":[{"id":28573,"href":"https:\/\/www.paudalho.pe.gov.br\/portal\/wp-json\/wp\/v2\/posts\/28565\/revisions\/28573"}],"wp:featuredmedia":[{"embeddable":true,"href":"https:\/\/www.paudalho.pe.gov.br\/portal\/wp-json\/wp\/v2\/media\/28566"}],"wp:attachment":[{"href":"https:\/\/www.paudalho.pe.gov.br\/portal\/wp-json\/wp\/v2\/media?parent=28565"}],"wp:term":[{"taxonomy":"category","embeddable":true,"href":"https:\/\/www.paudalho.pe.gov.br\/portal\/wp-json\/wp\/v2\/categories?post=28565"},{"taxonomy":"post_tag","embeddable":true,"href":"https:\/\/www.paudalho.pe.gov.br\/portal\/wp-json\/wp\/v2\/tags?post=28565"}],"curies":[{"name":"wp","href":"https:\/\/api.w.org\/{rel}","templated":true}]}}