{"id":28559,"date":"2023-09-05T11:32:49","date_gmt":"2023-09-05T14:32:49","guid":{"rendered":"https:\/\/www.paudalho.pe.gov.br\/portal\/?p=28559"},"modified":"2025-01-08T00:38:31","modified_gmt":"2025-01-08T03:38:31","slug":"divulgada-ordem-de-apresentacoes-do-desfile-civico-de-paudalho-2023","status":"publish","type":"post","link":"https:\/\/www.paudalho.pe.gov.br\/portal\/divulgada-ordem-de-apresentacoes-do-desfile-civico-de-paudalho-2023\/","title":{"rendered":"Divulgada ordem de apresenta\u00e7\u00f5es do Desfile C\u00edvico de Paudalho 2023"},"content":{"rendered":"\n<p>A Prefeitura do Paudalho, por meio da Secretaria de Educa\u00e7\u00e3o e Esportes, divulgou a ordem de apresenta\u00e7\u00f5es do Desfile C\u00edvico de 2023, que ocorre dia 7 de setembro. Com participa\u00e7\u00e3o de diversas escolas da Rede Municipal de Ensino, o evento ainda trar\u00e1 a participa\u00e7\u00e3o do Servi\u00e7o de Conviv\u00eancia e Fortalecimento de V\u00ednculos da Secretaria de Desenvolvimento e Assist\u00eancia Social, da Sociedade Art\u00edstica 22 de Novembro, do Bombeiro Civil e de Bandas Marciais do munic\u00edpio de S\u00e3o Louren\u00e7o da Mata. O desfile ter\u00e1 concentra\u00e7\u00e3o em frente ao Mercado P\u00fablico Municipal, a\u00a0 partir das 15h, seguindo pelo Centro de Paudalho, at\u00e9 o P\u00e1tio de Eventos Beira-Rio.<\/p>\n\n\n\n<p><strong>Ordem de apresenta\u00e7\u00f5es, sujeito a altera\u00e7\u00e3o sem aviso pr\u00e9vio caso necess\u00e1rio:<\/strong><\/p>\n\n\n\n<ol class=\"wp-block-list\">\n<li>Sociedade Art\u00edstica 22 de Novembro<\/li>\n\n\n\n<li>AFANNY Treinamentos \u2013 Bombeiro Civil<\/li>\n\n\n\n<li>Harmonia Celeste<\/li>\n\n\n\n<li>Servi\u00e7o de Conviv\u00eancia e Fortalecimento de V\u00ednculo<\/li>\n\n\n\n<li>Creche Municipal Leonel Francisco Soares<\/li>\n\n\n\n<li>Centro Educacional Josenildo Barbosa<\/li>\n\n\n\n<li>Escola Municipal Genilda Martins<\/li>\n\n\n\n<li>Escola Municipal Ch\u00e3 de Capoeira<\/li>\n\n\n\n<li>Escola Municipal Gilda Barbosa<\/li>\n\n\n\n<li>Escola Municipal Menino Jesus<\/li>\n\n\n\n<li>Escola Municipal Jos\u00e9 Bonif\u00e1cio<\/li>\n\n\n\n<li>Escola Municipal Prefeito Herculano Bandeira de Melo Filho<\/li>\n\n\n\n<li>Escola Municipal de Guadalajara<\/li>\n\n\n\n<li>Escola Municipal Sinh\u00f4 Bandeira<\/li>\n\n\n\n<li>Escola Municipal Severino Jos\u00e9 Valentim<\/li>\n\n\n\n<li>Escola Municipal SAMAP<\/li>\n\n\n\n<li>Escola Municipal Manoel da Rosa<\/li>\n\n\n\n<li>Escola Municipal Eliza Fidelis<\/li>\n\n\n\n<li>Col\u00e9gio Municipal Maria de F\u00e1tima<\/li>\n\n\n\n<li>Col\u00e9gio Municipal de Guadalajara<\/li>\n\n\n\n<li>Col\u00e9gio Municipal do Paudalho<\/li>\n\n\n\n<li>Banda Marcial Maria Helena de Morais \u2013 S\u00e3o Louren\u00e7o<\/li>\n\n\n\n<li>Banda Independente S\u00f3 Veteranos<\/li>\n\n\n\n<li>Banda Marcial Desbravadores da F\u00e9<\/li>\n\n\n\n<li>Banda Independente Sorriso da Crian\u00e7a \u2013 S\u00e3o Louren\u00e7o<\/li>\n\n\n\n<li>Escola Estadual Jos\u00e9 Ant\u00f4nio Fagundes<\/li>\n\n\n\n<li>Banda Independente Professor Jo\u00e3o Batista<\/li>\n\n\n\n<li>Escola Estadual Jo\u00e3o Cavalcanti Petribu<\/li>\n\n\n\n<li>EREM Herculano Bandeira<\/li>\n\n\n\n<li>EREM Confedera\u00e7\u00e3o do Equador<\/li>\n\n\n\n<li>Col\u00e9gio Municipal Tancredo Neves<\/li>\n<\/ol>\n","protected":false},"excerpt":{"rendered":"<p>A Prefeitura do Paudalho, por meio da Secretaria de Educa\u00e7\u00e3o e Esportes, divulgou a ordem de apresenta\u00e7\u00f5es do Desfile C\u00edvico de 2023, que ocorre dia 7 de setembro. Com participa\u00e7\u00e3o de diversas escolas da Rede Municipal de Ensino, o evento ainda trar\u00e1 a participa\u00e7\u00e3o do Servi\u00e7o de Conviv\u00eancia e Fortalecimento de V\u00ednculos da Secretaria de [&hellip;]<\/p>\n","protected":false},"author":11,"featured_media":28560,"comment_status":"open","ping_status":"open","sticky":false,"template":"","format":"standard","meta":{"_jetpack_newsletter_access":"","_jetpack_dont_email_post_to_subs":false,"_jetpack_newsletter_tier_id":0,"_jetpack_memberships_contains_paywalled_content":false,"_jetpack_memberships_contains_paid_content":false,"footnotes":""},"categories":[2,520,1],"tags":[1247,1246,1201,109],"class_list":["post-28559","post","type-post","status-publish","format-standard","has-post-thumbnail","hentry","category-destaque","category-educacao-2","category-noticias","tag-desfile-civico-2023","tag-desfile-civico-de-paudalho-2023","tag-secretaria-de-educacao-e-esportes","tag-sete-de-setembro"],"jetpack_featured_media_url":"https:\/\/www.paudalho.pe.gov.br\/portal\/wp-content\/uploads\/2023\/09\/desfile.jpg","jetpack_sharing_enabled":true,"jetpack_shortlink":"https:\/\/wp.me\/p98mS2-7qD","_links":{"self":[{"href":"https:\/\/www.paudalho.pe.gov.br\/portal\/wp-json\/wp\/v2\/posts\/28559","targetHints":{"allow":["GET"]}}],"collection":[{"href":"https:\/\/www.paudalho.pe.gov.br\/portal\/wp-json\/wp\/v2\/posts"}],"about":[{"href":"https:\/\/www.paudalho.pe.gov.br\/portal\/wp-json\/wp\/v2\/types\/post"}],"author":[{"embeddable":true,"href":"https:\/\/www.paudalho.pe.gov.br\/portal\/wp-json\/wp\/v2\/users\/11"}],"replies":[{"embeddable":true,"href":"https:\/\/www.paudalho.pe.gov.br\/portal\/wp-json\/wp\/v2\/comments?post=28559"}],"version-history":[{"count":1,"href":"https:\/\/www.paudalho.pe.gov.br\/portal\/wp-json\/wp\/v2\/posts\/28559\/revisions"}],"predecessor-version":[{"id":28561,"href":"https:\/\/www.paudalho.pe.gov.br\/portal\/wp-json\/wp\/v2\/posts\/28559\/revisions\/28561"}],"wp:featuredmedia":[{"embeddable":true,"href":"https:\/\/www.paudalho.pe.gov.br\/portal\/wp-json\/wp\/v2\/media\/28560"}],"wp:attachment":[{"href":"https:\/\/www.paudalho.pe.gov.br\/portal\/wp-json\/wp\/v2\/media?parent=28559"}],"wp:term":[{"taxonomy":"category","embeddable":true,"href":"https:\/\/www.paudalho.pe.gov.br\/portal\/wp-json\/wp\/v2\/categories?post=28559"},{"taxonomy":"post_tag","embeddable":true,"href":"https:\/\/www.paudalho.pe.gov.br\/portal\/wp-json\/wp\/v2\/tags?post=28559"}],"curies":[{"name":"wp","href":"https:\/\/api.w.org\/{rel}","templated":true}]}}