{"id":2813,"date":"2018-04-14T13:54:31","date_gmt":"2018-04-14T16:54:31","guid":{"rendered":"http:\/\/www.paudalho.pe.gov.br\/portal\/?p=2813"},"modified":"2018-04-14T14:20:04","modified_gmt":"2018-04-14T17:20:04","slug":"campeonato-norte-e-nordeste-karate-atrai-atletas-de-diversas-cidades-a-paudalho","status":"publish","type":"post","link":"https:\/\/www.paudalho.pe.gov.br\/portal\/campeonato-norte-e-nordeste-karate-atrai-atletas-de-diversas-cidades-a-paudalho\/","title":{"rendered":"Campeonato Norte e Nordeste Karat\u00ea atrai atletas de diversas cidades a Paudalho"},"content":{"rendered":"<p>N\u00e3o \u00e9 s\u00f3 o futebol que tem espa\u00e7o no Munic\u00edpio do Paudalho. Cerca de 150 atletas de diversas cidades participam do campeonato Norte e Nordeste Karat\u00ea, que ocorre na Quadra Esportiva, que fica na Avenida Miguel Arraes, no centro do Paudalho. A programa\u00e7\u00e3o come\u00e7ou neste s\u00e1bado (14) e segue at\u00e9 o domingo (15) ofertando aul\u00f5es de karat\u00ea, cursos e competi\u00e7\u00f5es com entrega de premia\u00e7\u00e3o. O evento, um dos mais importantes do pa\u00eds, \u00e9 realizado pela Confedera\u00e7\u00e3o Educacional do Brasil de Karat\u00ea e efetivado pela Secretaria Executiva de Esportes do Munic\u00edpio.<\/p>\n<h2><strong>Dando espa\u00e7o ao karat\u00ea<\/strong><\/h2>\n<p>O secret\u00e1rio executivo da pasta, Di\u00f3genes Porf\u00edrio, explicou que o objetivo da a\u00e7\u00e3o \u00e9 difundir a modalidade esportiva na cidade. \u201cA gente est\u00e1 muito feliz de trazer esse evento para o Munic\u00edpio, \u00e9 um desafio porque a modalidade nunca foi explorada aqui na cidade. E o objetivo \u00e9 fazer essa integra\u00e7\u00e3o entre os atletas daqui, o trabalho que e feito no Munic\u00edpio, com atletas e outros lugares e claro difundir o esporte em Paudalho. N\u00f3s temos uma a\u00e7\u00e3o nas escolas municipais h\u00e1 um ano, com os professores de karat\u00ea Esdras e Marinho. E esse evento s\u00f3 refor\u00e7a o nosso comprometimento\u201d, explicou.<\/p>\n<div id=\"attachment_2815\" style=\"width: 612px\" class=\"wp-caption alignnone\"><img loading=\"lazy\" decoding=\"async\" aria-describedby=\"caption-attachment-2815\" data-attachment-id=\"2815\" data-permalink=\"https:\/\/www.paudalho.pe.gov.br\/portal\/campeonato-norte-e-nordeste-karate-atrai-atletas-de-diversas-cidades-a-paudalho\/3b6e0504-c605-4120-868e-e6072c8856b6\/\" data-orig-file=\"https:\/\/www.paudalho.pe.gov.br\/portal\/wp-content\/uploads\/2018\/04\/3b6e0504-c605-4120-868e-e6072c8856b6.jpg\" data-orig-size=\"1280,853\" data-comments-opened=\"1\" data-image-meta=\"{&quot;aperture&quot;:&quot;0&quot;,&quot;credit&quot;:&quot;&quot;,&quot;camera&quot;:&quot;&quot;,&quot;caption&quot;:&quot;&quot;,&quot;created_timestamp&quot;:&quot;0&quot;,&quot;copyright&quot;:&quot;&quot;,&quot;focal_length&quot;:&quot;0&quot;,&quot;iso&quot;:&quot;0&quot;,&quot;shutter_speed&quot;:&quot;0&quot;,&quot;title&quot;:&quot;&quot;,&quot;orientation&quot;:&quot;0&quot;}\" data-image-title=\"3b6e0504-c605-4120-868e-e6072c8856b6\" data-image-description=\"\" data-image-caption=\"&lt;p&gt;Foto: Isak de Castro\/PMP&lt;\/p&gt;\n\" data-medium-file=\"https:\/\/www.paudalho.pe.gov.br\/portal\/wp-content\/uploads\/2018\/04\/3b6e0504-c605-4120-868e-e6072c8856b6-350x230.jpg\" data-large-file=\"https:\/\/www.paudalho.pe.gov.br\/portal\/wp-content\/uploads\/2018\/04\/3b6e0504-c605-4120-868e-e6072c8856b6-800x450.jpg\" class=\" wp-image-2815\" src=\"http:\/\/www.paudalho.pe.gov.br\/portal\/wp-content\/uploads\/2018\/04\/3b6e0504-c605-4120-868e-e6072c8856b6-350x230.jpg\" alt=\"\" width=\"602\" height=\"395\" \/><p id=\"caption-attachment-2815\" class=\"wp-caption-text\">Foto: Isak de Castro\/PMP<\/p><\/div>\n<p>O karateca Ryhann Rabelo, de sete anos, \u00e9 de Paraopeba, no Par\u00e1 e viajou cerca de 2400KM para participar da competi\u00e7\u00e3o. Sobre a programa\u00e7\u00e3o ele foi enf\u00e1tico. \u201cEst\u00e1 muito bom, eu estou gostando muito&#8230;Nota 10\u201d, disse o garoto.<\/p>\n<div id=\"attachment_2816\" style=\"width: 612px\" class=\"wp-caption alignnone\"><img loading=\"lazy\" decoding=\"async\" aria-describedby=\"caption-attachment-2816\" data-attachment-id=\"2816\" data-permalink=\"https:\/\/www.paudalho.pe.gov.br\/portal\/campeonato-norte-e-nordeste-karate-atrai-atletas-de-diversas-cidades-a-paudalho\/74eeacfa-2d83-4d8d-87ae-486bb6cbf29c\/\" data-orig-file=\"https:\/\/www.paudalho.pe.gov.br\/portal\/wp-content\/uploads\/2018\/04\/74eeacfa-2d83-4d8d-87ae-486bb6cbf29c.jpg\" data-orig-size=\"1280,853\" data-comments-opened=\"1\" data-image-meta=\"{&quot;aperture&quot;:&quot;0&quot;,&quot;credit&quot;:&quot;&quot;,&quot;camera&quot;:&quot;&quot;,&quot;caption&quot;:&quot;&quot;,&quot;created_timestamp&quot;:&quot;0&quot;,&quot;copyright&quot;:&quot;&quot;,&quot;focal_length&quot;:&quot;0&quot;,&quot;iso&quot;:&quot;0&quot;,&quot;shutter_speed&quot;:&quot;0&quot;,&quot;title&quot;:&quot;&quot;,&quot;orientation&quot;:&quot;0&quot;}\" data-image-title=\"74eeacfa-2d83-4d8d-87ae-486bb6cbf29c\" data-image-description=\"\" data-image-caption=\"&lt;p&gt;Foto: Isak de Castro\/PMP&lt;\/p&gt;\n\" data-medium-file=\"https:\/\/www.paudalho.pe.gov.br\/portal\/wp-content\/uploads\/2018\/04\/74eeacfa-2d83-4d8d-87ae-486bb6cbf29c-350x230.jpg\" data-large-file=\"https:\/\/www.paudalho.pe.gov.br\/portal\/wp-content\/uploads\/2018\/04\/74eeacfa-2d83-4d8d-87ae-486bb6cbf29c-800x450.jpg\" class=\" wp-image-2816\" src=\"http:\/\/www.paudalho.pe.gov.br\/portal\/wp-content\/uploads\/2018\/04\/74eeacfa-2d83-4d8d-87ae-486bb6cbf29c-350x230.jpg\" alt=\"\" width=\"602\" height=\"395\" \/><p id=\"caption-attachment-2816\" class=\"wp-caption-text\">Foto: Isak de Castro\/PMP<\/p><\/div>\n<p>Quatorze mestres de diversas cidades e estados s\u00e3o respons\u00e1veis por ministrar o conhecimento no campeonato. O presidente da Confedera\u00e7\u00e3o Educacional do Brasil de Karat\u00ea, Ant\u00f4nio Pereira, destacou o papel social da modalidade esportiva. \u201cA gente veio para fazer a diferen\u00e7a, principalmente no social. At\u00e9 porque nosso projeto do Karat\u00ea Educacional \u00e9 formar cidad\u00e3os. A \u00fanica solu\u00e7\u00e3o para o Brasil \u00e9 a educa\u00e7\u00e3o e o esporte\u201d, comentou.<\/p>\n<p>Para o presidente da Federa\u00e7\u00e3o Pernambucana de Karat\u00ea Educacional, S\u00edlvio Vieira, a programa\u00e7\u00e3o proporciona educa\u00e7\u00f5es para as crian\u00e7as, jovens e adolescentes. \u201c\u00c9 uma grande honra para o Estado receber uma Confedera\u00e7\u00e3o Nacional aqui no evento onde temos o objetivo de proporcionar al\u00e9m de tudo a educa\u00e7\u00e3o. A gente precisa mostrar outros esportes al\u00e9m do futebol. A gente pode sim acreditar e ter grandes atletas\u201d, destacou.<\/p>\n<h2><strong>Programa\u00e7\u00e3o<\/strong><\/h2>\n<p>&nbsp;<\/p>\n<p>S\u00e1bado: 14\/04\/18<\/p>\n<p>*Apresenta\u00e7\u00e3o do karat\u00ea Educacional<br \/>\n* Aul\u00e3o de karat\u00ea<br \/>\n* Curso de defesa pessoal<\/p>\n<p>Domingo: 15\/04\/18<\/p>\n<p>*Abertura oficial do evento<br \/>\n* Kata<br \/>\n* Lutas<br \/>\n* Entrega das premia\u00e7\u00f5es<\/p>\n","protected":false},"excerpt":{"rendered":"<p>N\u00e3o \u00e9 s\u00f3 o futebol que tem espa\u00e7o no Munic\u00edpio do Paudalho. Cerca de 150 atletas de diversas cidades participam do campeonato Norte e Nordeste Karat\u00ea, que ocorre na Quadra Esportiva, que fica na Avenida Miguel Arraes, no centro do Paudalho. A programa\u00e7\u00e3o come\u00e7ou neste s\u00e1bado (14) e segue at\u00e9 o domingo (15) ofertando aul\u00f5es [&hellip;]<\/p>\n","protected":false},"author":4,"featured_media":2814,"comment_status":"open","ping_status":"open","sticky":false,"template":"","format":"standard","meta":{"_jetpack_newsletter_access":"","_jetpack_dont_email_post_to_subs":false,"_jetpack_newsletter_tier_id":0,"_jetpack_memberships_contains_paywalled_content":false,"_jetpack_memberships_contains_paid_content":false,"footnotes":""},"categories":[2,7],"tags":[282,291,290,22],"class_list":["post-2813","post","type-post","status-publish","format-standard","has-post-thumbnail","hentry","category-destaque","category-esportes","tag-esportes","tag-karate","tag-norte-e-nordeste-karate","tag-prefeitura-do-paudalho"],"jetpack_featured_media_url":"https:\/\/www.paudalho.pe.gov.br\/portal\/wp-content\/uploads\/2018\/04\/149bbd04-6c97-4515-9241-5fb7e94d5a3f.jpg","jetpack_sharing_enabled":true,"jetpack_shortlink":"https:\/\/wp.me\/p98mS2-Jn","_links":{"self":[{"href":"https:\/\/www.paudalho.pe.gov.br\/portal\/wp-json\/wp\/v2\/posts\/2813","targetHints":{"allow":["GET"]}}],"collection":[{"href":"https:\/\/www.paudalho.pe.gov.br\/portal\/wp-json\/wp\/v2\/posts"}],"about":[{"href":"https:\/\/www.paudalho.pe.gov.br\/portal\/wp-json\/wp\/v2\/types\/post"}],"author":[{"embeddable":true,"href":"https:\/\/www.paudalho.pe.gov.br\/portal\/wp-json\/wp\/v2\/users\/4"}],"replies":[{"embeddable":true,"href":"https:\/\/www.paudalho.pe.gov.br\/portal\/wp-json\/wp\/v2\/comments?post=2813"}],"version-history":[{"count":4,"href":"https:\/\/www.paudalho.pe.gov.br\/portal\/wp-json\/wp\/v2\/posts\/2813\/revisions"}],"predecessor-version":[{"id":2820,"href":"https:\/\/www.paudalho.pe.gov.br\/portal\/wp-json\/wp\/v2\/posts\/2813\/revisions\/2820"}],"wp:featuredmedia":[{"embeddable":true,"href":"https:\/\/www.paudalho.pe.gov.br\/portal\/wp-json\/wp\/v2\/media\/2814"}],"wp:attachment":[{"href":"https:\/\/www.paudalho.pe.gov.br\/portal\/wp-json\/wp\/v2\/media?parent=2813"}],"wp:term":[{"taxonomy":"category","embeddable":true,"href":"https:\/\/www.paudalho.pe.gov.br\/portal\/wp-json\/wp\/v2\/categories?post=2813"},{"taxonomy":"post_tag","embeddable":true,"href":"https:\/\/www.paudalho.pe.gov.br\/portal\/wp-json\/wp\/v2\/tags?post=2813"}],"curies":[{"name":"wp","href":"https:\/\/api.w.org\/{rel}","templated":true}]}}