{"id":2801,"date":"2018-04-13T12:16:35","date_gmt":"2018-04-13T15:16:35","guid":{"rendered":"http:\/\/www.paudalho.pe.gov.br\/portal\/?p=2801"},"modified":"2018-04-13T12:22:21","modified_gmt":"2018-04-13T15:22:21","slug":"romaria-de-sao-severino-dos-ramos-e-reconhecida-como-patrimonio-cultural-religioso-imaterial","status":"publish","type":"post","link":"https:\/\/www.paudalho.pe.gov.br\/portal\/romaria-de-sao-severino-dos-ramos-e-reconhecida-como-patrimonio-cultural-religioso-imaterial\/","title":{"rendered":"Romaria de S\u00e3o Severino dos Ramos \u00e9 reconhecida como patrim\u00f4nio cultural, religioso imaterial"},"content":{"rendered":"<p>Rota de f\u00e9 de milhares de romeiros do Brasil, a romaria de S\u00e3o Severino dos Ramos, em Paudalho, agora passa a ser reconhecido por lei como patrim\u00f4nio cultural, religioso imaterial no Munic\u00edpio. O prefeito Marcelo Gouveia sancionou na \u00faltima quinta-feira (5) o projeto de Lei N\u00famero 3 de sete de fevereiro de 2018, apresentado pelo Vereador Josimar Ferreira Cavalcanti.<\/p>\n<p>Segundo o prefeito Marcelo Gouveia, a medida tem o objetivo de valorizar a cultura e a religiosidade do Munic\u00edpio. \u201c\u00c9 com muita alegria que n\u00f3s sancionamos esse projeto de lei, porque a Romaria de S\u00e3o Severino dos Ramos faz parte da vida de milhares de paudalhenses, pernambucanos e brasileiros. Ela perpassa uma religi\u00e3o ou credo, porque \u00e9 algo cultural. E n\u00f3s temos esse compromisso de continua incentivando a cultura e valorizando a nossa hist\u00f3ria\u201d, comentou. Segundo a Funda\u00e7\u00e3o Joaquim Nabuco, especula-se que o Santu\u00e1rio de S\u00e3o Severino dos Ramos \u00e9 hoje o maior centro de romaria de Pernambuco e o terceiro do Brasil.<\/p>\n<div id=\"attachment_2802\" style=\"width: 559px\" class=\"wp-caption alignnone\"><img loading=\"lazy\" decoding=\"async\" aria-describedby=\"caption-attachment-2802\" data-attachment-id=\"2802\" data-permalink=\"https:\/\/www.paudalho.pe.gov.br\/portal\/romaria-de-sao-severino-dos-ramos-e-reconhecida-como-patrimonio-cultural-religioso-imaterial\/29542717_908040575986359_7689747183961229707_n\/\" data-orig-file=\"https:\/\/www.paudalho.pe.gov.br\/portal\/wp-content\/uploads\/2018\/04\/29542717_908040575986359_7689747183961229707_n.jpg\" data-orig-size=\"960,640\" data-comments-opened=\"1\" data-image-meta=\"{&quot;aperture&quot;:&quot;0&quot;,&quot;credit&quot;:&quot;&quot;,&quot;camera&quot;:&quot;&quot;,&quot;caption&quot;:&quot;&quot;,&quot;created_timestamp&quot;:&quot;0&quot;,&quot;copyright&quot;:&quot;&quot;,&quot;focal_length&quot;:&quot;0&quot;,&quot;iso&quot;:&quot;0&quot;,&quot;shutter_speed&quot;:&quot;0&quot;,&quot;title&quot;:&quot;&quot;,&quot;orientation&quot;:&quot;0&quot;}\" data-image-title=\"29542717_908040575986359_7689747183961229707_n\" data-image-description=\"\" data-image-caption=\"\" data-medium-file=\"https:\/\/www.paudalho.pe.gov.br\/portal\/wp-content\/uploads\/2018\/04\/29542717_908040575986359_7689747183961229707_n-350x230.jpg\" data-large-file=\"https:\/\/www.paudalho.pe.gov.br\/portal\/wp-content\/uploads\/2018\/04\/29542717_908040575986359_7689747183961229707_n-800x450.jpg\" class=\"wp-image-2802\" src=\"http:\/\/www.paudalho.pe.gov.br\/portal\/wp-content\/uploads\/2018\/04\/29542717_908040575986359_7689747183961229707_n-350x230.jpg\" alt=\"\" width=\"549\" height=\"361\" \/><p id=\"caption-attachment-2802\" class=\"wp-caption-text\">Na imagem, fi\u00e9is visitam a capela de Nossa Senhora da Luz, em Paudalho, onde est\u00e1 a imagem de S\u00e3o Severino. Foto: Diego Lira<\/p><\/div>\n<h2>Devo\u00e7\u00e3o<\/h2>\n<p>A f\u00e9 em S\u00e3o Severino dos Ramos \u00e9 uma pr\u00e1tica cat\u00f3lica. A est\u00e1tua, em tamanho natural, com origem incerta, representa S\u00e3o Severino de N\u00f3rica, deitado e vestido em trajes de soldado romano. Ela encontra-se na Igreja de Nossa Senhora da Luz, em Paudalho, Pernambuco.<\/p>\n<p>Os primeiros relatos da realiza\u00e7\u00e3o de prod\u00edgios por interm\u00e9dio do santo s\u00e3o do s\u00e9culo XIX, quando se iniciou a hist\u00f3ria de que a est\u00e1tua seria o pr\u00f3prio cad\u00e1ver incorrupto de S\u00e3o Severino. A not\u00edcia, na \u00e9poca, se espalhou entre os habitantes das regi\u00f5es e diversos fi\u00e9is de v\u00e1rios lugares do Nordeste passaram a frequentar a Igreja de Nossa Senhora da Luz, no Engenho Ramos (desativado na d\u00e9cada de 20) onde a est\u00e1tua se encontrava.<\/p>\n<h2>Entendendo a hist\u00f3ria<\/h2>\n<p>Relatos apontam que a f\u00e9 foi fundamentada na hist\u00f3ria de S\u00e3o Severino M\u00e1rtir, soldado romano dos primeiros s\u00e9culos do cristianismo. De acordo com a tradi\u00e7\u00e3o, ele foi um soldado romano martirizado no s\u00e9culo II ou III. Era um cidad\u00e3o romano rico que como ato de caridade, doou seus bens para os pobres e iniciou uma vida reclusa, de ren\u00fancias no Egito e na S\u00edria. Ele ainda realizou importantes trabalhos mission\u00e1rios em regi\u00f5es da \u00c1ustria e Iugosl\u00e1via, pregando em penitenci\u00e1rias. Outro grande feito de S\u00e3o Severino foi libertar escravos do dom\u00ednio dos b\u00e1rbaros e segundo relatos, milagres ocorreram atrav\u00e9s de suas ora\u00e7\u00f5es.<\/p>\n","protected":false},"excerpt":{"rendered":"<p>Rota de f\u00e9 de milhares de romeiros do Brasil, a romaria de S\u00e3o Severino dos Ramos, em Paudalho, agora passa a ser reconhecido por lei como patrim\u00f4nio cultural, religioso imaterial no Munic\u00edpio. O prefeito Marcelo Gouveia sancionou na \u00faltima quinta-feira (5) o projeto de Lei N\u00famero 3 de sete de fevereiro de 2018, apresentado pelo [&hellip;]<\/p>\n","protected":false},"author":4,"featured_media":2803,"comment_status":"open","ping_status":"open","sticky":false,"template":"","format":"standard","meta":{"_jetpack_newsletter_access":"","_jetpack_dont_email_post_to_subs":false,"_jetpack_newsletter_tier_id":0,"_jetpack_memberships_contains_paywalled_content":false,"_jetpack_memberships_contains_paid_content":false,"footnotes":""},"categories":[2,1],"tags":[288,22,289,277],"class_list":["post-2801","post","type-post","status-publish","format-standard","has-post-thumbnail","hentry","category-destaque","category-noticias","tag-patrimonio-cultural","tag-prefeitura-do-paudalho","tag-religioso-imaterial","tag-sao-severino-dos-ramos"],"jetpack_featured_media_url":"https:\/\/www.paudalho.pe.gov.br\/portal\/wp-content\/uploads\/2018\/04\/29513112_908040225986394_1523518370578091570_n.jpg","jetpack_sharing_enabled":true,"jetpack_shortlink":"https:\/\/wp.me\/p98mS2-Jb","_links":{"self":[{"href":"https:\/\/www.paudalho.pe.gov.br\/portal\/wp-json\/wp\/v2\/posts\/2801","targetHints":{"allow":["GET"]}}],"collection":[{"href":"https:\/\/www.paudalho.pe.gov.br\/portal\/wp-json\/wp\/v2\/posts"}],"about":[{"href":"https:\/\/www.paudalho.pe.gov.br\/portal\/wp-json\/wp\/v2\/types\/post"}],"author":[{"embeddable":true,"href":"https:\/\/www.paudalho.pe.gov.br\/portal\/wp-json\/wp\/v2\/users\/4"}],"replies":[{"embeddable":true,"href":"https:\/\/www.paudalho.pe.gov.br\/portal\/wp-json\/wp\/v2\/comments?post=2801"}],"version-history":[{"count":6,"href":"https:\/\/www.paudalho.pe.gov.br\/portal\/wp-json\/wp\/v2\/posts\/2801\/revisions"}],"predecessor-version":[{"id":2809,"href":"https:\/\/www.paudalho.pe.gov.br\/portal\/wp-json\/wp\/v2\/posts\/2801\/revisions\/2809"}],"wp:featuredmedia":[{"embeddable":true,"href":"https:\/\/www.paudalho.pe.gov.br\/portal\/wp-json\/wp\/v2\/media\/2803"}],"wp:attachment":[{"href":"https:\/\/www.paudalho.pe.gov.br\/portal\/wp-json\/wp\/v2\/media?parent=2801"}],"wp:term":[{"taxonomy":"category","embeddable":true,"href":"https:\/\/www.paudalho.pe.gov.br\/portal\/wp-json\/wp\/v2\/categories?post=2801"},{"taxonomy":"post_tag","embeddable":true,"href":"https:\/\/www.paudalho.pe.gov.br\/portal\/wp-json\/wp\/v2\/tags?post=2801"}],"curies":[{"name":"wp","href":"https:\/\/api.w.org\/{rel}","templated":true}]}}