{"id":280,"date":"2017-05-16T08:00:14","date_gmt":"2017-05-16T11:00:14","guid":{"rendered":"http:\/\/www.paudalho.pe.gov.br\/portal\/?p=280"},"modified":"2017-05-23T13:16:51","modified_gmt":"2017-05-23T16:16:51","slug":"280-2","status":"publish","type":"post","link":"https:\/\/www.paudalho.pe.gov.br\/portal\/280-2\/","title":{"rendered":"Prefeitura Convida Comerciantes para o I F\u00f3rum de Debates"},"content":{"rendered":"<p>A Fecom\u00e9rcio\/Sesc\/ Senac &#8211; PE e a Prefeitura de Paudalho tem a honra de convid\u00e1-los para o F\u00f3rum de debates: Cen\u00e1rios Econ\u00f4micos para 2017, no dia 18 de Maio, na Escola T\u00e9cnica de Paudalho, das 18 \u00e0s 21:30hs.<\/p>\n<p>No encontro, que tem por objetivo disseminar informa\u00e7\u00f5es do interesse do empresariado, sobre os desafios atuais e avaliar os cen\u00e1rios e as perspectivas econ\u00f4micas para o setor do com\u00e9rcio de bens, servi\u00e7os e turismo, a economista da CEPLAN Tania Bacelar trar\u00e1 uma an\u00e1lise dos principais indicadores de 2016 e das tend\u00eancias para 2017, ministrando a palestra A Mata Norte e suas potencialidades.<br \/>\nParticipe!<\/p>\n","protected":false},"excerpt":{"rendered":"<p>A Fecom\u00e9rcio\/Sesc\/ Senac &#8211; PE e a Prefeitura de Paudalho tem a honra de convid\u00e1-los para o F\u00f3rum de debates: Cen\u00e1rios Econ\u00f4micos para 2017, no dia 18 de Maio, na Escola T\u00e9cnica de Paudalho, das 18 \u00e0s 21:30hs. No encontro, que tem por objetivo disseminar informa\u00e7\u00f5es do interesse do empresariado, sobre os desafios atuais e [&hellip;]<\/p>\n","protected":false},"author":2,"featured_media":281,"comment_status":"open","ping_status":"open","sticky":false,"template":"","format":"standard","meta":{"_jetpack_newsletter_access":"","_jetpack_dont_email_post_to_subs":false,"_jetpack_newsletter_tier_id":0,"_jetpack_memberships_contains_paywalled_content":false,"_jetpack_memberships_contains_paid_content":false,"footnotes":""},"categories":[32],"tags":[],"class_list":["post-280","post","type-post","status-publish","format-standard","has-post-thumbnail","hentry","category-comunicado"],"jetpack_featured_media_url":"https:\/\/www.paudalho.pe.gov.br\/portal\/wp-content\/uploads\/2017\/05\/convite-fecomercio.png","jetpack_sharing_enabled":true,"jetpack_shortlink":"https:\/\/wp.me\/p98mS2-4w","_links":{"self":[{"href":"https:\/\/www.paudalho.pe.gov.br\/portal\/wp-json\/wp\/v2\/posts\/280","targetHints":{"allow":["GET"]}}],"collection":[{"href":"https:\/\/www.paudalho.pe.gov.br\/portal\/wp-json\/wp\/v2\/posts"}],"about":[{"href":"https:\/\/www.paudalho.pe.gov.br\/portal\/wp-json\/wp\/v2\/types\/post"}],"author":[{"embeddable":true,"href":"https:\/\/www.paudalho.pe.gov.br\/portal\/wp-json\/wp\/v2\/users\/2"}],"replies":[{"embeddable":true,"href":"https:\/\/www.paudalho.pe.gov.br\/portal\/wp-json\/wp\/v2\/comments?post=280"}],"version-history":[{"count":4,"href":"https:\/\/www.paudalho.pe.gov.br\/portal\/wp-json\/wp\/v2\/posts\/280\/revisions"}],"predecessor-version":[{"id":295,"href":"https:\/\/www.paudalho.pe.gov.br\/portal\/wp-json\/wp\/v2\/posts\/280\/revisions\/295"}],"wp:featuredmedia":[{"embeddable":true,"href":"https:\/\/www.paudalho.pe.gov.br\/portal\/wp-json\/wp\/v2\/media\/281"}],"wp:attachment":[{"href":"https:\/\/www.paudalho.pe.gov.br\/portal\/wp-json\/wp\/v2\/media?parent=280"}],"wp:term":[{"taxonomy":"category","embeddable":true,"href":"https:\/\/www.paudalho.pe.gov.br\/portal\/wp-json\/wp\/v2\/categories?post=280"},{"taxonomy":"post_tag","embeddable":true,"href":"https:\/\/www.paudalho.pe.gov.br\/portal\/wp-json\/wp\/v2\/tags?post=280"}],"curies":[{"name":"wp","href":"https:\/\/api.w.org\/{rel}","templated":true}]}}