{"id":2797,"date":"2018-04-12T13:03:10","date_gmt":"2018-04-12T16:03:10","guid":{"rendered":"http:\/\/www.paudalho.pe.gov.br\/portal\/?p=2797"},"modified":"2018-04-12T13:03:30","modified_gmt":"2018-04-12T16:03:30","slug":"municipio-de-paudalho-promove-campanha-de-vacinacao-contra-o-influenza-h1n1","status":"publish","type":"post","link":"https:\/\/www.paudalho.pe.gov.br\/portal\/municipio-de-paudalho-promove-campanha-de-vacinacao-contra-o-influenza-h1n1\/","title":{"rendered":"Munic\u00edpio de Paudalho promove campanha de vacina\u00e7\u00e3o contra o Influenza (H1N1)"},"content":{"rendered":"<p class=\"x_x_MsoNormal\">O direito \u00e0 sa\u00fade est\u00e1 proposto no artigo XXV da Declara\u00e7\u00e3o Universal dos Direitos Humanos de 1948. Nele, \u00e9 definido que todo ser humano tem direito a um padr\u00e3o de vida capaz de assegurar a si mesmo e \u00e0 sua fam\u00edlia a sa\u00fade, o bem-estar, como tamb\u00e9m a alimenta\u00e7\u00e3o, vestu\u00e1rio, habita\u00e7\u00e3o, cuidados m\u00e9dicos e outros servi\u00e7os. Sendo assim, d\u00e1 para perceber que o direito \u00e0 sa\u00fade est\u00e1 entrela\u00e7ado ao direito \u00e0 vida.\u00a0 No Brasil, a conquista foi resultado do movimento da Reforma Sanit\u00e1ria, que refletiu na cria\u00e7\u00e3o do Sistema \u00danico de Sa\u00fade (SUS) atrav\u00e9s da Constitui\u00e7\u00e3o Federal de 1988, onde no artigo 196 \u00e9 previsto que a sa\u00fade \u00e9 direito de todos.<\/p>\n<p class=\"x_x_MsoNormal\">No objetivo de continuar promovendo a qualidade de vida na cidade do Paudalho, a Prefeitura do Munic\u00edpio por meio da Secretaria de Sa\u00fade promover\u00e1 a\u00a0Campanha Nacional de Vacina\u00e7\u00e3o contra o Influenza\u00a0a partir do dia 23 deste m\u00eas. A programa\u00e7\u00e3o seguir\u00e1 at\u00e9 o dia um de junho de 2018. Aproveitando a oportunidade, a pasta ainda vai disponibilizar a vacina Tr\u00edplice Viral (contra sarampo, caxumba e rub\u00e9ola) para o p\u00fablico de um a 49 anos.<\/p>\n<p class=\"x_x_MsoNormal\">Poder\u00e3o tomar a doze da vacina contra a Influenza, crian\u00e7as de seis meses at\u00e9 menores de cinco anos, gestantes, pu\u00e9rperas (mulheres de resguardo p\u00f3s-parto), profissionais da sa\u00fade, professores da rede privada, municipal e estadual, idosos acima de 60 anos e pessoas portadoras de doen\u00e7as cr\u00f4nicas como: diabetes, artrite e asma.\u00a0De acordo com a coordenadora do Programa Nacional de Imuniza\u00e7\u00e3o (PNI), a enfermeira, Anielle Rosa, as vacinas estar\u00e3o dispon\u00edveis em todas as Unidades B\u00e1sicas de Sa\u00fade (UBSs) do Paudalho. \u201cTodas as unidades estar\u00e3o prontas e com as vacinas dispon\u00edveis a partir dessa data para atender os paudalhenses. Vale lembrar que a Secretaria de Sa\u00fade, que fica no Centro da Cidade, tamb\u00e9m ofertar\u00e1 as doses\u201d, detalhou.<\/p>\n<p class=\"x_x_MsoNormal\">Para receber o atendimento, os mun\u00edcipes dever\u00e3o estar munidos do cart\u00e3o do SUS e a caderneta de vacina\u00e7\u00e3o. Adultos que n\u00e3o tiverem os documentos n\u00e3o ficar\u00e3o de fora. Al\u00e9m de receber a dose, eles poder\u00e3o tamb\u00e9m regularizar a situa\u00e7\u00e3o e pegar o cart\u00e3o de vacina.<\/p>\n<h2 class=\"x_x_MsoNormal\"><b>O que \u00e9 a doen\u00e7a?<\/b><\/h2>\n<p class=\"x_x_MsoNormal\">Dados da Organiza\u00e7\u00e3o Mundial da Sa\u00fade apontam que a gripe (Influenza) mata mais de 650 mil pessoas no mundo, todos os anos. No Brasil s\u00e3o mais de dois milh\u00f5es de casos registrados a cada ano.\u00a0Existem dois tipos de v\u00edrus\u00a0Influenza, o tipo A e o tipo B. O\u00a0H1N1\u00a0\u00e9 do grupo\u00a0Influenza A\u00a0e pode causar maiores complica\u00e7\u00f5es nos grupos de riscos (grupo j\u00e1 citado acima, que v\u00e3o precisar tomar a dose).\u00a0Por tr\u00e1s dos sintomas comuns como febre alta, nariz entupido, cansa\u00e7o, a doen\u00e7a pode levar a complica\u00e7\u00f5es mais s\u00e9rias como pneumonia e infarto e, por isso, \u00e9 preciso o cuidado. O m\u00e9dico e professor da Universidade Federal de S\u00e3o Paulo (Unifesp), Paulo Olzon Monteiro da Silva, alerta que a Influenza \u00e9 bastante perigosa e pode levar \u00e0 morte.<\/p>\n<h2 class=\"x_x_MsoNormal\"><b>Dia \u201cD\u201d<\/b><\/h2>\n<p class=\"x_x_MsoNormal\">Al\u00e9m de toda a campanha na cidade, Paudalho tamb\u00e9m participar\u00e1 do Dia D da\u00a0Campanha Nacional de Vacina\u00e7\u00e3o contra o Influenza, que ocorrer\u00e1 em 12 de maio. A a\u00e7\u00e3o vai ser realizada em diversas cidades do Brasil. Na data, em Paudalho, as unidades de sa\u00fade e a Secretaria de Sa\u00fade estar\u00e3o funcionando das 8h \u00e0s 17h, ofertando \u00e0 popula\u00e7\u00e3o a medica\u00e7\u00e3o contra a Influenza e tamb\u00e9m a doze da Tr\u00edplice Viral.\u00a0Para a coordenadora do Programa Nacional de Imuniza\u00e7\u00e3o (PNI), Anielle Rosa, o trabalho n\u00e3o pode parar. \u201cO objetivo \u00e9 reduzir as complica\u00e7\u00f5es, as interna\u00e7\u00f5es e mortalidade decorrentes\u00a0das infec\u00e7\u00f5es pelo v\u00edrus\u00a0 da Influenza\u00a0 e\u00a0 do sarampo na popula\u00e7\u00e3o alvo para a vacina\u00e7\u00e3o. Nossa meta \u00e9\u00a0 vacinar o m\u00e1ximo poss\u00edvel , para assim proteger\u00a0 os nossos mun\u00edcipes\u201d, disse.<\/p>\n","protected":false},"excerpt":{"rendered":"<p>O direito \u00e0 sa\u00fade est\u00e1 proposto no artigo XXV da Declara\u00e7\u00e3o Universal dos Direitos Humanos de 1948. Nele, \u00e9 definido que todo ser humano tem direito a um padr\u00e3o de vida capaz de assegurar a si mesmo e \u00e0 sua fam\u00edlia a sa\u00fade, o bem-estar, como tamb\u00e9m a alimenta\u00e7\u00e3o, vestu\u00e1rio, habita\u00e7\u00e3o, cuidados m\u00e9dicos e outros [&hellip;]<\/p>\n","protected":false},"author":4,"featured_media":2798,"comment_status":"open","ping_status":"open","sticky":false,"template":"","format":"standard","meta":{"_jetpack_newsletter_access":"","_jetpack_dont_email_post_to_subs":false,"_jetpack_newsletter_tier_id":0,"_jetpack_memberships_contains_paywalled_content":false,"_jetpack_memberships_contains_paid_content":false,"footnotes":""},"categories":[2,3],"tags":[285,286,287,22,16,168],"class_list":["post-2797","post","type-post","status-publish","format-standard","has-post-thumbnail","hentry","category-destaque","category-saude","tag-campanha-vacinacao","tag-h1n1","tag-influenza","tag-prefeitura-do-paudalho","tag-saude","tag-secretaria-de-saude"],"jetpack_featured_media_url":"https:\/\/www.paudalho.pe.gov.br\/portal\/wp-content\/uploads\/2018\/04\/df130a37-0321-44f0-896b-8d82b612a413.jpg","jetpack_sharing_enabled":true,"jetpack_shortlink":"https:\/\/wp.me\/p98mS2-J7","_links":{"self":[{"href":"https:\/\/www.paudalho.pe.gov.br\/portal\/wp-json\/wp\/v2\/posts\/2797","targetHints":{"allow":["GET"]}}],"collection":[{"href":"https:\/\/www.paudalho.pe.gov.br\/portal\/wp-json\/wp\/v2\/posts"}],"about":[{"href":"https:\/\/www.paudalho.pe.gov.br\/portal\/wp-json\/wp\/v2\/types\/post"}],"author":[{"embeddable":true,"href":"https:\/\/www.paudalho.pe.gov.br\/portal\/wp-json\/wp\/v2\/users\/4"}],"replies":[{"embeddable":true,"href":"https:\/\/www.paudalho.pe.gov.br\/portal\/wp-json\/wp\/v2\/comments?post=2797"}],"version-history":[{"count":2,"href":"https:\/\/www.paudalho.pe.gov.br\/portal\/wp-json\/wp\/v2\/posts\/2797\/revisions"}],"predecessor-version":[{"id":2800,"href":"https:\/\/www.paudalho.pe.gov.br\/portal\/wp-json\/wp\/v2\/posts\/2797\/revisions\/2800"}],"wp:featuredmedia":[{"embeddable":true,"href":"https:\/\/www.paudalho.pe.gov.br\/portal\/wp-json\/wp\/v2\/media\/2798"}],"wp:attachment":[{"href":"https:\/\/www.paudalho.pe.gov.br\/portal\/wp-json\/wp\/v2\/media?parent=2797"}],"wp:term":[{"taxonomy":"category","embeddable":true,"href":"https:\/\/www.paudalho.pe.gov.br\/portal\/wp-json\/wp\/v2\/categories?post=2797"},{"taxonomy":"post_tag","embeddable":true,"href":"https:\/\/www.paudalho.pe.gov.br\/portal\/wp-json\/wp\/v2\/tags?post=2797"}],"curies":[{"name":"wp","href":"https:\/\/api.w.org\/{rel}","templated":true}]}}