{"id":2764,"date":"2018-04-06T11:04:06","date_gmt":"2018-04-06T14:04:06","guid":{"rendered":"http:\/\/www.paudalho.pe.gov.br\/portal\/?p=2764"},"modified":"2018-04-06T11:52:46","modified_gmt":"2018-04-06T14:52:46","slug":"com-apoio-da-prefeitura-filme-sobre-trajetoria-do-frei-damiao-sera-gravado-em-paudalho","status":"publish","type":"post","link":"https:\/\/www.paudalho.pe.gov.br\/portal\/com-apoio-da-prefeitura-filme-sobre-trajetoria-do-frei-damiao-sera-gravado-em-paudalho\/","title":{"rendered":"Com apoio da Prefeitura, filme sobre trajet\u00f3ria do Frei Dami\u00e3o ser\u00e1 gravado em Paudalho"},"content":{"rendered":"<p>A vida de uma das figuras religiosas mais influentes do Brasil vai virar filme. &#8220;Frei Dami\u00e3o: o Santo do Nordeste&#8221; vai para as telonas e contar\u00e1 o lado humano do frade italiano, radicado no pa\u00eds que ganhou o cora\u00e7\u00e3o de milhares de fi\u00e9is brasileiros. Com apoio da Prefeitura do Paudalho por meio da Secretaria de Cultura e Turismo, algumas cenas do longa-metragem ser\u00e3o gravadas na cidade.<\/p>\n<p>De acordo com o produtor da obra, Manu Dias, o projeto vai mostrar o lado mais humano do religioso. &#8220;Esse filme conta toda a hist\u00f3ria do Frei Dami\u00e3o que est\u00e1 em processo de beatifica\u00e7\u00e3o e obra s\u00f3 vem coroar tudo o que ele fez pelo Nordeste. A gente est\u00e1 querendo mostrar o lado humano dele&#8230;A gente quer mostrar \u00e0s pessoas um lado da inf\u00e2ncia, um lado da fam\u00edlia dele, j\u00e1 que muitas pessoas n\u00e3o t\u00eam acesso a isso&#8221;, comentou.<\/p>\n<h2>&#8220;Esse filme quer trazer o amor. Em uma hora de prega\u00e7\u00e3o ao \u00f3dio a gente precisa colocar mais amor nas vidas das pessoas&#8221;(Manu Dias)<\/h2>\n<p>As filmagens v\u00e3o durar cerca de cinco semanas e contar\u00e1 com uma equipe de 40 profissionais. Em Paudalho, a equipe utilizar\u00e1 a antiga Esta\u00e7\u00e3o de Trem. A cena vai mostrar Frei Dami\u00e3o com idade entre 10 e 12 anos, indo para a cidade de Luca, na It\u00e1lia, e como j\u00e1 desde cedo ele era uma pessoa caridosa. Segundo Manu Dias, sem a parceria com a Prefeitura, o projeto n\u00e3o ocorreria. &#8220;\u00c9 de extrema import\u00e2ncia. Sem esse apoio a gente n\u00e3o conseguiria viabilizar. Essas parcerias s\u00f3 agregam&#8221;, explicou.<\/p>\n<p>Para o secret\u00e1rio de Cultura e Turismo, Jobson Oliveira, apoiar iniciativas culturais s\u00f3 refor\u00e7a o comprometimento da Prefeitura com Paudalho. &#8220;Estamos felizes em poder cooperar com mais um filme (em 2017 Paudalho apoiou as filmagens do longa &#8220;Os Ovos da Raposa) porque isso mostra que nosso Munic\u00edpio se preocupa com a cultura. Esse apoio \u00e9 mais um exemplo de comprometimento&#8221;, disse. Outra produ\u00e7\u00e3o tamb\u00e9m gravada em Paudalho foi o Filme Lisbela e o Prisioneiro (1993), do diretor Guel Arraes.<\/p>\n<h2>Quem \u00e9 Frei Dami\u00e3o<\/h2>\n<p>O religioso, filho dos camponeses italianos Felix e Maria Giannotti, nasceu em cinco de novembro de 1898, em Bozzano na It\u00e1lia. Foi um frade radicado no Brasil que se destacou como sin\u00f4nimo de generosidade e humildade. Durante 66 anos peregrinou por diversas cidades do Nordeste Brasileiro levando a evangeliza\u00e7\u00e3o. Frei Dami\u00e3o morreu no Recife, em 31 de maio de 1997 e seu pedido de canoniza\u00e7\u00e3o foi aberto em 2013. Atualmente o processo est\u00e1 bastante avan\u00e7ando.<\/p>\n<p>&nbsp;<\/p>\n<p>&nbsp;<\/p>\n","protected":false},"excerpt":{"rendered":"<p>A vida de uma das figuras religiosas mais influentes do Brasil vai virar filme. &#8220;Frei Dami\u00e3o: o Santo do Nordeste&#8221; vai para as telonas e contar\u00e1 o lado humano do frade italiano, radicado no pa\u00eds que ganhou o cora\u00e7\u00e3o de milhares de fi\u00e9is brasileiros. Com apoio da Prefeitura do Paudalho por meio da Secretaria de [&hellip;]<\/p>\n","protected":false},"author":4,"featured_media":2765,"comment_status":"open","ping_status":"open","sticky":false,"template":"","format":"standard","meta":{"_jetpack_newsletter_access":"","_jetpack_dont_email_post_to_subs":false,"_jetpack_newsletter_tier_id":0,"_jetpack_memberships_contains_paywalled_content":false,"_jetpack_memberships_contains_paid_content":false,"footnotes":""},"categories":[6,2],"tags":[68,90,284,22,238],"class_list":["post-2764","post","type-post","status-publish","format-standard","has-post-thumbnail","hentry","category-cultura","category-destaque","tag-cultura","tag-filme","tag-frei-damiao","tag-prefeitura-do-paudalho","tag-secretaria-de-cultura-e-turismo"],"jetpack_featured_media_url":"https:\/\/www.paudalho.pe.gov.br\/portal\/wp-content\/uploads\/2018\/04\/a5168e7a-72ab-4379-9ec7-8a0a903bafa2.jpg","jetpack_sharing_enabled":true,"jetpack_shortlink":"https:\/\/wp.me\/p98mS2-IA","_links":{"self":[{"href":"https:\/\/www.paudalho.pe.gov.br\/portal\/wp-json\/wp\/v2\/posts\/2764","targetHints":{"allow":["GET"]}}],"collection":[{"href":"https:\/\/www.paudalho.pe.gov.br\/portal\/wp-json\/wp\/v2\/posts"}],"about":[{"href":"https:\/\/www.paudalho.pe.gov.br\/portal\/wp-json\/wp\/v2\/types\/post"}],"author":[{"embeddable":true,"href":"https:\/\/www.paudalho.pe.gov.br\/portal\/wp-json\/wp\/v2\/users\/4"}],"replies":[{"embeddable":true,"href":"https:\/\/www.paudalho.pe.gov.br\/portal\/wp-json\/wp\/v2\/comments?post=2764"}],"version-history":[{"count":11,"href":"https:\/\/www.paudalho.pe.gov.br\/portal\/wp-json\/wp\/v2\/posts\/2764\/revisions"}],"predecessor-version":[{"id":2776,"href":"https:\/\/www.paudalho.pe.gov.br\/portal\/wp-json\/wp\/v2\/posts\/2764\/revisions\/2776"}],"wp:featuredmedia":[{"embeddable":true,"href":"https:\/\/www.paudalho.pe.gov.br\/portal\/wp-json\/wp\/v2\/media\/2765"}],"wp:attachment":[{"href":"https:\/\/www.paudalho.pe.gov.br\/portal\/wp-json\/wp\/v2\/media?parent=2764"}],"wp:term":[{"taxonomy":"category","embeddable":true,"href":"https:\/\/www.paudalho.pe.gov.br\/portal\/wp-json\/wp\/v2\/categories?post=2764"},{"taxonomy":"post_tag","embeddable":true,"href":"https:\/\/www.paudalho.pe.gov.br\/portal\/wp-json\/wp\/v2\/tags?post=2764"}],"curies":[{"name":"wp","href":"https:\/\/api.w.org\/{rel}","templated":true}]}}