{"id":27089,"date":"2023-08-17T13:56:12","date_gmt":"2023-08-17T16:56:12","guid":{"rendered":"https:\/\/www.paudalho.pe.gov.br\/portal\/?p=27089"},"modified":"2025-01-08T00:38:48","modified_gmt":"2025-01-08T03:38:48","slug":"inscricoes-abertas-para-programa-de-educacao-empreendedora-forme-curso-de-empreendedorismo","status":"publish","type":"post","link":"https:\/\/www.paudalho.pe.gov.br\/portal\/inscricoes-abertas-para-programa-de-educacao-empreendedora-forme-curso-de-empreendedorismo\/","title":{"rendered":"<strong>Inscri\u00e7\u00f5es abertas para Programa de Educa\u00e7\u00e3o Empreendedora (Forme), curso de empreendedorismo<\/strong>"},"content":{"rendered":"\n<p>A Prefeitura do Paudalho, por meio da Secretaria de Desenvolvimento Econ\u00f4mico, Meio Ambiente e Qualifica\u00e7\u00e3o Profissional (SEDEMAQ), est\u00e1 com inscri\u00e7\u00f5es abertas at\u00e9 28 de agosto para o Programa de Educa\u00e7\u00e3o Empreendedora (Forme), em parceria com a Fecom\u00e9rcio PE. A a\u00e7\u00e3o oferece um curso de capacita\u00e7\u00e3o sobre empreendedorismo para jovens que conclu\u00edram ou est\u00e3o concluindo o ensino m\u00e9dio.<\/p>\n\n\n\n<p>O Programa visa a qualifica\u00e7\u00e3o de jovens e empreendedores formais e informais, para que os participantes possam criar o plano de neg\u00f3cio da sua empresa em 33 dias, com 99 horas totais de aula. Ao finalizar o curso, os inscritos ter\u00e3o a formaliza\u00e7\u00e3o do seu neg\u00f3cio e ser\u00e1 indicado uma institui\u00e7\u00e3o financeira para financiar o projeto.<\/p>\n\n\n\n<p>A iniciativa tem como p\u00fablico-alvo jovens maiores de 18 anos, com cerca de 30 vagas dispon\u00edveis. Os interessados podem se cadastrar na sede da Pasta, localizada no P\u00e1tio da Feira, Centro da cidade, das 8h \u00e0s 14h. \u00c9 necess\u00e1rio levar os documentos originais: RG, CPF, Comprovante de resid\u00eancia, ficha 19, declara\u00e7\u00e3o escolar. Para mais informa\u00e7\u00f5es, contate pelo e-mail: <a href=\"mailto:saladoempreendedorpaudalho@gmail.com\">saladoempreendedorpaudalho@gmail.com<\/a>, ou pelo telefone: (81) 99817-0053.<\/p>\n","protected":false},"excerpt":{"rendered":"<p>A Prefeitura do Paudalho, por meio da Secretaria de Desenvolvimento Econ\u00f4mico, Meio Ambiente e Qualifica\u00e7\u00e3o Profissional (SEDEMAQ), est\u00e1 com inscri\u00e7\u00f5es abertas at\u00e9 28 de agosto para o Programa de Educa\u00e7\u00e3o Empreendedora (Forme), em parceria com a Fecom\u00e9rcio PE. A a\u00e7\u00e3o oferece um curso de capacita\u00e7\u00e3o sobre empreendedorismo para jovens que conclu\u00edram ou est\u00e3o concluindo o [&hellip;]<\/p>\n","protected":false},"author":11,"featured_media":27120,"comment_status":"open","ping_status":"open","sticky":false,"template":"","format":"standard","meta":{"_jetpack_newsletter_access":"","_jetpack_dont_email_post_to_subs":false,"_jetpack_newsletter_tier_id":0,"_jetpack_memberships_contains_paywalled_content":false,"_jetpack_memberships_contains_paid_content":false,"footnotes":""},"categories":[2,1,753],"tags":[1238,139,754],"class_list":["post-27089","post","type-post","status-publish","format-standard","has-post-thumbnail","hentry","category-destaque","category-noticias","category-qualificacao-profissional","tag-programa-de-educacao-empreendedora","tag-sala-do-empreendedor","tag-sedemaq"],"jetpack_featured_media_url":"https:\/\/www.paudalho.pe.gov.br\/portal\/wp-content\/uploads\/2023\/08\/SALA-DO-EMPREENDEDOR.png","jetpack_sharing_enabled":true,"jetpack_shortlink":"https:\/\/wp.me\/p98mS2-72V","_links":{"self":[{"href":"https:\/\/www.paudalho.pe.gov.br\/portal\/wp-json\/wp\/v2\/posts\/27089","targetHints":{"allow":["GET"]}}],"collection":[{"href":"https:\/\/www.paudalho.pe.gov.br\/portal\/wp-json\/wp\/v2\/posts"}],"about":[{"href":"https:\/\/www.paudalho.pe.gov.br\/portal\/wp-json\/wp\/v2\/types\/post"}],"author":[{"embeddable":true,"href":"https:\/\/www.paudalho.pe.gov.br\/portal\/wp-json\/wp\/v2\/users\/11"}],"replies":[{"embeddable":true,"href":"https:\/\/www.paudalho.pe.gov.br\/portal\/wp-json\/wp\/v2\/comments?post=27089"}],"version-history":[{"count":1,"href":"https:\/\/www.paudalho.pe.gov.br\/portal\/wp-json\/wp\/v2\/posts\/27089\/revisions"}],"predecessor-version":[{"id":27121,"href":"https:\/\/www.paudalho.pe.gov.br\/portal\/wp-json\/wp\/v2\/posts\/27089\/revisions\/27121"}],"wp:featuredmedia":[{"embeddable":true,"href":"https:\/\/www.paudalho.pe.gov.br\/portal\/wp-json\/wp\/v2\/media\/27120"}],"wp:attachment":[{"href":"https:\/\/www.paudalho.pe.gov.br\/portal\/wp-json\/wp\/v2\/media?parent=27089"}],"wp:term":[{"taxonomy":"category","embeddable":true,"href":"https:\/\/www.paudalho.pe.gov.br\/portal\/wp-json\/wp\/v2\/categories?post=27089"},{"taxonomy":"post_tag","embeddable":true,"href":"https:\/\/www.paudalho.pe.gov.br\/portal\/wp-json\/wp\/v2\/tags?post=27089"}],"curies":[{"name":"wp","href":"https:\/\/api.w.org\/{rel}","templated":true}]}}