{"id":2695,"date":"2018-03-26T12:23:50","date_gmt":"2018-03-26T15:23:50","guid":{"rendered":"http:\/\/www.paudalho.pe.gov.br\/portal\/?p=2695"},"modified":"2018-03-26T12:57:33","modified_gmt":"2018-03-26T15:57:33","slug":"domingo-de-ramos-atrai-multidao-em-paudalho","status":"publish","type":"post","link":"https:\/\/www.paudalho.pe.gov.br\/portal\/domingo-de-ramos-atrai-multidao-em-paudalho\/","title":{"rendered":"Domingo de Ramos atrai multid\u00e3o em Paudalho"},"content":{"rendered":"<p>Emo\u00e7\u00e3o, f\u00e9 e muita devo\u00e7\u00e3o marcaram o Domingo de Ramos, neste domingo (25), em Paudalho. Milhares de romeiros de todo o Brasil compareceram a S\u00e3o Severino dos Ramos, em uma solenidade emocionante. A programa\u00e7\u00e3o come\u00e7ou \u00e0s 8h com missa campal presidida pelo vig\u00e1rio paroquial do Paudalho, padre Amaro Manuel da Silva e seguiu at\u00e9 \u00e0s 10h. Dentro da igreja de Nossa Senhora da Luz, fi\u00e9is prestavam homenagens, intercediam e mostravam agradecimento.<br \/>\nA aposentada Maria Pereira da Silva, de 89 anos, participou do momento e pediu sa\u00fade. &#8220;J\u00e1 vim umas dez vezes porque o cora\u00e7\u00e3o fica emocionado. Eu estou t\u00e3o feliz. Eu vim pedir uma cura e eu tenho f\u00e9 porque ele tem poder para me curar&#8221;, comentou.<\/p>\n<div id=\"attachment_2696\" style=\"width: 610px\" class=\"wp-caption alignnone\"><img loading=\"lazy\" decoding=\"async\" aria-describedby=\"caption-attachment-2696\" data-attachment-id=\"2696\" data-permalink=\"https:\/\/www.paudalho.pe.gov.br\/portal\/domingo-de-ramos-atrai-multidao-em-paudalho\/dsc09261\/\" data-orig-file=\"https:\/\/www.paudalho.pe.gov.br\/portal\/wp-content\/uploads\/2018\/03\/DSC09261.jpg\" data-orig-size=\"6000,4000\" data-comments-opened=\"1\" data-image-meta=\"{&quot;aperture&quot;:&quot;0&quot;,&quot;credit&quot;:&quot;&quot;,&quot;camera&quot;:&quot;&quot;,&quot;caption&quot;:&quot;&quot;,&quot;created_timestamp&quot;:&quot;0&quot;,&quot;copyright&quot;:&quot;&quot;,&quot;focal_length&quot;:&quot;0&quot;,&quot;iso&quot;:&quot;0&quot;,&quot;shutter_speed&quot;:&quot;0&quot;,&quot;title&quot;:&quot;&quot;,&quot;orientation&quot;:&quot;0&quot;}\" data-image-title=\"DSC09261\" data-image-description=\"\" data-image-caption=\"&lt;p&gt;Foto: Diego Lira&lt;\/p&gt;\n\" data-medium-file=\"https:\/\/www.paudalho.pe.gov.br\/portal\/wp-content\/uploads\/2018\/03\/DSC09261-350x230.jpg\" data-large-file=\"https:\/\/www.paudalho.pe.gov.br\/portal\/wp-content\/uploads\/2018\/03\/DSC09261-800x450.jpg\" class=\" wp-image-2696\" src=\"http:\/\/www.paudalho.pe.gov.br\/portal\/wp-content\/uploads\/2018\/03\/DSC09261-350x230.jpg\" alt=\"\" width=\"600\" height=\"394\" \/><p id=\"caption-attachment-2696\" class=\"wp-caption-text\">Foto: Diego Lira<\/p><\/div>\n<p>&nbsp;<\/p>\n<div id=\"attachment_2699\" style=\"width: 613px\" class=\"wp-caption alignnone\"><img loading=\"lazy\" decoding=\"async\" aria-describedby=\"caption-attachment-2699\" data-attachment-id=\"2699\" data-permalink=\"https:\/\/www.paudalho.pe.gov.br\/portal\/domingo-de-ramos-atrai-multidao-em-paudalho\/dsc09248\/\" data-orig-file=\"https:\/\/www.paudalho.pe.gov.br\/portal\/wp-content\/uploads\/2018\/03\/DSC09248.jpg\" data-orig-size=\"6000,4000\" data-comments-opened=\"1\" data-image-meta=\"{&quot;aperture&quot;:&quot;0&quot;,&quot;credit&quot;:&quot;&quot;,&quot;camera&quot;:&quot;&quot;,&quot;caption&quot;:&quot;&quot;,&quot;created_timestamp&quot;:&quot;0&quot;,&quot;copyright&quot;:&quot;&quot;,&quot;focal_length&quot;:&quot;0&quot;,&quot;iso&quot;:&quot;0&quot;,&quot;shutter_speed&quot;:&quot;0&quot;,&quot;title&quot;:&quot;&quot;,&quot;orientation&quot;:&quot;0&quot;}\" data-image-title=\"DSC09248\" data-image-description=\"\" data-image-caption=\"&lt;p&gt;Foto: Diego Lira&lt;\/p&gt;\n\" data-medium-file=\"https:\/\/www.paudalho.pe.gov.br\/portal\/wp-content\/uploads\/2018\/03\/DSC09248-350x230.jpg\" data-large-file=\"https:\/\/www.paudalho.pe.gov.br\/portal\/wp-content\/uploads\/2018\/03\/DSC09248-800x450.jpg\" class=\" wp-image-2699\" src=\"http:\/\/www.paudalho.pe.gov.br\/portal\/wp-content\/uploads\/2018\/03\/DSC09248-350x230.jpg\" alt=\"\" width=\"603\" height=\"396\" \/><p id=\"caption-attachment-2699\" class=\"wp-caption-text\">Foto: Diego Lira<\/p><\/div>\n<p><img loading=\"lazy\" decoding=\"async\" data-attachment-id=\"2700\" data-permalink=\"https:\/\/www.paudalho.pe.gov.br\/portal\/domingo-de-ramos-atrai-multidao-em-paudalho\/dsc09250\/\" data-orig-file=\"https:\/\/www.paudalho.pe.gov.br\/portal\/wp-content\/uploads\/2018\/03\/DSC09250.jpg\" data-orig-size=\"6000,4000\" data-comments-opened=\"1\" data-image-meta=\"{&quot;aperture&quot;:&quot;0&quot;,&quot;credit&quot;:&quot;&quot;,&quot;camera&quot;:&quot;&quot;,&quot;caption&quot;:&quot;&quot;,&quot;created_timestamp&quot;:&quot;0&quot;,&quot;copyright&quot;:&quot;&quot;,&quot;focal_length&quot;:&quot;0&quot;,&quot;iso&quot;:&quot;0&quot;,&quot;shutter_speed&quot;:&quot;0&quot;,&quot;title&quot;:&quot;&quot;,&quot;orientation&quot;:&quot;0&quot;}\" data-image-title=\"DSC09250\" data-image-description=\"\" data-image-caption=\"\" data-medium-file=\"https:\/\/www.paudalho.pe.gov.br\/portal\/wp-content\/uploads\/2018\/03\/DSC09250-350x230.jpg\" data-large-file=\"https:\/\/www.paudalho.pe.gov.br\/portal\/wp-content\/uploads\/2018\/03\/DSC09250-800x450.jpg\" class=\"alignnone wp-image-2700\" src=\"http:\/\/www.paudalho.pe.gov.br\/portal\/wp-content\/uploads\/2018\/03\/DSC09250-350x230.jpg\" alt=\"\" width=\"601\" height=\"395\" \/><\/p>\n<p>A celebra\u00e7\u00e3o contou com o apoio da Guarda Municipal em um esquema de mobilidade que come\u00e7ou logo no \u00faltimo s\u00e1bado (24) e seguiu at\u00e9 o dia da festa. A opera\u00e7\u00e3o disponibilizou um efetivo de 24 homens no Domingo de Ramos. A comandante da Guarda Municipal, Rebeca Figueiredo, detalhou o objetivo da a\u00e7\u00e3o. &#8220;J\u00e1 s\u00e3o dois anos que a Guarda Municipal vem trabalhando com o servi\u00e7o, j\u00e1 no dia anterior de S\u00e3o Severino dos Ramos, visando melhorar a quest\u00e3o do tr\u00e2nsito e da coletividade. Ano passado n\u00f3s empenhamos nove guardas e 20 apoios. Esse ano conseguimos ordenar todo efetivo e ainda o comercio, deixando o tr\u00e2nsito livre&#8221;, destacou. O momento ainda contou com o apoio da Secretaria de Sa\u00fade.<\/p>\n<div id=\"attachment_2698\" style=\"width: 613px\" class=\"wp-caption alignnone\"><img loading=\"lazy\" decoding=\"async\" aria-describedby=\"caption-attachment-2698\" data-attachment-id=\"2698\" data-permalink=\"https:\/\/www.paudalho.pe.gov.br\/portal\/domingo-de-ramos-atrai-multidao-em-paudalho\/dsc09274\/\" data-orig-file=\"https:\/\/www.paudalho.pe.gov.br\/portal\/wp-content\/uploads\/2018\/03\/DSC09274.jpg\" data-orig-size=\"6000,4000\" data-comments-opened=\"1\" data-image-meta=\"{&quot;aperture&quot;:&quot;0&quot;,&quot;credit&quot;:&quot;&quot;,&quot;camera&quot;:&quot;&quot;,&quot;caption&quot;:&quot;&quot;,&quot;created_timestamp&quot;:&quot;0&quot;,&quot;copyright&quot;:&quot;&quot;,&quot;focal_length&quot;:&quot;0&quot;,&quot;iso&quot;:&quot;0&quot;,&quot;shutter_speed&quot;:&quot;0&quot;,&quot;title&quot;:&quot;&quot;,&quot;orientation&quot;:&quot;0&quot;}\" data-image-title=\"DSC09274\" data-image-description=\"\" data-image-caption=\"&lt;p&gt;Foto: Diego Lira&lt;\/p&gt;\n\" data-medium-file=\"https:\/\/www.paudalho.pe.gov.br\/portal\/wp-content\/uploads\/2018\/03\/DSC09274-350x230.jpg\" data-large-file=\"https:\/\/www.paudalho.pe.gov.br\/portal\/wp-content\/uploads\/2018\/03\/DSC09274-800x450.jpg\" class=\" wp-image-2698\" src=\"http:\/\/www.paudalho.pe.gov.br\/portal\/wp-content\/uploads\/2018\/03\/DSC09274-350x230.jpg\" alt=\"\" width=\"603\" height=\"396\" \/><p id=\"caption-attachment-2698\" class=\"wp-caption-text\">Foto: Diego Lira<\/p><\/div>\n<h2>Devo\u00e7\u00e3o<\/h2>\n<p>A f\u00e9 em S\u00e3o Severino dos Ramos \u00e9 uma pr\u00e1tica cat\u00f3lica realizada em diversos estados do Nordeste. A est\u00e1tua, em tamanho natural, com origem incerta, representa S\u00e3o Severino de N\u00f3rica, deitado e vestido em trajes de soldado romano. Ela encontra-se na Igreja de Nossa Senhora da Luz, em Paudalho, Pernambuco.<\/p>\n<p>Os primeiros relatos da realiza\u00e7\u00e3o de prod\u00edgios por interm\u00e9dio do santo s\u00e3o do s\u00e9culo XIX, quando se iniciou a hist\u00f3ria de que a est\u00e1tua seria o pr\u00f3prio cad\u00e1ver incorrupto de S\u00e3o Severino. A not\u00edcia, na \u00e9poca, se espalhou entre os habitantes das regi\u00f5es circunvizinhas, e diversos fi\u00e9is de v\u00e1rios lugares do Nordeste passaram a frequentar a Igreja de Nossa Senhora da Luz, no Engenho Ramos, onde a est\u00e1tua se encontrava.<\/p>\n<h2>Entendendo a hist\u00f3ria<\/h2>\n<p>Relatos apontam que a f\u00e9 foi fundamentada na hist\u00f3ria de S\u00e3o Severino M\u00e1rtir, soldado romano dos primeiros s\u00e9culos do cristianismo. De acordo com a tradi\u00e7\u00e3o, ele foi um soldado romano martirizado no s\u00e9culo II ou III. A Prefeitura do Paudalho segue no comprometimento de apoiar as manifesta\u00e7\u00f5es religiosas do Munic\u00edpio.<\/p>\n","protected":false},"excerpt":{"rendered":"<p>Emo\u00e7\u00e3o, f\u00e9 e muita devo\u00e7\u00e3o marcaram o Domingo de Ramos, neste domingo (25), em Paudalho. Milhares de romeiros de todo o Brasil compareceram a S\u00e3o Severino dos Ramos, em uma solenidade emocionante. A programa\u00e7\u00e3o come\u00e7ou \u00e0s 8h com missa campal presidida pelo vig\u00e1rio paroquial do Paudalho, padre Amaro Manuel da Silva e seguiu at\u00e9 \u00e0s [&hellip;]<\/p>\n","protected":false},"author":4,"featured_media":2697,"comment_status":"open","ping_status":"open","sticky":false,"template":"","format":"standard","meta":{"_jetpack_newsletter_access":"","_jetpack_dont_email_post_to_subs":false,"_jetpack_newsletter_tier_id":0,"_jetpack_memberships_contains_paywalled_content":false,"_jetpack_memberships_contains_paid_content":false,"footnotes":""},"categories":[6,2,1],"tags":[276,14,22,277],"class_list":["post-2695","post","type-post","status-publish","format-standard","has-post-thumbnail","hentry","category-cultura","category-destaque","category-noticias","tag-domingo-de-ramos","tag-paudalho","tag-prefeitura-do-paudalho","tag-sao-severino-dos-ramos"],"jetpack_featured_media_url":"https:\/\/www.paudalho.pe.gov.br\/portal\/wp-content\/uploads\/2018\/03\/DSC09255.jpg","jetpack_sharing_enabled":true,"jetpack_shortlink":"https:\/\/wp.me\/p98mS2-Ht","_links":{"self":[{"href":"https:\/\/www.paudalho.pe.gov.br\/portal\/wp-json\/wp\/v2\/posts\/2695","targetHints":{"allow":["GET"]}}],"collection":[{"href":"https:\/\/www.paudalho.pe.gov.br\/portal\/wp-json\/wp\/v2\/posts"}],"about":[{"href":"https:\/\/www.paudalho.pe.gov.br\/portal\/wp-json\/wp\/v2\/types\/post"}],"author":[{"embeddable":true,"href":"https:\/\/www.paudalho.pe.gov.br\/portal\/wp-json\/wp\/v2\/users\/4"}],"replies":[{"embeddable":true,"href":"https:\/\/www.paudalho.pe.gov.br\/portal\/wp-json\/wp\/v2\/comments?post=2695"}],"version-history":[{"count":6,"href":"https:\/\/www.paudalho.pe.gov.br\/portal\/wp-json\/wp\/v2\/posts\/2695\/revisions"}],"predecessor-version":[{"id":2707,"href":"https:\/\/www.paudalho.pe.gov.br\/portal\/wp-json\/wp\/v2\/posts\/2695\/revisions\/2707"}],"wp:featuredmedia":[{"embeddable":true,"href":"https:\/\/www.paudalho.pe.gov.br\/portal\/wp-json\/wp\/v2\/media\/2697"}],"wp:attachment":[{"href":"https:\/\/www.paudalho.pe.gov.br\/portal\/wp-json\/wp\/v2\/media?parent=2695"}],"wp:term":[{"taxonomy":"category","embeddable":true,"href":"https:\/\/www.paudalho.pe.gov.br\/portal\/wp-json\/wp\/v2\/categories?post=2695"},{"taxonomy":"post_tag","embeddable":true,"href":"https:\/\/www.paudalho.pe.gov.br\/portal\/wp-json\/wp\/v2\/tags?post=2695"}],"curies":[{"name":"wp","href":"https:\/\/api.w.org\/{rel}","templated":true}]}}