{"id":2686,"date":"2018-03-22T14:08:16","date_gmt":"2018-03-22T17:08:16","guid":{"rendered":"http:\/\/www.paudalho.pe.gov.br\/portal\/?p=2686"},"modified":"2018-03-22T14:19:50","modified_gmt":"2018-03-22T17:19:50","slug":"domingo-de-ramos-sao-severino-dos-ramos-deve-receber-cerca-de-mil-onibus-de-romeiros","status":"publish","type":"post","link":"https:\/\/www.paudalho.pe.gov.br\/portal\/domingo-de-ramos-sao-severino-dos-ramos-deve-receber-cerca-de-mil-onibus-de-romeiros\/","title":{"rendered":"Domingo de Ramos: S\u00e3o Severino dos Ramos deve receber cerca de mil \u00f4nibus de romeiros"},"content":{"rendered":"<p>Um dos maiores polos de romeiros do Brasil, S\u00e3o Severino dos Ramos receber\u00e1 fi\u00e9is de todo o pa\u00eds, no pr\u00f3ximo domingo (25) no tradicional \u201cDomingo de Ramos\u201d. A manifesta\u00e7\u00e3o religiosa come\u00e7a \u00e0s 8h, com missa campal em frente a Igreja de Nossa Senhora da Luz, presidida pelo vig\u00e1rio paroquial do Paudalho, padre Amaro Manuel da Silva. \u00c0s 10h, encerrando o momento religioso, os fi\u00e9is v\u00e3o participar de uma celebra\u00e7\u00e3o eucar\u00edstica ministrada pelo bispo Diocesano, Dom Francisco de Assis Dantas Lucena.<\/p>\n<p>De acordo com o secret\u00e1rio de Cultura e Turismo, Jobson Oliveira, a expectativa \u00e9 que a cidade receba cerca de mil \u00f4nibus com visitantes. \u201cO Domingo de Ramos encerra o per\u00edodo de romarias em S\u00e3o Severino dos Ramos. A gente come\u00e7a a receber os romeiros no s\u00e1bado; s\u00e3o cerca de mil \u00f4nibus para esse evento. Fico muito feliz em ver que nosso Munic\u00edpio mant\u00e9m as tradi\u00e7\u00f5es religiosas vivas\u201d, comentou.<\/p>\n<p><img loading=\"lazy\" decoding=\"async\" data-attachment-id=\"2688\" data-permalink=\"https:\/\/www.paudalho.pe.gov.br\/portal\/domingo-de-ramos-sao-severino-dos-ramos-deve-receber-cerca-de-mil-onibus-de-romeiros\/77afec2e-1296-4304-b951-99493fd4c79e\/\" data-orig-file=\"https:\/\/www.paudalho.pe.gov.br\/portal\/wp-content\/uploads\/2018\/03\/77afec2e-1296-4304-b951-99493fd4c79e.jpg\" data-orig-size=\"960,640\" data-comments-opened=\"1\" data-image-meta=\"{&quot;aperture&quot;:&quot;0&quot;,&quot;credit&quot;:&quot;&quot;,&quot;camera&quot;:&quot;&quot;,&quot;caption&quot;:&quot;&quot;,&quot;created_timestamp&quot;:&quot;0&quot;,&quot;copyright&quot;:&quot;&quot;,&quot;focal_length&quot;:&quot;0&quot;,&quot;iso&quot;:&quot;0&quot;,&quot;shutter_speed&quot;:&quot;0&quot;,&quot;title&quot;:&quot;&quot;,&quot;orientation&quot;:&quot;0&quot;}\" data-image-title=\"77afec2e-1296-4304-b951-99493fd4c79e\" data-image-description=\"\" data-image-caption=\"\" data-medium-file=\"https:\/\/www.paudalho.pe.gov.br\/portal\/wp-content\/uploads\/2018\/03\/77afec2e-1296-4304-b951-99493fd4c79e-350x230.jpg\" data-large-file=\"https:\/\/www.paudalho.pe.gov.br\/portal\/wp-content\/uploads\/2018\/03\/77afec2e-1296-4304-b951-99493fd4c79e-800x450.jpg\" class=\"alignnone wp-image-2688\" src=\"http:\/\/www.paudalho.pe.gov.br\/portal\/wp-content\/uploads\/2018\/03\/77afec2e-1296-4304-b951-99493fd4c79e-350x230.jpg\" alt=\"\" width=\"606\" height=\"398\" \/><\/p>\n<h2>Devo\u00e7\u00e3o<\/h2>\n<p>A f\u00e9 em S\u00e3o Severino dos Ramos \u00e9 uma pr\u00e1tica cat\u00f3lica realizada em diversos estados do Nordeste. A est\u00e1tua, em tamanho natural, com origem incerta, representa S\u00e3o Severino de N\u00f3rica, deitado e vestido em trajes de soldado romano. Ela encontra-se na Igreja de Nossa Senhora da Luz, em Paudalho, Pernambuco.<\/p>\n<p>Os primeiros relatos da realiza\u00e7\u00e3o de prod\u00edgios por interm\u00e9dio do santo s\u00e3o do s\u00e9culo XIX, quando se iniciou a hist\u00f3ria de que a est\u00e1tua seria o pr\u00f3prio cad\u00e1ver incorrupto de S\u00e3o Severino. A not\u00edcia, na \u00e9poca, se espalhou entre os habitantes das regi\u00f5es circunvizinhas, e diversos fi\u00e9is de v\u00e1rios lugares do Nordeste passaram a frequentar a Igreja de Nossa Senhora da Luz, no Engenho Ramos, onde a est\u00e1tua se encontrava.<\/p>\n<h2>Entendendo a hist\u00f3ria<\/h2>\n<p>Relatos apontam que a f\u00e9 foi fundamentada na hist\u00f3ria de S\u00e3o Severino M\u00e1rtir, soldado romano dos primeiros s\u00e9culos do cristianismo. De acordo com a tradi\u00e7\u00e3o, ele foi um soldado romano martirizado no s\u00e9culo II ou III. A Prefeitura do Paudalho segue no comprometimento de apoiar as manifesta\u00e7\u00f5es religiosas do Munic\u00edpio.<\/p>\n<p>&nbsp;<\/p>\n<p>&nbsp;<\/p>\n<p>&nbsp;<\/p>\n","protected":false},"excerpt":{"rendered":"<p>Um dos maiores polos de romeiros do Brasil, S\u00e3o Severino dos Ramos receber\u00e1 fi\u00e9is de todo o pa\u00eds, no pr\u00f3ximo domingo (25) no tradicional \u201cDomingo de Ramos\u201d. A manifesta\u00e7\u00e3o religiosa come\u00e7a \u00e0s 8h, com missa campal em frente a Igreja de Nossa Senhora da Luz, presidida pelo vig\u00e1rio paroquial do Paudalho, padre Amaro Manuel da [&hellip;]<\/p>\n","protected":false},"author":4,"featured_media":2687,"comment_status":"open","ping_status":"open","sticky":false,"template":"","format":"standard","meta":{"_jetpack_newsletter_access":"","_jetpack_dont_email_post_to_subs":false,"_jetpack_newsletter_tier_id":0,"_jetpack_memberships_contains_paywalled_content":false,"_jetpack_memberships_contains_paid_content":false,"footnotes":""},"categories":[6,2,1],"tags":[276,14,277],"class_list":["post-2686","post","type-post","status-publish","format-standard","has-post-thumbnail","hentry","category-cultura","category-destaque","category-noticias","tag-domingo-de-ramos","tag-paudalho","tag-sao-severino-dos-ramos"],"jetpack_featured_media_url":"https:\/\/www.paudalho.pe.gov.br\/portal\/wp-content\/uploads\/2018\/03\/1ffd146a-8bc3-425e-b5fd-7373696a4567.jpg","jetpack_sharing_enabled":true,"jetpack_shortlink":"https:\/\/wp.me\/p98mS2-Hk","_links":{"self":[{"href":"https:\/\/www.paudalho.pe.gov.br\/portal\/wp-json\/wp\/v2\/posts\/2686","targetHints":{"allow":["GET"]}}],"collection":[{"href":"https:\/\/www.paudalho.pe.gov.br\/portal\/wp-json\/wp\/v2\/posts"}],"about":[{"href":"https:\/\/www.paudalho.pe.gov.br\/portal\/wp-json\/wp\/v2\/types\/post"}],"author":[{"embeddable":true,"href":"https:\/\/www.paudalho.pe.gov.br\/portal\/wp-json\/wp\/v2\/users\/4"}],"replies":[{"embeddable":true,"href":"https:\/\/www.paudalho.pe.gov.br\/portal\/wp-json\/wp\/v2\/comments?post=2686"}],"version-history":[{"count":4,"href":"https:\/\/www.paudalho.pe.gov.br\/portal\/wp-json\/wp\/v2\/posts\/2686\/revisions"}],"predecessor-version":[{"id":2694,"href":"https:\/\/www.paudalho.pe.gov.br\/portal\/wp-json\/wp\/v2\/posts\/2686\/revisions\/2694"}],"wp:featuredmedia":[{"embeddable":true,"href":"https:\/\/www.paudalho.pe.gov.br\/portal\/wp-json\/wp\/v2\/media\/2687"}],"wp:attachment":[{"href":"https:\/\/www.paudalho.pe.gov.br\/portal\/wp-json\/wp\/v2\/media?parent=2686"}],"wp:term":[{"taxonomy":"category","embeddable":true,"href":"https:\/\/www.paudalho.pe.gov.br\/portal\/wp-json\/wp\/v2\/categories?post=2686"},{"taxonomy":"post_tag","embeddable":true,"href":"https:\/\/www.paudalho.pe.gov.br\/portal\/wp-json\/wp\/v2\/tags?post=2686"}],"curies":[{"name":"wp","href":"https:\/\/api.w.org\/{rel}","templated":true}]}}