{"id":267,"date":"2017-05-23T11:50:08","date_gmt":"2017-05-23T14:50:08","guid":{"rendered":"http:\/\/www.paudalho.pe.gov.br\/portal\/?p=267"},"modified":"2017-05-23T13:58:54","modified_gmt":"2017-05-23T16:58:54","slug":"prefeitura-convoca-ambulantes-para-realizar-cadastro-para-o-sao-joao-2017","status":"publish","type":"post","link":"https:\/\/www.paudalho.pe.gov.br\/portal\/prefeitura-convoca-ambulantes-para-realizar-cadastro-para-o-sao-joao-2017\/","title":{"rendered":"Prefeitura convoca ambulantes para realizar cadastro para o S\u00e3o Jo\u00e3o 2017"},"content":{"rendered":"<p>A Prefeitura Municipal do Paudalho, atrav\u00e9s da Secretaria Executiva de Desenvolvimento Agr\u00e1rio e Abastecimento, convoca todos os ambulantes interessados em comercializar durante o S\u00e3o Jo\u00e3o no P\u00e1tio de Eventos Beira Rio para realizar cadastro.<\/p>\n<p>O cadastramento ser\u00e1 realizado conforme abaixo:<\/p>\n<p>LOCAL: Secret\u00e1ria Executiva de Desenvolvimento Agr\u00e1rio e Abastecimento localizada no P\u00e1tio da Feira <span class=\"text_exposed_show\"><br \/>\nDATA: de 25 de Maio a 02 de Junho de 2017<\/span><\/p>\n<div class=\"text_exposed_show\">\n<p>\u00c9 Paudalho pensado no micro empreendedor.<br \/>\n\u00c9 Paudalho, construindo um novo amanh\u00e3.<\/p>\n<\/div>\n","protected":false},"excerpt":{"rendered":"<p>A Prefeitura Municipal do Paudalho, atrav\u00e9s da Secretaria Executiva de Desenvolvimento Agr\u00e1rio e Abastecimento, convoca todos os ambulantes interessados em comercializar durante o S\u00e3o Jo\u00e3o no P\u00e1tio de Eventos Beira Rio para realizar cadastro. O cadastramento ser\u00e1 realizado conforme abaixo: LOCAL: Secret\u00e1ria Executiva de Desenvolvimento Agr\u00e1rio e Abastecimento localizada no P\u00e1tio da Feira DATA: de [&hellip;]<\/p>\n","protected":false},"author":2,"featured_media":268,"comment_status":"open","ping_status":"open","sticky":false,"template":"","format":"standard","meta":{"_jetpack_newsletter_access":"","_jetpack_dont_email_post_to_subs":false,"_jetpack_newsletter_tier_id":0,"_jetpack_memberships_contains_paywalled_content":false,"_jetpack_memberships_contains_paid_content":false,"footnotes":""},"categories":[32],"tags":[34,40],"class_list":["post-267","post","type-post","status-publish","format-standard","has-post-thumbnail","hentry","category-comunicado","tag-educa-mais-paudalho","tag-sao-joao-2017"],"jetpack_featured_media_url":"https:\/\/www.paudalho.pe.gov.br\/portal\/wp-content\/uploads\/2017\/05\/cadastro-s\u00e3o-jo\u00e3o.jpg","jetpack_sharing_enabled":true,"jetpack_shortlink":"https:\/\/wp.me\/p98mS2-4j","_links":{"self":[{"href":"https:\/\/www.paudalho.pe.gov.br\/portal\/wp-json\/wp\/v2\/posts\/267","targetHints":{"allow":["GET"]}}],"collection":[{"href":"https:\/\/www.paudalho.pe.gov.br\/portal\/wp-json\/wp\/v2\/posts"}],"about":[{"href":"https:\/\/www.paudalho.pe.gov.br\/portal\/wp-json\/wp\/v2\/types\/post"}],"author":[{"embeddable":true,"href":"https:\/\/www.paudalho.pe.gov.br\/portal\/wp-json\/wp\/v2\/users\/2"}],"replies":[{"embeddable":true,"href":"https:\/\/www.paudalho.pe.gov.br\/portal\/wp-json\/wp\/v2\/comments?post=267"}],"version-history":[{"count":2,"href":"https:\/\/www.paudalho.pe.gov.br\/portal\/wp-json\/wp\/v2\/posts\/267\/revisions"}],"predecessor-version":[{"id":286,"href":"https:\/\/www.paudalho.pe.gov.br\/portal\/wp-json\/wp\/v2\/posts\/267\/revisions\/286"}],"wp:featuredmedia":[{"embeddable":true,"href":"https:\/\/www.paudalho.pe.gov.br\/portal\/wp-json\/wp\/v2\/media\/268"}],"wp:attachment":[{"href":"https:\/\/www.paudalho.pe.gov.br\/portal\/wp-json\/wp\/v2\/media?parent=267"}],"wp:term":[{"taxonomy":"category","embeddable":true,"href":"https:\/\/www.paudalho.pe.gov.br\/portal\/wp-json\/wp\/v2\/categories?post=267"},{"taxonomy":"post_tag","embeddable":true,"href":"https:\/\/www.paudalho.pe.gov.br\/portal\/wp-json\/wp\/v2\/tags?post=267"}],"curies":[{"name":"wp","href":"https:\/\/api.w.org\/{rel}","templated":true}]}}