{"id":26520,"date":"2023-08-14T14:54:58","date_gmt":"2023-08-14T17:54:58","guid":{"rendered":"https:\/\/www.paudalho.pe.gov.br\/portal\/?p=26520"},"modified":"2025-01-08T00:38:49","modified_gmt":"2025-01-08T03:38:49","slug":"centro-de-parto-normal-gabrielly-ramos-completa-cinco-anos-de-funcionamento","status":"publish","type":"post","link":"https:\/\/www.paudalho.pe.gov.br\/portal\/centro-de-parto-normal-gabrielly-ramos-completa-cinco-anos-de-funcionamento\/","title":{"rendered":"Centro de Parto Normal Gabrielly Ramos completa cinco anos de funcionamento"},"content":{"rendered":"\n<p>Em 11 de agosto de 2018, a sa\u00fade do munic\u00edpio de Paudalho foi marcada pela inaugura\u00e7\u00e3o do Centro de Parto Normal Gabrielly Ramos, no munic\u00edpio de Paudalho. Sendo destaque em procedimentos de parto humanizado, a unidade \u00e9 reconhecida por ser a primeira unidade totalmente voltada a esse tipo de atendimento na Mata Norte de Pernambuco. Com cinco anos de funcionamento, o Centro de Parto Normal devolveu aos paudalhenses o direito de nascer no munic\u00edpio, com infraestrutura, conforto e atendimento de qualidade.<\/p>\n\n\n\n<p>A unidade conta com uma \u00e1rea de aproximadamente 502 metros quadrados e cinco su\u00edtes com refer\u00eancia \u201cPPP\u201d, ou seja, pr\u00e9-parto, parto e p\u00f3s-parto. Todas as salas s\u00e3o aparelhadas com equipamentos de \u00faltima gera\u00e7\u00e3o, wi-fi e Smarts TVs com servi\u00e7os de streaming, banheiros equipados e ainda locais de banho de sol para o beb\u00ea. A unidade possui ainda 1 su\u00edte com banheira, possibilitando \u00e0 gestante a escolha de parir na \u00e1gua, caso deseje. Outro diferencial da unidade \u00e9 que as fam\u00edlias que desejarem ter o momento registrado podem ganhar um ensaio fotogr\u00e1fico com imagens do parto, totalmente gratuito.<\/p>\n\n\n\n<p>\u201c<em>Minha fam\u00edlia p\u00f4de estar presente, o pai dela. E foi muito lindo, muito emocionante aquela data, no dia 20 de agosto. Fui muito bem atendida, a equipe foi muito profissional e acolhedora. No parto do meu primeiro filho, em outro hospital, fiquei traumatizada com o atendimento, j\u00e1 na vez de Let\u00edcia, n\u00e3o poderia ter sido melhor.<\/em>\u201d disse L\u00eddia Andr\u00e9, a primeira mulher a dar \u00e0 luz no Centro de Parto, ao visitar o local na \u00faltima sexta-feira (11), relembrando o momento t\u00e3o especial em sua vida.<\/p>\n","protected":false},"excerpt":{"rendered":"<p>Em 11 de agosto de 2018, a sa\u00fade do munic\u00edpio de Paudalho foi marcada pela inaugura\u00e7\u00e3o do Centro de Parto Normal Gabrielly Ramos, no munic\u00edpio de Paudalho. Sendo destaque em procedimentos de parto humanizado, a unidade \u00e9 reconhecida por ser a primeira unidade totalmente voltada a esse tipo de atendimento na Mata Norte de Pernambuco. [&hellip;]<\/p>\n","protected":false},"author":11,"featured_media":26535,"comment_status":"open","ping_status":"open","sticky":false,"template":"","format":"standard","meta":{"_jetpack_newsletter_access":"","_jetpack_dont_email_post_to_subs":false,"_jetpack_newsletter_tier_id":0,"_jetpack_memberships_contains_paywalled_content":false,"_jetpack_memberships_contains_paid_content":false,"footnotes":""},"categories":[2,1,1227],"tags":[436,16,168],"class_list":["post-26520","post","type-post","status-publish","format-standard","has-post-thumbnail","hentry","category-destaque","category-noticias","category-saude-2","tag-centro-de-parto-normal-gabrielly-ramos","tag-saude","tag-secretaria-de-saude"],"jetpack_featured_media_url":"https:\/\/www.paudalho.pe.gov.br\/portal\/wp-content\/uploads\/2023\/08\/H5A4921-scaled.jpg","jetpack_sharing_enabled":true,"jetpack_shortlink":"https:\/\/wp.me\/p98mS2-6TK","_links":{"self":[{"href":"https:\/\/www.paudalho.pe.gov.br\/portal\/wp-json\/wp\/v2\/posts\/26520","targetHints":{"allow":["GET"]}}],"collection":[{"href":"https:\/\/www.paudalho.pe.gov.br\/portal\/wp-json\/wp\/v2\/posts"}],"about":[{"href":"https:\/\/www.paudalho.pe.gov.br\/portal\/wp-json\/wp\/v2\/types\/post"}],"author":[{"embeddable":true,"href":"https:\/\/www.paudalho.pe.gov.br\/portal\/wp-json\/wp\/v2\/users\/11"}],"replies":[{"embeddable":true,"href":"https:\/\/www.paudalho.pe.gov.br\/portal\/wp-json\/wp\/v2\/comments?post=26520"}],"version-history":[{"count":1,"href":"https:\/\/www.paudalho.pe.gov.br\/portal\/wp-json\/wp\/v2\/posts\/26520\/revisions"}],"predecessor-version":[{"id":26536,"href":"https:\/\/www.paudalho.pe.gov.br\/portal\/wp-json\/wp\/v2\/posts\/26520\/revisions\/26536"}],"wp:featuredmedia":[{"embeddable":true,"href":"https:\/\/www.paudalho.pe.gov.br\/portal\/wp-json\/wp\/v2\/media\/26535"}],"wp:attachment":[{"href":"https:\/\/www.paudalho.pe.gov.br\/portal\/wp-json\/wp\/v2\/media?parent=26520"}],"wp:term":[{"taxonomy":"category","embeddable":true,"href":"https:\/\/www.paudalho.pe.gov.br\/portal\/wp-json\/wp\/v2\/categories?post=26520"},{"taxonomy":"post_tag","embeddable":true,"href":"https:\/\/www.paudalho.pe.gov.br\/portal\/wp-json\/wp\/v2\/tags?post=26520"}],"curies":[{"name":"wp","href":"https:\/\/api.w.org\/{rel}","templated":true}]}}