{"id":26453,"date":"2023-08-14T13:00:08","date_gmt":"2023-08-14T16:00:08","guid":{"rendered":"https:\/\/www.paudalho.pe.gov.br\/portal\/?p=26453"},"modified":"2025-01-08T00:38:49","modified_gmt":"2025-01-08T03:38:49","slug":"prefeitura-do-paudalho-realiza-assinatura-de-ordem-de-servico-para-obras-em-nova-escola-na-comunidade-da-asa-branca","status":"publish","type":"post","link":"https:\/\/www.paudalho.pe.gov.br\/portal\/prefeitura-do-paudalho-realiza-assinatura-de-ordem-de-servico-para-obras-em-nova-escola-na-comunidade-da-asa-branca\/","title":{"rendered":"<strong>Prefeitura do Paudalho realiza assinatura de ordem de servi\u00e7o para obras em nova escola na comunidade da Asa Branca<\/strong>"},"content":{"rendered":"\n<p>A Prefeitura do Paudalho assinou na \u00faltima sexta-feira (11) a ordem de servi\u00e7o para a retomada das obras da nova escola na comunidade da Asa Branca. A programa\u00e7\u00e3o ocorreu na constru\u00e7\u00e3o que fica entre os bairros da Asa Branca e Santa M\u00f4nica.<\/p>\n\n\n\n<figure class=\"wp-block-image size-large\"><img loading=\"lazy\" decoding=\"async\" width=\"800\" height=\"450\" data-attachment-id=\"26456\" data-permalink=\"https:\/\/www.paudalho.pe.gov.br\/portal\/prefeitura-do-paudalho-realiza-assinatura-de-ordem-de-servico-para-obras-em-nova-escola-na-comunidade-da-asa-branca\/photo1691801833\/\" data-orig-file=\"https:\/\/www.paudalho.pe.gov.br\/portal\/wp-content\/uploads\/2023\/08\/photo1691801833.jpeg\" data-orig-size=\"1280,853\" data-comments-opened=\"1\" data-image-meta=\"{&quot;aperture&quot;:&quot;0&quot;,&quot;credit&quot;:&quot;&quot;,&quot;camera&quot;:&quot;&quot;,&quot;caption&quot;:&quot;&quot;,&quot;created_timestamp&quot;:&quot;0&quot;,&quot;copyright&quot;:&quot;&quot;,&quot;focal_length&quot;:&quot;0&quot;,&quot;iso&quot;:&quot;0&quot;,&quot;shutter_speed&quot;:&quot;0&quot;,&quot;title&quot;:&quot;&quot;,&quot;orientation&quot;:&quot;0&quot;}\" data-image-title=\"photo1691801833\" data-image-description=\"\" data-image-caption=\"\" data-medium-file=\"https:\/\/www.paudalho.pe.gov.br\/portal\/wp-content\/uploads\/2023\/08\/photo1691801833-350x230.jpeg\" data-large-file=\"https:\/\/www.paudalho.pe.gov.br\/portal\/wp-content\/uploads\/2023\/08\/photo1691801833-800x450.jpeg\" src=\"https:\/\/www.paudalho.pe.gov.br\/portal\/wp-content\/uploads\/2023\/08\/photo1691801833-800x450.jpeg\" alt=\"\" class=\"wp-image-26456\"\/><\/figure>\n\n\n\n<p>Com a pandemia da Covid-19, os pre\u00e7os dos materiais de constru\u00e7\u00e3o aumentaram, inviabilizando a continuidade da obra. A constru\u00e7\u00e3o retoma com mais de R$1 milh\u00e3o de recursos pr\u00f3prios do munic\u00edpio, totalizando um investimento final de cerca de R$3,6 milh\u00f5es.<\/p>\n\n\n\n<figure class=\"wp-block-gallery has-nested-images columns-default is-cropped wp-block-gallery-1 is-layout-flex wp-block-gallery-is-layout-flex\">\n<figure class=\"wp-block-image size-large\"><img loading=\"lazy\" decoding=\"async\" width=\"800\" height=\"450\" data-attachment-id=\"26455\" data-permalink=\"https:\/\/www.paudalho.pe.gov.br\/portal\/prefeitura-do-paudalho-realiza-assinatura-de-ordem-de-servico-para-obras-em-nova-escola-na-comunidade-da-asa-branca\/photo1691801833-2\/\" data-orig-file=\"https:\/\/www.paudalho.pe.gov.br\/portal\/wp-content\/uploads\/2023\/08\/photo1691801833-2.jpeg\" data-orig-size=\"1280,853\" data-comments-opened=\"1\" data-image-meta=\"{&quot;aperture&quot;:&quot;0&quot;,&quot;credit&quot;:&quot;&quot;,&quot;camera&quot;:&quot;&quot;,&quot;caption&quot;:&quot;&quot;,&quot;created_timestamp&quot;:&quot;0&quot;,&quot;copyright&quot;:&quot;&quot;,&quot;focal_length&quot;:&quot;0&quot;,&quot;iso&quot;:&quot;0&quot;,&quot;shutter_speed&quot;:&quot;0&quot;,&quot;title&quot;:&quot;&quot;,&quot;orientation&quot;:&quot;0&quot;}\" data-image-title=\"photo1691801833-2\" data-image-description=\"\" data-image-caption=\"\" data-medium-file=\"https:\/\/www.paudalho.pe.gov.br\/portal\/wp-content\/uploads\/2023\/08\/photo1691801833-2-350x230.jpeg\" data-large-file=\"https:\/\/www.paudalho.pe.gov.br\/portal\/wp-content\/uploads\/2023\/08\/photo1691801833-2-800x450.jpeg\" data-id=\"26455\" src=\"https:\/\/www.paudalho.pe.gov.br\/portal\/wp-content\/uploads\/2023\/08\/photo1691801833-2-800x450.jpeg\" alt=\"\" class=\"wp-image-26455\"\/><\/figure>\n<\/figure>\n\n\n\n<p><strong>Nova Escola<\/strong><\/p>\n\n\n\n<p>A unidade ter\u00e1 uma \u00e1rea de 3.228,08 metros com capacidade para 780 alunos em tempo integral. A escola vai contar com 12 salas de aulas, quadra coberta e 8 blocos constru\u00eddos (sendo o bloco e duplicado), todos eles s\u00e3o edif\u00edcios t\u00e9rreos. Os ambientes de cada bloco s\u00e3o acessados e se conectam atrav\u00e9s de passarelas. Na \u00e1rea externa estar\u00e3o o biciclet\u00e1rio, castelo d\u2019\u00e1gua, p\u00e1tio aberto e circula\u00e7\u00e3o de carga e descarga.<\/p>\n\n\n\n<figure class=\"wp-block-gallery has-nested-images columns-default is-cropped wp-block-gallery-2 is-layout-flex wp-block-gallery-is-layout-flex\">\n<figure class=\"wp-block-image size-large\"><img loading=\"lazy\" decoding=\"async\" width=\"800\" height=\"450\" data-attachment-id=\"26457\" data-permalink=\"https:\/\/www.paudalho.pe.gov.br\/portal\/prefeitura-do-paudalho-realiza-assinatura-de-ordem-de-servico-para-obras-em-nova-escola-na-comunidade-da-asa-branca\/photo1691801833-1\/\" data-orig-file=\"https:\/\/www.paudalho.pe.gov.br\/portal\/wp-content\/uploads\/2023\/08\/photo1691801833-1.jpeg\" data-orig-size=\"1280,853\" data-comments-opened=\"1\" data-image-meta=\"{&quot;aperture&quot;:&quot;0&quot;,&quot;credit&quot;:&quot;&quot;,&quot;camera&quot;:&quot;&quot;,&quot;caption&quot;:&quot;&quot;,&quot;created_timestamp&quot;:&quot;0&quot;,&quot;copyright&quot;:&quot;&quot;,&quot;focal_length&quot;:&quot;0&quot;,&quot;iso&quot;:&quot;0&quot;,&quot;shutter_speed&quot;:&quot;0&quot;,&quot;title&quot;:&quot;&quot;,&quot;orientation&quot;:&quot;0&quot;}\" data-image-title=\"photo1691801833-1\" data-image-description=\"\" data-image-caption=\"\" data-medium-file=\"https:\/\/www.paudalho.pe.gov.br\/portal\/wp-content\/uploads\/2023\/08\/photo1691801833-1-350x230.jpeg\" data-large-file=\"https:\/\/www.paudalho.pe.gov.br\/portal\/wp-content\/uploads\/2023\/08\/photo1691801833-1-800x450.jpeg\" data-id=\"26457\" src=\"https:\/\/www.paudalho.pe.gov.br\/portal\/wp-content\/uploads\/2023\/08\/photo1691801833-1-800x450.jpeg\" alt=\"\" class=\"wp-image-26457\"\/><\/figure>\n<\/figure>\n","protected":false},"excerpt":{"rendered":"<p>A Prefeitura do Paudalho assinou na \u00faltima sexta-feira (11) a ordem de servi\u00e7o para a retomada das obras da nova escola na comunidade da Asa Branca. A programa\u00e7\u00e3o ocorreu na constru\u00e7\u00e3o que fica entre os bairros da Asa Branca e Santa M\u00f4nica. Com a pandemia da Covid-19, os pre\u00e7os dos materiais de constru\u00e7\u00e3o aumentaram, inviabilizando [&hellip;]<\/p>\n","protected":false},"author":11,"featured_media":26454,"comment_status":"open","ping_status":"open","sticky":false,"template":"","format":"standard","meta":{"_jetpack_newsletter_access":"","_jetpack_dont_email_post_to_subs":false,"_jetpack_newsletter_tier_id":0,"_jetpack_memberships_contains_paywalled_content":false,"_jetpack_memberships_contains_paid_content":false,"footnotes":""},"categories":[2,520,1,35],"tags":[30,1234,36],"class_list":["post-26453","post","type-post","status-publish","format-standard","has-post-thumbnail","hentry","category-destaque","category-educacao-2","category-noticias","category-obras","tag-educacao","tag-escola-asa-branca","tag-obras"],"jetpack_featured_media_url":"https:\/\/www.paudalho.pe.gov.br\/portal\/wp-content\/uploads\/2023\/08\/H5A5274-scaled.jpg","jetpack_sharing_enabled":true,"jetpack_shortlink":"https:\/\/wp.me\/p98mS2-6SF","_links":{"self":[{"href":"https:\/\/www.paudalho.pe.gov.br\/portal\/wp-json\/wp\/v2\/posts\/26453","targetHints":{"allow":["GET"]}}],"collection":[{"href":"https:\/\/www.paudalho.pe.gov.br\/portal\/wp-json\/wp\/v2\/posts"}],"about":[{"href":"https:\/\/www.paudalho.pe.gov.br\/portal\/wp-json\/wp\/v2\/types\/post"}],"author":[{"embeddable":true,"href":"https:\/\/www.paudalho.pe.gov.br\/portal\/wp-json\/wp\/v2\/users\/11"}],"replies":[{"embeddable":true,"href":"https:\/\/www.paudalho.pe.gov.br\/portal\/wp-json\/wp\/v2\/comments?post=26453"}],"version-history":[{"count":1,"href":"https:\/\/www.paudalho.pe.gov.br\/portal\/wp-json\/wp\/v2\/posts\/26453\/revisions"}],"predecessor-version":[{"id":26458,"href":"https:\/\/www.paudalho.pe.gov.br\/portal\/wp-json\/wp\/v2\/posts\/26453\/revisions\/26458"}],"wp:featuredmedia":[{"embeddable":true,"href":"https:\/\/www.paudalho.pe.gov.br\/portal\/wp-json\/wp\/v2\/media\/26454"}],"wp:attachment":[{"href":"https:\/\/www.paudalho.pe.gov.br\/portal\/wp-json\/wp\/v2\/media?parent=26453"}],"wp:term":[{"taxonomy":"category","embeddable":true,"href":"https:\/\/www.paudalho.pe.gov.br\/portal\/wp-json\/wp\/v2\/categories?post=26453"},{"taxonomy":"post_tag","embeddable":true,"href":"https:\/\/www.paudalho.pe.gov.br\/portal\/wp-json\/wp\/v2\/tags?post=26453"}],"curies":[{"name":"wp","href":"https:\/\/api.w.org\/{rel}","templated":true}]}}