{"id":2643,"date":"2018-03-12T14:51:36","date_gmt":"2018-03-12T17:51:36","guid":{"rendered":"http:\/\/www.paudalho.pe.gov.br\/portal\/?p=2643"},"modified":"2018-03-12T16:34:52","modified_gmt":"2018-03-12T19:34:52","slug":"prefeitura-inaugura-creche-e-populacao-se-impressiona-com-a-unidade-de-ensino","status":"publish","type":"post","link":"https:\/\/www.paudalho.pe.gov.br\/portal\/prefeitura-inaugura-creche-e-populacao-se-impressiona-com-a-unidade-de-ensino\/","title":{"rendered":"Prefeitura inaugura creche e popula\u00e7\u00e3o se impressiona com a unidade de ensino"},"content":{"rendered":"<p>Centenas de pessoas participaram, neste domingo (11), da inaugura\u00e7\u00e3o da\u00a0 creche Leonel Francisco Soares, a primeira de Paudalho. A programa\u00e7\u00e3o contou com muita celebra\u00e7\u00e3o. Ao som da apresenta\u00e7\u00e3o do Mestre Anderson e da Raiz da Mata Norte, os mun\u00edcipes fizeram uma grande ciranda para comemorar o momento.<\/p>\n<p>A estudante, Cleive Farias, de 32 anos, \u00e9 m\u00e3e da pequena Rianny Farias, de cinco. Ela comentou sobre o apoio que o local vai trazer aos moradores da comunidade. \u201c Vai ajudar n\u00e3o s\u00f3 a mim, mas tamb\u00e9m a muitas pessoas. \u00c9 uma grande oportunidade. Por exemplo: eu estudo e preciso de algu\u00e9m para ficar com ela. Outras m\u00e3es trabalham e s\u00f3 a gente sabe como \u00e9 dif\u00edcil. Estou muito feliz! E hoje eu posso dizer que confio em deixar minha filha aqui\u201d, detalhou. Sobre a expectativa para o come\u00e7o das aulas, a pequena Rianny disparou: \u201cMuito alegre\u201d.<\/p>\n<p><img loading=\"lazy\" decoding=\"async\" data-attachment-id=\"2651\" data-permalink=\"https:\/\/www.paudalho.pe.gov.br\/portal\/prefeitura-inaugura-creche-e-populacao-se-impressiona-com-a-unidade-de-ensino\/7517ed45-8876-4de6-895c-b9487e589471\/\" data-orig-file=\"https:\/\/www.paudalho.pe.gov.br\/portal\/wp-content\/uploads\/2018\/03\/7517ed45-8876-4de6-895c-b9487e589471.jpg\" data-orig-size=\"1040,780\" data-comments-opened=\"1\" data-image-meta=\"{&quot;aperture&quot;:&quot;0&quot;,&quot;credit&quot;:&quot;&quot;,&quot;camera&quot;:&quot;&quot;,&quot;caption&quot;:&quot;&quot;,&quot;created_timestamp&quot;:&quot;0&quot;,&quot;copyright&quot;:&quot;&quot;,&quot;focal_length&quot;:&quot;0&quot;,&quot;iso&quot;:&quot;0&quot;,&quot;shutter_speed&quot;:&quot;0&quot;,&quot;title&quot;:&quot;&quot;,&quot;orientation&quot;:&quot;0&quot;}\" data-image-title=\"7517ed45-8876-4de6-895c-b9487e589471\" data-image-description=\"\" data-image-caption=\"\" data-medium-file=\"https:\/\/www.paudalho.pe.gov.br\/portal\/wp-content\/uploads\/2018\/03\/7517ed45-8876-4de6-895c-b9487e589471-350x230.jpg\" data-large-file=\"https:\/\/www.paudalho.pe.gov.br\/portal\/wp-content\/uploads\/2018\/03\/7517ed45-8876-4de6-895c-b9487e589471-800x450.jpg\" class=\"alignnone wp-image-2651\" src=\"http:\/\/www.paudalho.pe.gov.br\/portal\/wp-content\/uploads\/2018\/03\/7517ed45-8876-4de6-895c-b9487e589471-350x230.jpg\" alt=\"\" width=\"600\" height=\"394\" \/><\/p>\n<h2>Assinatura de ordens de servi\u00e7o para outras creches<\/h2>\n<p>A solenidade contou com a presen\u00e7a de diversas autoridades como o senador Armando Monteiro e o ministro da Educa\u00e7\u00e3o, Mendon\u00e7a Filho. No momento, foram assinadas mais duas ordens de servi\u00e7o para outras creches. Elas ser\u00e3o constru\u00eddas nos bairros da Primavera e Bel\u00e9m e os investimentos est\u00e3o al\u00e7ados em cerca de R$ 4,4 milh\u00f5es.<\/p>\n<p><img loading=\"lazy\" decoding=\"async\" data-attachment-id=\"2650\" data-permalink=\"https:\/\/www.paudalho.pe.gov.br\/portal\/prefeitura-inaugura-creche-e-populacao-se-impressiona-com-a-unidade-de-ensino\/img_2945\/\" data-orig-file=\"https:\/\/www.paudalho.pe.gov.br\/portal\/wp-content\/uploads\/2018\/03\/IMG_2945.jpg\" data-orig-size=\"1024,683\" data-comments-opened=\"1\" data-image-meta=\"{&quot;aperture&quot;:&quot;0&quot;,&quot;credit&quot;:&quot;&quot;,&quot;camera&quot;:&quot;&quot;,&quot;caption&quot;:&quot;&quot;,&quot;created_timestamp&quot;:&quot;0&quot;,&quot;copyright&quot;:&quot;&quot;,&quot;focal_length&quot;:&quot;0&quot;,&quot;iso&quot;:&quot;0&quot;,&quot;shutter_speed&quot;:&quot;0&quot;,&quot;title&quot;:&quot;&quot;,&quot;orientation&quot;:&quot;0&quot;}\" data-image-title=\"IMG_2945\" data-image-description=\"\" data-image-caption=\"\" data-medium-file=\"https:\/\/www.paudalho.pe.gov.br\/portal\/wp-content\/uploads\/2018\/03\/IMG_2945-350x230.jpg\" data-large-file=\"https:\/\/www.paudalho.pe.gov.br\/portal\/wp-content\/uploads\/2018\/03\/IMG_2945-800x450.jpg\" class=\"alignnone wp-image-2650\" src=\"http:\/\/www.paudalho.pe.gov.br\/portal\/wp-content\/uploads\/2018\/03\/IMG_2945-350x230.jpg\" alt=\"\" width=\"600\" height=\"394\" \/><\/p>\n<p>&nbsp;<\/p>\n<p>O prefeito Marcello Gouveia comemorou os avan\u00e7os na cidade. \u201cEu estou muito feliz! Com menos de um ano e meio de gest\u00e3o, n\u00f3s j\u00e1 inauguramos o Col\u00e9gio Municipal de Guadalajara (CMG), postos de sa\u00fade transformados, a Escola Municipal de Guadalajara (Casar\u00e3o), vem a\u00ed o Centro de Parto, o Minha Casa, Minha Vida j\u00e1 come\u00e7ou e agora a creche. Isso mostra o nosso comprometimento; somente isso! \u00c9 um trabalho em equipe com todas as Secretarias e n\u00e3o existe nada que explique o que sinto quando vejo que a vida das pessoas est\u00e3o sendo melhoradas. E isso \u00e9 s\u00f3 o come\u00e7o\u201d, enfatizou.<\/p>\n<div id=\"attachment_2648\" style=\"width: 610px\" class=\"wp-caption alignnone\"><img loading=\"lazy\" decoding=\"async\" aria-describedby=\"caption-attachment-2648\" data-attachment-id=\"2648\" data-permalink=\"https:\/\/www.paudalho.pe.gov.br\/portal\/prefeitura-inaugura-creche-e-populacao-se-impressiona-com-a-unidade-de-ensino\/img_2763\/\" data-orig-file=\"https:\/\/www.paudalho.pe.gov.br\/portal\/wp-content\/uploads\/2018\/03\/IMG_2763.jpg\" data-orig-size=\"1024,683\" data-comments-opened=\"1\" data-image-meta=\"{&quot;aperture&quot;:&quot;0&quot;,&quot;credit&quot;:&quot;&quot;,&quot;camera&quot;:&quot;&quot;,&quot;caption&quot;:&quot;&quot;,&quot;created_timestamp&quot;:&quot;0&quot;,&quot;copyright&quot;:&quot;&quot;,&quot;focal_length&quot;:&quot;0&quot;,&quot;iso&quot;:&quot;0&quot;,&quot;shutter_speed&quot;:&quot;0&quot;,&quot;title&quot;:&quot;&quot;,&quot;orientation&quot;:&quot;0&quot;}\" data-image-title=\"IMG_2763\" data-image-description=\"\" data-image-caption=\"&lt;p&gt;Foto: Isak de Castro\/PMP&lt;\/p&gt;\n\" data-medium-file=\"https:\/\/www.paudalho.pe.gov.br\/portal\/wp-content\/uploads\/2018\/03\/IMG_2763-350x230.jpg\" data-large-file=\"https:\/\/www.paudalho.pe.gov.br\/portal\/wp-content\/uploads\/2018\/03\/IMG_2763-800x450.jpg\" class=\" wp-image-2648\" src=\"http:\/\/www.paudalho.pe.gov.br\/portal\/wp-content\/uploads\/2018\/03\/IMG_2763-350x230.jpg\" alt=\"\" width=\"600\" height=\"394\" \/><p id=\"caption-attachment-2648\" class=\"wp-caption-text\">Foto: Isak de Castro\/PMP<\/p><\/div>\n<h2>A unidade<\/h2>\n<p>O local recebeu o nome de Leonel Francisco Soares pela contribui\u00e7\u00e3o do paudalhense\u00a0 \u00e0 comunidade. Na inaugura\u00e7\u00e3o, a vi\u00fava dele, Doralice, recebeu uma placa em homenagem \u00e0 vida do companheiro.\u00a0 O investimento no local foi de R$ 1,4 milh\u00e3o.<\/p>\n<p><img loading=\"lazy\" decoding=\"async\" data-attachment-id=\"2653\" data-permalink=\"https:\/\/www.paudalho.pe.gov.br\/portal\/prefeitura-inaugura-creche-e-populacao-se-impressiona-com-a-unidade-de-ensino\/img_2905\/\" data-orig-file=\"https:\/\/www.paudalho.pe.gov.br\/portal\/wp-content\/uploads\/2018\/03\/IMG_2905.jpg\" data-orig-size=\"1024,683\" data-comments-opened=\"1\" data-image-meta=\"{&quot;aperture&quot;:&quot;0&quot;,&quot;credit&quot;:&quot;&quot;,&quot;camera&quot;:&quot;&quot;,&quot;caption&quot;:&quot;&quot;,&quot;created_timestamp&quot;:&quot;0&quot;,&quot;copyright&quot;:&quot;&quot;,&quot;focal_length&quot;:&quot;0&quot;,&quot;iso&quot;:&quot;0&quot;,&quot;shutter_speed&quot;:&quot;0&quot;,&quot;title&quot;:&quot;&quot;,&quot;orientation&quot;:&quot;0&quot;}\" data-image-title=\"IMG_2905\" data-image-description=\"\" data-image-caption=\"\" data-medium-file=\"https:\/\/www.paudalho.pe.gov.br\/portal\/wp-content\/uploads\/2018\/03\/IMG_2905-350x230.jpg\" data-large-file=\"https:\/\/www.paudalho.pe.gov.br\/portal\/wp-content\/uploads\/2018\/03\/IMG_2905-800x450.jpg\" class=\"alignnone wp-image-2653\" src=\"http:\/\/www.paudalho.pe.gov.br\/portal\/wp-content\/uploads\/2018\/03\/IMG_2905-350x230.jpg\" alt=\"\" width=\"600\" height=\"394\" \/><\/p>\n<p>O espa\u00e7o com oito salas de aula, uma brinquedoteca, sala de inform\u00e1tica e ainda quatro salas administrativas, oferece cerca de 220 vagas para crian\u00e7as de seis meses a tr\u00eas anos (creche integral) e pr\u00e9-escola (crian\u00e7as de quatro a cinco anos) com educa\u00e7\u00e3o infantil um e dois.<\/p>\n<p><img loading=\"lazy\" decoding=\"async\" data-attachment-id=\"2597\" data-permalink=\"https:\/\/www.paudalho.pe.gov.br\/portal\/prefeitura-inaugura-1o-creche-do-paudalho-no-proximo-domingo\/cea271ba-6a7d-4497-833e-31a76eb9aa4f\/\" data-orig-file=\"https:\/\/www.paudalho.pe.gov.br\/portal\/wp-content\/uploads\/2018\/03\/cea271ba-6a7d-4497-833e-31a76eb9aa4f.jpg\" data-orig-size=\"1280,853\" data-comments-opened=\"1\" data-image-meta=\"{&quot;aperture&quot;:&quot;0&quot;,&quot;credit&quot;:&quot;&quot;,&quot;camera&quot;:&quot;&quot;,&quot;caption&quot;:&quot;&quot;,&quot;created_timestamp&quot;:&quot;0&quot;,&quot;copyright&quot;:&quot;&quot;,&quot;focal_length&quot;:&quot;0&quot;,&quot;iso&quot;:&quot;0&quot;,&quot;shutter_speed&quot;:&quot;0&quot;,&quot;title&quot;:&quot;&quot;,&quot;orientation&quot;:&quot;0&quot;}\" data-image-title=\"cea271ba-6a7d-4497-833e-31a76eb9aa4f\" data-image-description=\"\" data-image-caption=\"\" data-medium-file=\"https:\/\/www.paudalho.pe.gov.br\/portal\/wp-content\/uploads\/2018\/03\/cea271ba-6a7d-4497-833e-31a76eb9aa4f-350x230.jpg\" data-large-file=\"https:\/\/www.paudalho.pe.gov.br\/portal\/wp-content\/uploads\/2018\/03\/cea271ba-6a7d-4497-833e-31a76eb9aa4f-800x450.jpg\" class=\"alignnone wp-image-2597\" src=\"http:\/\/www.paudalho.pe.gov.br\/portal\/wp-content\/uploads\/2018\/03\/cea271ba-6a7d-4497-833e-31a76eb9aa4f-350x230.jpg\" alt=\"\" width=\"600\" height=\"394\" \/><\/p>\n<h2>Matr\u00edculas ainda abertas<\/h2>\n<p>Os interessados devem se dirigir \u00e0 creche que fica por tr\u00e1s da Escola Gilda Barbosa, em Guadalajara das 8h \u00e0s 12h. Para realizar a matr\u00edcula, os interessados devem estar munidos das c\u00f3pias do comprovante de resid\u00eancia, registro de nascimento da crian\u00e7a, cart\u00f5es do bolsa fam\u00edlia, vacina, fator RH (tipo sangu\u00edneo) e ainda a carteira de identidade da m\u00e3e ou respons\u00e1vel.<\/p>\n<p>Segundo o diretor da unidade, Joseildo Oliveira, o momento \u00e9 de comemora\u00e7\u00e3o. \u201c\u00c9 um avan\u00e7o na Educa\u00e7\u00e3o em nosso Munic\u00edpio. Isso mostra o compromisso da gest\u00e3o com a popula\u00e7\u00e3o\u201d, disse. As aulas t\u00eam previs\u00e3o para os pr\u00f3ximos dias.<\/p>\n","protected":false},"excerpt":{"rendered":"<p>Centenas de pessoas participaram, neste domingo (11), da inaugura\u00e7\u00e3o da\u00a0 creche Leonel Francisco Soares, a primeira de Paudalho. A programa\u00e7\u00e3o contou com muita celebra\u00e7\u00e3o. Ao som da apresenta\u00e7\u00e3o do Mestre Anderson e da Raiz da Mata Norte, os mun\u00edcipes fizeram uma grande ciranda para comemorar o momento. A estudante, Cleive Farias, de 32 anos, \u00e9 [&hellip;]<\/p>\n","protected":false},"author":4,"featured_media":2646,"comment_status":"open","ping_status":"open","sticky":false,"template":"","format":"standard","meta":{"_jetpack_newsletter_access":"","_jetpack_dont_email_post_to_subs":false,"_jetpack_newsletter_tier_id":0,"_jetpack_memberships_contains_paywalled_content":false,"_jetpack_memberships_contains_paid_content":false,"footnotes":""},"categories":[2,4,1],"tags":[189,14,22,215],"class_list":["post-2643","post","type-post","status-publish","format-standard","has-post-thumbnail","hentry","category-destaque","category-educacao","category-noticias","tag-creche","tag-paudalho","tag-prefeitura-do-paudalho","tag-reinauguracao"],"jetpack_featured_media_url":"https:\/\/www.paudalho.pe.gov.br\/portal\/wp-content\/uploads\/2018\/03\/IMG_2717.jpg","jetpack_sharing_enabled":true,"jetpack_shortlink":"https:\/\/wp.me\/p98mS2-GD","_links":{"self":[{"href":"https:\/\/www.paudalho.pe.gov.br\/portal\/wp-json\/wp\/v2\/posts\/2643","targetHints":{"allow":["GET"]}}],"collection":[{"href":"https:\/\/www.paudalho.pe.gov.br\/portal\/wp-json\/wp\/v2\/posts"}],"about":[{"href":"https:\/\/www.paudalho.pe.gov.br\/portal\/wp-json\/wp\/v2\/types\/post"}],"author":[{"embeddable":true,"href":"https:\/\/www.paudalho.pe.gov.br\/portal\/wp-json\/wp\/v2\/users\/4"}],"replies":[{"embeddable":true,"href":"https:\/\/www.paudalho.pe.gov.br\/portal\/wp-json\/wp\/v2\/comments?post=2643"}],"version-history":[{"count":10,"href":"https:\/\/www.paudalho.pe.gov.br\/portal\/wp-json\/wp\/v2\/posts\/2643\/revisions"}],"predecessor-version":[{"id":2661,"href":"https:\/\/www.paudalho.pe.gov.br\/portal\/wp-json\/wp\/v2\/posts\/2643\/revisions\/2661"}],"wp:featuredmedia":[{"embeddable":true,"href":"https:\/\/www.paudalho.pe.gov.br\/portal\/wp-json\/wp\/v2\/media\/2646"}],"wp:attachment":[{"href":"https:\/\/www.paudalho.pe.gov.br\/portal\/wp-json\/wp\/v2\/media?parent=2643"}],"wp:term":[{"taxonomy":"category","embeddable":true,"href":"https:\/\/www.paudalho.pe.gov.br\/portal\/wp-json\/wp\/v2\/categories?post=2643"},{"taxonomy":"post_tag","embeddable":true,"href":"https:\/\/www.paudalho.pe.gov.br\/portal\/wp-json\/wp\/v2\/tags?post=2643"}],"curies":[{"name":"wp","href":"https:\/\/api.w.org\/{rel}","templated":true}]}}