{"id":26423,"date":"2023-08-11T11:55:31","date_gmt":"2023-08-11T14:55:31","guid":{"rendered":"https:\/\/www.paudalho.pe.gov.br\/portal\/?p=26423"},"modified":"2025-01-08T00:38:49","modified_gmt":"2025-01-08T03:38:49","slug":"prefeitura-do-paudalho-assina-ordem-de-servico-para-obras-em-nova-escola-na-comunidade-da-asa-branca-nesta-sexta-feira-11","status":"publish","type":"post","link":"https:\/\/www.paudalho.pe.gov.br\/portal\/prefeitura-do-paudalho-assina-ordem-de-servico-para-obras-em-nova-escola-na-comunidade-da-asa-branca-nesta-sexta-feira-11\/","title":{"rendered":"<strong>Prefeitura do Paudalho assina ordem de servi\u00e7o para obras em nova escola na comunidade da Asa Branca nesta sexta-feira (11)<\/strong>"},"content":{"rendered":"\n<p>A Prefeitura do Paudalho assina nesta sexta-feira (11) a ordem de servi\u00e7o para a retomada das obras de nova escola na comunidade da Asa Branca. A programa\u00e7\u00e3o ocorre na constru\u00e7\u00e3o que fica entre os bairros da Asa Branca e Santa M\u00f4nica, a partir das 16h. Com a pandemia da Covid-19, os pre\u00e7os dos materiais de constru\u00e7\u00e3o aumentaram e com isso muitas empresas deixaram as obras o que provocou a paraliza\u00e7\u00e3o. O prefeito de Paudalho, Marcelo Gouveia realizou novamente a relicita\u00e7\u00e3o e agora as obras da unidade voltaram a todo vapor. \u201cEsta unidade \u00e9 um sonho da nossa gest\u00e3o e fico muito feliz em anunciar que ap\u00f3s muita luta iremos seguir com as obras e em breve entregar a escola que ser\u00e1 refer\u00eancia para a nossa cidade. \u00c9 simb\u00f3lico, hoje no Dia do Estudante, n\u00f3s termos essa assinatura da ordem de servi\u00e7o. A unidade est\u00e1 sendo constru\u00edda para nosso povo, para os nossos alunos. Feliz demais!\u201d, comentou o prefeito de Paudalho, Marcelo Gouveia.&nbsp;<\/p>\n\n\n\n<p><strong>Nova Escola<\/strong><\/p>\n\n\n\n<p>A unidade ter\u00e1 uma \u00e1rea de 3.228,08 metr\u00f4s com capacidade para 780 alunos em um investimento de R$ 3.292.782,06. A escola vai contar com 12 salas de aulas, quadra coberta e 8 blocos constru\u00eddos (sendo o bloco e duplicado), todos eles s\u00e3o edif\u00edcios t\u00e9rreos. Os ambientes de cada bloco s\u00e3o acessados e se conectam atrav\u00e9s de passarelas. Na \u00e1rea externa estar\u00e3o o biciclet\u00e1rio, castelo d\u2019\u00e1gua, p\u00e1tio aberto e circula\u00e7\u00e3o de carga e descarga.<\/p>\n","protected":false},"excerpt":{"rendered":"<p>A Prefeitura do Paudalho assina nesta sexta-feira (11) a ordem de servi\u00e7o para a retomada das obras de nova escola na comunidade da Asa Branca. A programa\u00e7\u00e3o ocorre na constru\u00e7\u00e3o que fica entre os bairros da Asa Branca e Santa M\u00f4nica, a partir das 16h. Com a pandemia da Covid-19, os pre\u00e7os dos materiais de [&hellip;]<\/p>\n","protected":false},"author":11,"featured_media":26424,"comment_status":"open","ping_status":"open","sticky":false,"template":"","format":"standard","meta":{"_jetpack_newsletter_access":"","_jetpack_dont_email_post_to_subs":false,"_jetpack_newsletter_tier_id":0,"_jetpack_memberships_contains_paywalled_content":false,"_jetpack_memberships_contains_paid_content":false,"footnotes":""},"categories":[2,4,1,35],"tags":[30,1234,36,364],"class_list":["post-26423","post","type-post","status-publish","format-standard","has-post-thumbnail","hentry","category-destaque","category-educacao","category-noticias","category-obras","tag-educacao","tag-escola-asa-branca","tag-obras","tag-ordem-de-servico"],"jetpack_featured_media_url":"https:\/\/www.paudalho.pe.gov.br\/portal\/wp-content\/uploads\/2023\/08\/PMP_FEED_INFO_20.png","jetpack_sharing_enabled":true,"jetpack_shortlink":"https:\/\/wp.me\/p98mS2-6Sb","_links":{"self":[{"href":"https:\/\/www.paudalho.pe.gov.br\/portal\/wp-json\/wp\/v2\/posts\/26423","targetHints":{"allow":["GET"]}}],"collection":[{"href":"https:\/\/www.paudalho.pe.gov.br\/portal\/wp-json\/wp\/v2\/posts"}],"about":[{"href":"https:\/\/www.paudalho.pe.gov.br\/portal\/wp-json\/wp\/v2\/types\/post"}],"author":[{"embeddable":true,"href":"https:\/\/www.paudalho.pe.gov.br\/portal\/wp-json\/wp\/v2\/users\/11"}],"replies":[{"embeddable":true,"href":"https:\/\/www.paudalho.pe.gov.br\/portal\/wp-json\/wp\/v2\/comments?post=26423"}],"version-history":[{"count":1,"href":"https:\/\/www.paudalho.pe.gov.br\/portal\/wp-json\/wp\/v2\/posts\/26423\/revisions"}],"predecessor-version":[{"id":26425,"href":"https:\/\/www.paudalho.pe.gov.br\/portal\/wp-json\/wp\/v2\/posts\/26423\/revisions\/26425"}],"wp:featuredmedia":[{"embeddable":true,"href":"https:\/\/www.paudalho.pe.gov.br\/portal\/wp-json\/wp\/v2\/media\/26424"}],"wp:attachment":[{"href":"https:\/\/www.paudalho.pe.gov.br\/portal\/wp-json\/wp\/v2\/media?parent=26423"}],"wp:term":[{"taxonomy":"category","embeddable":true,"href":"https:\/\/www.paudalho.pe.gov.br\/portal\/wp-json\/wp\/v2\/categories?post=26423"},{"taxonomy":"post_tag","embeddable":true,"href":"https:\/\/www.paudalho.pe.gov.br\/portal\/wp-json\/wp\/v2\/tags?post=26423"}],"curies":[{"name":"wp","href":"https:\/\/api.w.org\/{rel}","templated":true}]}}