{"id":26378,"date":"2023-08-09T14:07:47","date_gmt":"2023-08-09T17:07:47","guid":{"rendered":"https:\/\/www.paudalho.pe.gov.br\/portal\/?p=26378"},"modified":"2025-01-08T00:38:49","modified_gmt":"2025-01-08T03:38:49","slug":"em-paudalho-seguem-obras-de-tres-novas-escolas-do-municipio","status":"publish","type":"post","link":"https:\/\/www.paudalho.pe.gov.br\/portal\/em-paudalho-seguem-obras-de-tres-novas-escolas-do-municipio\/","title":{"rendered":"Em Paudalho, seguem as obras de tr\u00eas novas escolas do munic\u00edpio"},"content":{"rendered":"\n<p>Investindo em infraestrutura para a educa\u00e7\u00e3o, a Prefeitura do Paudalho segue com as obras de tr\u00eas novas escolas no munic\u00edpio. As unidades est\u00e3o localizadas nas comunidades de Bel\u00e9m, Asa Branca e Guadalajara, e atender\u00e3o alunos do Ensino Fundamental da Rede Municipal de Ensino desde o Centro at\u00e9 a Zona Rural.<\/p>\n\n\n\n<p>Com investimento de mais de R$2,5 milh\u00f5es, a unidade da Asa Branca ter\u00e1 uma \u00e1rea de 3.228,08 metros, com capacidade para 780 alunos em um investimento de mais de R$3,2 milh\u00f5es. A estrutura ter\u00e1 12 salas de aulas, quadra coberta e 8 blocos (administrativo, pedag\u00f3gicos e de servi\u00e7o), quadra, p\u00e1tio aberto, estacionamento e mais.<\/p>\n\n\n\n<p>Em Guadalajara, a nova Escola Vereador Ananias da Costa Macedo, com base no modelo de projeto padr\u00e3o do Fundo Nacional de Desenvolvimento da Educa\u00e7\u00e3o (FNDE), atender\u00e1, em m\u00e9dia, 420 alunos do Ensino Fundamental II em tempo integral, contar\u00e1 com 12 salas, quadra coberta, refeit\u00f3rio, biblioteca, centro administrativo e laborat\u00f3rio.&nbsp;<\/p>\n\n\n\n<p>Em Bel\u00e9m, a nova unidade de ensino conta com um investimento de mais de R$2,3 milh\u00f5es para comportar cerca de 180 alunos e ser\u00e1 formada por 10 salas de aula, laborat\u00f3rio, biblioteca, \u00e1rea de conviv\u00eancia, audit\u00f3rio e outros ambientes para melhor aprendizado.<\/p>\n","protected":false},"excerpt":{"rendered":"<p>Investindo em infraestrutura para a educa\u00e7\u00e3o, a Prefeitura do Paudalho segue com as obras de tr\u00eas novas escolas no munic\u00edpio. As unidades est\u00e3o localizadas nas comunidades de Bel\u00e9m, Asa Branca e Guadalajara, e atender\u00e3o alunos do Ensino Fundamental da Rede Municipal de Ensino desde o Centro at\u00e9 a Zona Rural. Com investimento de mais de [&hellip;]<\/p>\n","protected":false},"author":11,"featured_media":26379,"comment_status":"open","ping_status":"open","sticky":false,"template":"","format":"standard","meta":{"_jetpack_newsletter_access":"","_jetpack_dont_email_post_to_subs":false,"_jetpack_newsletter_tier_id":0,"_jetpack_memberships_contains_paywalled_content":false,"_jetpack_memberships_contains_paid_content":false,"footnotes":""},"categories":[2,520,1,35],"tags":[30,1233,1234,1236,1235,1232,36],"class_list":["post-26378","post","type-post","status-publish","format-standard","has-post-thumbnail","hentry","category-destaque","category-educacao-2","category-noticias","category-obras","tag-educacao","tag-escola-12-salas","tag-escola-asa-branca","tag-escola-belem","tag-escola-guadalajara","tag-escola-vereador-ananias-da-costa-macedo","tag-obras"],"jetpack_featured_media_url":"https:\/\/www.paudalho.pe.gov.br\/portal\/wp-content\/uploads\/2023\/08\/ESCOLA-2.jpeg","jetpack_sharing_enabled":true,"jetpack_shortlink":"https:\/\/wp.me\/p98mS2-6Rs","_links":{"self":[{"href":"https:\/\/www.paudalho.pe.gov.br\/portal\/wp-json\/wp\/v2\/posts\/26378","targetHints":{"allow":["GET"]}}],"collection":[{"href":"https:\/\/www.paudalho.pe.gov.br\/portal\/wp-json\/wp\/v2\/posts"}],"about":[{"href":"https:\/\/www.paudalho.pe.gov.br\/portal\/wp-json\/wp\/v2\/types\/post"}],"author":[{"embeddable":true,"href":"https:\/\/www.paudalho.pe.gov.br\/portal\/wp-json\/wp\/v2\/users\/11"}],"replies":[{"embeddable":true,"href":"https:\/\/www.paudalho.pe.gov.br\/portal\/wp-json\/wp\/v2\/comments?post=26378"}],"version-history":[{"count":2,"href":"https:\/\/www.paudalho.pe.gov.br\/portal\/wp-json\/wp\/v2\/posts\/26378\/revisions"}],"predecessor-version":[{"id":26381,"href":"https:\/\/www.paudalho.pe.gov.br\/portal\/wp-json\/wp\/v2\/posts\/26378\/revisions\/26381"}],"wp:featuredmedia":[{"embeddable":true,"href":"https:\/\/www.paudalho.pe.gov.br\/portal\/wp-json\/wp\/v2\/media\/26379"}],"wp:attachment":[{"href":"https:\/\/www.paudalho.pe.gov.br\/portal\/wp-json\/wp\/v2\/media?parent=26378"}],"wp:term":[{"taxonomy":"category","embeddable":true,"href":"https:\/\/www.paudalho.pe.gov.br\/portal\/wp-json\/wp\/v2\/categories?post=26378"},{"taxonomy":"post_tag","embeddable":true,"href":"https:\/\/www.paudalho.pe.gov.br\/portal\/wp-json\/wp\/v2\/tags?post=26378"}],"curies":[{"name":"wp","href":"https:\/\/api.w.org\/{rel}","templated":true}]}}