{"id":26375,"date":"2023-08-09T13:57:03","date_gmt":"2023-08-09T16:57:03","guid":{"rendered":"https:\/\/www.paudalho.pe.gov.br\/portal\/?p=26375"},"modified":"2025-01-08T00:38:49","modified_gmt":"2025-01-08T03:38:49","slug":"divulga-programacao-da-4o-jornada-do-patrimonio-cultural-de-paudalho","status":"publish","type":"post","link":"https:\/\/www.paudalho.pe.gov.br\/portal\/divulga-programacao-da-4o-jornada-do-patrimonio-cultural-de-paudalho\/","title":{"rendered":"Divulgada programa\u00e7\u00e3o da 4\u00ba Jornada do Patrim\u00f4nio Cultural de Paudalho"},"content":{"rendered":"\n<p>De 14 at\u00e9 30 de agosto, o munic\u00edpio de Paudalho realizar\u00e1 uma programa\u00e7\u00e3o intensa de a\u00e7\u00f5es da 4\u00ba Jornada do Patrim\u00f4nio Cultural, com exposi\u00e7\u00f5es, visitas t\u00e9cnicas, apresenta\u00e7\u00f5es musicais, rodas de conversa e muito mais, com a\u00e7\u00f5es presenciais e online. O evento faz parte da 16\u00aa edi\u00e7\u00e3o da Semana do Patrim\u00f4nio Cultural de Pernambuco, realizada pela Funda\u00e7\u00e3o do Patrim\u00f4nio Hist\u00f3rico e Art\u00edstico de Pernambuco (Fundarpe), em celebra\u00e7\u00e3o ao M\u00eas do Patrim\u00f4nio Cultural.<\/p>\n\n\n\n<p>Neste ano com o tema \u201cAs Pessoas \u2013 Patrim\u00f4nio Cultural\u201d, a Secretaria de Cultura, Turismo, Lazer e Juventude, em parceria com as demais Secretarias, preparou um cronograma que envolve a Rede Municipal de Ensino, Rede Municipal de Sa\u00fade, comerciantes, produtores, fomentadores e manifesta\u00e7\u00f5es culturais tradicionais da cidade, valorizando, assim, toda a riqueza de Paudalho.&nbsp;<\/p>\n\n\n\n<p><strong>CONFIRA PROGRAMA\u00c7\u00c3O COMPLETA:<\/strong><\/p>\n\n\n\n<p><strong>Dia 14\/08<\/strong><\/p>\n\n\n\n<p>6h, 8h e 16h \u2013 Aul\u00e3o Cultural da Academia de sa\u00fade<\/p>\n\n\n\n<p>Local: Esta\u00e7\u00e3o Ferrovi\u00e1ria<\/p>\n\n\n\n<p>8h &#8211; Exposi\u00e7\u00e3o Cultura e Hist\u00f3ria: reconhecendo os patrim\u00f4nios culturais de Guadalajara<\/p>\n\n\n\n<p>Local: Col\u00e9gio Municipal Guadalajara (CMG)<\/p>\n\n\n\n<p>14h \u2013 Roteiro Interpretativo com as crian\u00e7as do SCFV<\/p>\n\n\n\n<p>Local: Esta\u00e7\u00e3o Ferrovi\u00e1ria<\/p>\n\n\n\n<p>14h \u2013 Plantio de mudas de pau de alho (SEDEMAQ)<\/p>\n\n\n\n<p>Local: Esta\u00e7\u00e3o Ferrovi\u00e1ria<\/p>\n\n\n\n<p><strong>Dia 15\/08<\/strong><\/p>\n\n\n\n<p>8h &#8211; Abertura da Exposi\u00e7\u00e3o Fotohistoriografia \u201cPaudalho Minha Cidade L\u00ea\u201d<\/p>\n\n\n\n<p>Local: Biblioteca Municipal Severino Soares<\/p>\n\n\n\n<p>8h &#8211; Lan\u00e7amento do livro digital \u201cCasar\u00e3o de Mussurepe: uma hist\u00f3ria nunca contada\u201d<\/p>\n\n\n\n<p>Local: Escola Municipal Sinh\u00f4 Bandeira<\/p>\n\n\n\n<p>12h &#8211; Live \u201cThales Kirion entrevista o arquiteto Renan Rolim, autor do projeto de Requalifica\u00e7\u00e3o do Santu\u00e1rio de S\u00e3o Severino do Ramos\u201d<\/p>\n\n\n\n<p>Local: Instagram da Prefeitura do Paudalho<\/p>\n\n\n\n<p>17h \u2013 Programa Pod ou N\u00e3o (Apresenta\u00e7\u00e3o Ronny Silva do Par\u00e1 &#8211; Parte I.<\/p>\n\n\n\n<p>Local: ronycysney.my.canva.site<\/p>\n\n\n\n<p><strong>Dia 16\/08<\/strong><\/p>\n\n\n\n<p>8h \u2013 Palestra \u201c(Re)descobrindo Paud\u2019alho: Ros\u00e1rio dos Homens Pretos\u201d com a Escola Municipal Genilda Martins<\/p>\n\n\n\n<p>Local: Igreja de Nossa Senhora do Ros\u00e1rio<\/p>\n\n\n\n<p>8h \u2013 Visita ao Museu da Pol\u00edcia Militar de Pernambuco (Quartel do Derby) em parceria com a Academia de Pol\u00edcia Militar do Paudalho e Col\u00e9gio Municipal do Paudalho (CMP)<\/p>\n\n\n\n<p>9h \u00e0s 12h e 14h \u00e0s 16h \u2013 Exposi\u00e7\u00e3o Viajando no Passado e presente da Escola Herculano Bandeira\u201d<\/p>\n\n\n\n<p>Local: EREM Herculano Bandeira<\/p>\n\n\n\n<p>9h \u2013 Exibi\u00e7\u00e3o do Document\u00e1rio \u201cMeu Bairro \u00e9 Uma Hist\u00f3ria (Ch\u00e3 de Cruz)<\/p>\n\n\n\n<p>Local: Escola Estadual Jos\u00e9 Ant\u00f4nio Fagundes (Ch\u00e3 de Cruz)<\/p>\n\n\n\n<p>9h \u2013 Oficina M\u00fasica de Guadalajara: Origem da Banda Jo\u00e3o Batista de Lima<\/p>\n\n\n\n<p>Local: Creche Municipal Leonel Soares (Guadalajara)<\/p>\n\n\n\n<p>10h \u2013 \u201c(Re)descobrindo Paud\u2019alho: Azulejo na Arquitetura Civil\u201d com a Escola Municipal Genilda Martins<\/p>\n\n\n\n<p>Local: Igreja de Nossa Senhora do Ros\u00e1rio<\/p>\n\n\n\n<p>13h \u2013 Visita ao Santu\u00e1rio S\u00e3o Severino do Ramos e Engenho S\u00e3o Bernardo e Exposi\u00e7\u00e3o de maquetes do Santu\u00e1rio S\u00e3o Severino do Ramos<\/p>\n\n\n\n<p>Local: Escola Municipal S\u00e3o Bernardo<\/p>\n\n\n\n<p>13h \u2013 \u201c(Re)descobrindo Paud\u2019alho: Artistas Pl\u00e1sticos\u201d com a Escola Municipal Genilda Martins<\/p>\n\n\n\n<p>Local: Igreja de Nossa Senhora do Ros\u00e1rio<\/p>\n\n\n\n<p>13h \u2013 Programa Cultura na Janela &#8211; Entrevista com a administradora do Museu Memorial Sertanejo. Local:<a href=\"http:\/\/multiversodognomo.net\/cristianevalentim\"> multiversodognomo.net\/cristianevalentim<\/a><\/p>\n\n\n\n<p>14h \u2013 Painel Expositivo \u201cRecorte hist\u00f3rico do Mercado P\u00fablico de Paudalho.<\/p>\n\n\n\n<p>Local: Col\u00e9gio Municipal do Paudalho (CMP)<\/p>\n\n\n\n<p>15h \u2013 Oficina \u201c(Re)descobrindo Paud\u2019alho: Tenerife a Renda Sol\u201d com a Escola Municipal Genilda Martins<\/p>\n\n\n\n<p>Local: Igreja de Nossa Senhora do Ros\u00e1rio.<\/p>\n\n\n\n<p><strong>Dia 17\/08<\/strong><\/p>\n\n\n\n<p>6h &#8211; Caminhada Mais Sa\u00fade Cultural com alunos e professores da Academia da Sa\u00fade<\/p>\n\n\n\n<p>8h \u2013 Exposi\u00e7\u00e3o Cultural \u201cSeverino Jacinto: Passarela das Artes\u201d<\/p>\n\n\n\n<p>Local: Col\u00e9gio Municipal Tancredo Neves<\/p>\n\n\n\n<p>8h \u2013 Exposi\u00e7\u00e3o \u201cPatrim\u00f4nio Imaterial do Boboc\u00e3o\u201d<\/p>\n\n\n\n<p>Local: Col\u00e9gio Municipal Tancredo Neves<\/p>\n\n\n\n<p>8h \u2013 Visita do Col\u00e9gio Municipal Tancredo Neves \u00e0 Capela de Santo Ant\u00f4nio do Boboc\u00e3o<\/p>\n\n\n\n<p>8h \u2013 Visita do Col\u00e9gio Municipal Tancredo Neves ao Abrigo de Idosos Cazuza Pinheiro<\/p>\n\n\n\n<p>8h \u2013 Exposi\u00e7\u00e3o de maquete e visita da Escola Municipal Dr. Paulo Eleut\u00e9rio ao Bar da Tripa<\/p>\n\n\n\n<p>8h \u2013 Exposi\u00e7\u00e3o \u201cEstrelas do Alto: Dona Elvira Gusm\u00e3o (Quadrilha Rosa Linda), Beija Flor (Repentista), Dona Zulmira (Clube Carnavalesco Cruzeiro do Sul), Dona F\u00e1tima (Artes\u00e3), Mestre Zeca (Cirandeiro)\u201d<\/p>\n\n\n\n<p>Local: Escola Municipal Manoel da Rosa<\/p>\n\n\n\n<p>8h \u2013 Exposi\u00e7\u00e3o \u201cBora Pernambucar?\u201d<\/p>\n\n\n\n<p>Local: EREM Monsenhor Landelino Barreto Lins<\/p>\n\n\n\n<p>8h \u00e0s 11h&nbsp; e 14h \u00e0s 16h \u2013 Exposi\u00e7\u00e3o 170 anos da Banda 22 de Novembro<\/p>\n\n\n\n<p>Local: Sede da Sociedade de Cultura Art\u00edstica 22 de Novembro<\/p>\n\n\n\n<p>8h &#8211; Cadastramento e Recadastramento de MEIs (SEDEMAQ)<\/p>\n\n\n\n<p>Local: Mercado P\u00fablico de Paudalho<\/p>\n\n\n\n<p>9h \u2013 Exposi\u00e7\u00e3o \u201cA Riqueza Cultural de Paudalho em um pa\u00eds de diversidades\u201d<\/p>\n\n\n\n<p>Local: EREM Monsenhor Landelino Barreto Lins<\/p>\n\n\n\n<p>9h30 \u2013 Visita da&nbsp; Escola Municipal Severino Maur\u00edcio Carneiro da Silva (Pirassirica) \u00e0 Capela de Santa Rita e ao Patrim\u00f4nio Ferrovi\u00e1rio de Pirassirica<\/p>\n\n\n\n<p>9h30 \u2013 Exposi\u00e7\u00e3o \u201cRosa Linda, Linda Rosa: 47 anos de Cultura e Resist\u00eancia\u201d<\/p>\n\n\n\n<p>Local: Escola Municipal Prefeito Herculano Bandeira de Melo Filho<\/p>\n\n\n\n<p>10h \u2013 Concerto da Banda Marcial, Cia de Dan\u00e7as e Coral de Libras da Confedera\u00e7\u00e3o do Equador<\/p>\n\n\n\n<p>Local: EREM Confedera\u00e7\u00e3o do Equador<\/p>\n\n\n\n<p>13h \u2013 Exibi\u00e7\u00e3o do document\u00e1rio \u201cMerityb\u00e1: Resgatando a mem\u00f3ria dos povos origin\u00e1rios\u201d<\/p>\n\n\n\n<p>Local: Escola Municipal Jos\u00e9 Bonif\u00e1cio<\/p>\n\n\n\n<p>13h \u2013 Exposi\u00e7\u00e3o \u201cForr\u00f3 Maria Lavadeira: a hist\u00f3ria da Quadrilha Junina Forr\u00f3 Bai\u00e3o Nordestino\u201d<\/p>\n\n\n\n<p>Local: Col\u00e9gio Municipal Tancredo Neves<\/p>\n\n\n\n<p>14h \u2013 Roteiro Interpretativo com os idosos do SCFV<\/p>\n\n\n\n<p>Local: Esta\u00e7\u00e3o Ferrovi\u00e1ria<\/p>\n\n\n\n<p>14h \u2013 Plantio de mudas de Guabiraba (SEDEMAQ) e I Encontro das Doceiras de Paudalho<\/p>\n\n\n\n<p>Local: Ch\u00e1cara Vento e \u00c1gua<\/p>\n\n\n\n<p>15h \u2013 Aul\u00e3o de Teoria Musical da Escola de M\u00fasica Ot\u00e1vio Gusm\u00e3o<\/p>\n\n\n\n<p>Local: Sede da Banda 22 de Novembro<\/p>\n\n\n\n<p>17h \u2013 Programa Pod ou N\u00e3o &#8211;&nbsp; Ronny Silva do Par\u00e1 (Parte II).<\/p>\n\n\n\n<p>Local: ronycysney.my.canva.site<\/p>\n\n\n\n<p><strong>Dia 18\/08<\/strong><\/p>\n\n\n\n<p>8h \u2013 Exposi\u00e7\u00e3o \u201cDend\u00ea: o ouro alaranjado\u201d<\/p>\n\n\n\n<p>Local: Escola Municipal Gilda Barbosa (Guadalajara)<\/p>\n\n\n\n<p>8h \u2013 Apresenta\u00e7\u00e3o do mestre de Maracatu Jos\u00e9 Severo e conta\u00e7\u00e3o de hist\u00f3ria com Let\u00edcia<\/p>\n\n\n\n<p>Local: Escola Municipal C\u00edcero Lopes (Fontes de Aldeia)<\/p>\n\n\n\n<p>8h &#8211; Cadastramento e Recadastramento de MEIs (SEDEMAQ)<\/p>\n\n\n\n<p>Local: Mercado P\u00fablico de Paudalho<\/p>\n\n\n\n<p>9h \u2013 Oficina de talha em madeira com Vanduarte<\/p>\n\n\n\n<p>Local: Escola Municipal Jo\u00e3o Francisco Bezerra (Loteamento Primavera)<\/p>\n\n\n\n<p>10h \u2013 Exposi\u00e7\u00e3o &#8220;Cultura do Alto&#8221; \u2013 V\u00eddeos, fotos, oficinas de artesanato; artigos dos Professores e projeto de acessibilidade fora da escola<\/p>\n\n\n\n<p>Local: EREM Confedera\u00e7\u00e3o do Equador<\/p>\n\n\n\n<p>16h &#8211; Programa Conversando Abobrinha Especial<\/p>\n\n\n\n<p>Local:<a href=\"https:\/\/ronycysney.my.canva.site\"> ronycysney.my.canva.site<\/a><\/p>\n\n\n\n<p>19h \u2013 Ensaio aberto da Banda 22 de Novembro<\/p>\n\n\n\n<p>Local: Sede da Banda 22 de Novembro<\/p>\n\n\n\n<p><strong>Dia 19\/08<\/strong><\/p>\n\n\n\n<p>8h \u00e0s 12h \u2013 Caminhada pela Mata Atl\u00e2ntica do territ\u00f3rio Vila Verde<\/p>\n\n\n\n<p>Local: com a Escola Waldorf Rural Turmalina<\/p>\n\n\n\n<p>8h \u00e0s 11h e 14 \u00e0s 16h \u2013 Exposi\u00e7\u00e3o 170 anos da Banda 22 de Novembro<\/p>\n\n\n\n<p>Local: Sede da Banda 22 de Novembro<\/p>\n\n\n\n<p>10h \u2013 Aul\u00e3o de Teoria Musical da Escola de M\u00fasica Ot\u00e1vio Gusm\u00e3o<\/p>\n\n\n\n<p>Local: Sede da Banda 22 de Novembro<\/p>\n\n\n\n<p>11h \u00e0s 14h &#8211; Exposi\u00e7\u00e3o \u201cPatrim\u00f4nio-PE nas telas da Artista Pl\u00e1stica Tereza Ara\u00fajo\u201d<\/p>\n\n\n\n<p>Local: Restaurante Panela Cheia<\/p>\n\n\n\n<p>15h \u2013 Aul\u00e3o de Teoria Musical da Escola de M\u00fasica Ot\u00e1vio Gusm\u00e3o<\/p>\n\n\n\n<p>Local: Sede da Sociedade de Cultura Art\u00edstica 22 de Novembro<\/p>\n\n\n\n<p>20h &#8211; Concerto da Banda 22 de Novembro<\/p>\n\n\n\n<p>Local: Sede da Banda 22 de Novembro<\/p>\n\n\n\n<p><strong>Dia 20\/08<\/strong><\/p>\n\n\n\n<p>10h \u2013 Romaria ao Santu\u00e1rio de S\u00e3o Severino do Ramos<\/p>\n\n\n\n<p>11h \u00e0s 14h &#8211; Exposi\u00e7\u00e3o \u201cPatrim\u00f4nio-PE nas telas da Artista Pl\u00e1stica Tereza Ara\u00fajo\u201d<\/p>\n\n\n\n<p>Local: Restaurante Panela Cheia<\/p>\n\n\n\n<p><strong>Dia 22\/08<\/strong><\/p>\n\n\n\n<p>8h \u00e0s 11h &#8211; SARAU: Patrim\u00f4nio Cultural pau-d\u2019alhense<\/p>\n\n\n\n<p>Local: Biblioteca Municipal Severino Soares<\/p>\n\n\n\n<p>17h \u2013 Programa Pod ou N\u00e3o Especial &#8211; Apresenta\u00e7\u00e3o da cantora Nena Queiroga<\/p>\n\n\n\n<p>Local: ronycysney.my.canva.site<\/p>\n\n\n\n<p><strong>Dia 23\/08<\/strong><\/p>\n\n\n\n<p>8h \u2013 Visita \u00e0 Academia de Pol\u00edcia Militar do Paudalho APMP com a participa\u00e7\u00e3o da Escola Municipal Sinh\u00f4 Bandeira, Junco, Herculano Bandeira de Melo, Severino Jos\u00e9 Valentim e Alcindo Lacerda<\/p>\n\n\n\n<p>8h30 \u00e0s 10h \u2013 Document\u00e1rio \u201cPatrim\u00f4nio Cultural para o Alto: uma imers\u00e3o na hist\u00f3ria da Quadrilha Junina Rosa Linda, Clube Carnavalesco Cruzeiro do Sul e Banda JCP\u201d<\/p>\n\n\n\n<p>Local: Escola Estadual Jo\u00e3o Cavalcanti Petrib\u00fa<\/p>\n\n\n\n<p>13h \u2013 Programa Cultura na Janela \u2013 Entrevista com Non\u00f4 Germano \u2013<\/p>\n\n\n\n<p>Local:<a href=\"http:\/\/multiversodognomo.net\/cristianevalentim\"> multiversodognomo.net\/cristianevalentim<\/a><\/p>\n\n\n\n<p>14h \u2013 Roda de Conversa \u201cInvent\u00e1rio Participativo com Pollyana Calado, Cassio Raniere e Elizama Messias. Media\u00e7\u00e3o de Rafael Ferreira<\/p>\n\n\n\n<p>Local: Audit\u00f3rio da Ger\u00eancia de Desenvolvimento Educacional (GDE)<\/p>\n\n\n\n<p><strong>Dia 24\/08<\/strong><\/p>\n\n\n\n<p>8h \u2013 \u201cResgatando a Cultura do Maracatu Rural\u201d<\/p>\n\n\n\n<p>Local: Escola Municipal de Guadalajara<\/p>\n\n\n\n<p>8h \u00e0s 11h e 14h \u00e0s 16h \u2013 Exposi\u00e7\u00e3o 170 anos da Banda 22 de Novembro<\/p>\n\n\n\n<p>Local: Sede da Banda 22 de Novembro<\/p>\n\n\n\n<p>9h30 \u2013 Exibi\u00e7\u00e3o de document\u00e1rio \u201cPreservando as ra\u00edzes da nossa identidade\u201d<\/p>\n\n\n\n<p>Local: Escola Municipal Herculano Bandeira de Melo Filho<\/p>\n\n\n\n<p>13h \u2013 Visita ao Engenho Condado<\/p>\n\n\n\n<p>Local: Escola Municipal Severino Jos\u00e9 Valentim ao Engenho Condado<\/p>\n\n\n\n<p>14h30 \u2013 Roda de Conversa com o Severino Domingos Beija Flor<\/p>\n\n\n\n<p>Local: Biblioteca P\u00fablica Rui Barbosa<\/p>\n\n\n\n<p>15h \u2013 Aul\u00e3o de Teoria Musical da Escola de M\u00fasica Ot\u00e1vio Gusm\u00e3o<\/p>\n\n\n\n<p>Local: Sede da Banda 22 de Novembro<\/p>\n\n\n\n<p><strong>Dia 25\/08<\/strong><\/p>\n\n\n\n<p>8h e 10h &#8211; Palestra \u201cPatrim\u00f4nio Cultural do Paud\u2019alho como vetor de Desenvolvimento\u201d com o Arquiteto Eduardo Freitas<\/p>\n\n\n\n<p>Local: ETE Senador Wilson Campos<\/p>\n\n\n\n<p>8h \u2013 Exposi\u00e7\u00e3o \u201cMinha Cidade tem hist\u00f3ria e mem\u00f3ria\u201d<\/p>\n\n\n\n<p>Local: Col\u00e9gio Municipal Maria de F\u00e1tima (Ch\u00e3 de Cruz)<\/p>\n\n\n\n<p>8h \u2013 Ch\u00e1 Liter\u00e1rio Memorial e visita a uma casa de farinha<\/p>\n\n\n\n<p>Local: Escola Municipal Dr. Ant\u00f4nio Montenegro (Ch\u00e3 do Barrinho)<\/p>\n\n\n\n<p>8h \u2013 Culmin\u00e2ncia do Projeto \u201cNossa gente, nossas ra\u00edzes\u201d<\/p>\n\n\n\n<p>Local: Escola Municipal SAMAP (Loteamento Primavera)<\/p>\n\n\n\n<p>14h \u2013 Exposi\u00e7\u00e3o \u201cDesterro e Rosarinho: nossas mem\u00f3rias e hist\u00f3ria\u201d<\/p>\n\n\n\n<p>Local: Escola Municipal Eliza Fidelis (Rosarinho)<\/p>\n\n\n\n<p>16h \u2013 Programa Conversando Abobrinha \u2013 Entrevista com a escritora Wanessa Campos. Local: ronycysney.my.canva.site<\/p>\n\n\n\n<p><strong>Dia 26\/08<\/strong><\/p>\n\n\n\n<p>8h \u00e0s 11h e 14 \u00e0s 16h &#8211; Exposi\u00e7\u00e3o 170 anos da Banda 22 de Novembro<\/p>\n\n\n\n<p>Local: Sede da Banda 22 de Novembro<\/p>\n\n\n\n<p>10h e 15h \u2013 Aul\u00e3o de Teoria Musical da Escola de M\u00fasica Ot\u00e1vio Gusm\u00e3o<\/p>\n\n\n\n<p>Local: Sede da Banda 22 de Novembro<\/p>\n\n\n\n<p><strong>Dia 27\/08<\/strong><\/p>\n\n\n\n<p>6h \u2013 Pedala Patrim\u00f4nio com a Academia da Sa\u00fade<\/p>\n\n\n\n<p>Concentra\u00e7\u00e3o: Pra\u00e7a Santa Tereza<\/p>\n\n\n\n<p>10h \u2013 Romaria ao Santu\u00e1rio de S\u00e3o Severino do Ramos<\/p>\n\n\n\n<p><strong>Dia 29\/08<\/strong><\/p>\n\n\n\n<p>14h \u2013 Exposi\u00e7\u00e3o \u201cEngenho Lavagem como lugar de mem\u00f3rias\u201d<\/p>\n\n\n\n<p>Local: Escola Municipal do Junco<\/p>\n\n\n\n<p>14h \u2013 Exposi\u00e7\u00e3o \u201cMinha bandeira carrega hist\u00f3ria\u201d<\/p>\n\n\n\n<p>Local: Escola Municipal Menino Jesus (Ch\u00e3 Alegre)<\/p>\n\n\n\n<p><strong>Dia 30\/08<\/strong><\/p>\n\n\n\n<p>6h \u2013 Tour Cultural Viajando na Hist\u00f3ria de Paudalho com a Academia da Sa\u00fade<\/p>\n\n\n\n<p>8h &#8211; QUIS: jogo did\u00e1tico conhecendo a bandeira de Paudalho<\/p>\n\n\n\n<p>Local: Biblioteca Municipal Severino Soares<\/p>\n\n\n\n<p>8h30 \u2013 Visita com a Escola Municipal Alcindo Lacerda ao Museu Alcindo Lacerda<\/p>\n\n\n\n<p>Local: Acerol\u00e2ndia<\/p>\n","protected":false},"excerpt":{"rendered":"<p>De 14 at\u00e9 30 de agosto, o munic\u00edpio de Paudalho realizar\u00e1 uma programa\u00e7\u00e3o intensa de a\u00e7\u00f5es da 4\u00ba Jornada do Patrim\u00f4nio Cultural, com exposi\u00e7\u00f5es, visitas t\u00e9cnicas, apresenta\u00e7\u00f5es musicais, rodas de conversa e muito mais, com a\u00e7\u00f5es presenciais e online. O evento faz parte da 16\u00aa edi\u00e7\u00e3o da Semana do Patrim\u00f4nio Cultural de Pernambuco, realizada pela [&hellip;]<\/p>\n","protected":false},"author":11,"featured_media":26376,"comment_status":"open","ping_status":"open","sticky":false,"template":"","format":"standard","meta":{"_jetpack_newsletter_access":"","_jetpack_dont_email_post_to_subs":false,"_jetpack_newsletter_tier_id":0,"_jetpack_memberships_contains_paywalled_content":false,"_jetpack_memberships_contains_paid_content":false,"footnotes":""},"categories":[6,1184,2,793,1,800],"tags":[1231,68,288,238],"class_list":["post-26375","post","type-post","status-publish","format-standard","has-post-thumbnail","hentry","category-cultura","category-cultura-2","category-destaque","category-juventudes","category-noticias","category-turismo","tag-4o-jornada-do-patrimonio-cultural","tag-cultura","tag-patrimonio-cultural","tag-secretaria-de-cultura-e-turismo"],"jetpack_featured_media_url":"https:\/\/www.paudalho.pe.gov.br\/portal\/wp-content\/uploads\/2023\/08\/1.png","jetpack_sharing_enabled":true,"jetpack_shortlink":"https:\/\/wp.me\/p98mS2-6Rp","_links":{"self":[{"href":"https:\/\/www.paudalho.pe.gov.br\/portal\/wp-json\/wp\/v2\/posts\/26375","targetHints":{"allow":["GET"]}}],"collection":[{"href":"https:\/\/www.paudalho.pe.gov.br\/portal\/wp-json\/wp\/v2\/posts"}],"about":[{"href":"https:\/\/www.paudalho.pe.gov.br\/portal\/wp-json\/wp\/v2\/types\/post"}],"author":[{"embeddable":true,"href":"https:\/\/www.paudalho.pe.gov.br\/portal\/wp-json\/wp\/v2\/users\/11"}],"replies":[{"embeddable":true,"href":"https:\/\/www.paudalho.pe.gov.br\/portal\/wp-json\/wp\/v2\/comments?post=26375"}],"version-history":[{"count":2,"href":"https:\/\/www.paudalho.pe.gov.br\/portal\/wp-json\/wp\/v2\/posts\/26375\/revisions"}],"predecessor-version":[{"id":26382,"href":"https:\/\/www.paudalho.pe.gov.br\/portal\/wp-json\/wp\/v2\/posts\/26375\/revisions\/26382"}],"wp:featuredmedia":[{"embeddable":true,"href":"https:\/\/www.paudalho.pe.gov.br\/portal\/wp-json\/wp\/v2\/media\/26376"}],"wp:attachment":[{"href":"https:\/\/www.paudalho.pe.gov.br\/portal\/wp-json\/wp\/v2\/media?parent=26375"}],"wp:term":[{"taxonomy":"category","embeddable":true,"href":"https:\/\/www.paudalho.pe.gov.br\/portal\/wp-json\/wp\/v2\/categories?post=26375"},{"taxonomy":"post_tag","embeddable":true,"href":"https:\/\/www.paudalho.pe.gov.br\/portal\/wp-json\/wp\/v2\/tags?post=26375"}],"curies":[{"name":"wp","href":"https:\/\/api.w.org\/{rel}","templated":true}]}}