{"id":26337,"date":"2023-08-08T10:21:14","date_gmt":"2023-08-08T13:21:14","guid":{"rendered":"https:\/\/www.paudalho.pe.gov.br\/portal\/?p=26337"},"modified":"2025-01-08T00:38:49","modified_gmt":"2025-01-08T03:38:49","slug":"curso-de-defesa-pessoal-feminina-rodas-de-conversa-e-capacitacao-fazem-parte-da-programacao-do-agosto-lilas-em-paudalho","status":"publish","type":"post","link":"https:\/\/www.paudalho.pe.gov.br\/portal\/curso-de-defesa-pessoal-feminina-rodas-de-conversa-e-capacitacao-fazem-parte-da-programacao-do-agosto-lilas-em-paudalho\/","title":{"rendered":"<strong>Curso de defesa pessoal feminina, rodas de conversa e capacita\u00e7\u00e3o fazem parte da programa\u00e7\u00e3o do Agosto Lil\u00e1s em Paudalho<\/strong>"},"content":{"rendered":"\n<p>Em alus\u00e3o a campanha do Agosto Lil\u00e1s, que \u00e9 dedicado \u00e0 conscientiza\u00e7\u00e3o pelo fim da viol\u00eancia dom\u00e9stica e familiar contra a mulher, a Prefeitura do Paudalho, por meio da Coordenadoria da Mulher, abriu as inscri\u00e7\u00f5es para o Curso de Defesa Pessoal Feminina, realizado em uma parceria com a Guarda Civil Municipal e a Pol\u00edcia Militar de Pernambuco. O munic\u00edpio \u00e9 o primeiro da Zona da Mata a disponibilizar o curso, que teve sua primeira turma formada em 2022.<\/p>\n\n\n\n<p>Para se inscrever, mulheres acima de 18 anos devem se dirigir a Coordenadoria da Mulher, localizada no Pa\u00e7o Municipal, at\u00e9 esta sexta-feira (11), das 8h \u00e0s 13h. As aulas ser\u00e3o ministradas durante todos os s\u00e1bados de agosto, come\u00e7ando no dia 12, na Escola Municipal Genilda Martins. Neste ano, as alunas tamb\u00e9m ir\u00e3o no dia 20 de julho conhecer e ter uma aula no 2\u00b0 Batalh\u00e3o de Pol\u00edcia Militar, em Nazar\u00e9 da Mata.<\/p>\n\n\n\n<p><strong>Programa\u00e7\u00e3o Agosto Lil\u00e1s<\/strong><\/p>\n\n\n\n<p>Al\u00e9m do curso, a Secretaria de Cultura, Turismo, Lazer e Juventudes, a Secretaria de Sa\u00fade, Secretaria de Educa\u00e7\u00e3o e Esportes e a Secretaria de Desenvolvimento de Assist\u00eancia Social, prepararam uma programa\u00e7\u00e3o completa para conscientizar e prevenir contra o crime de viol\u00eancia contra mulheres, al\u00e9m de empoderar atrav\u00e9s de rodas de conversa e palestras.<\/p>\n\n\n\n<p>No dia 15 de julho, a Guarda Civil Municipal e Pol\u00edcia Militar de Pernambuco realizar\u00e3o uma a\u00e7\u00e3o com alunos do curso pr\u00e9-vestibular do munic\u00edpio, Pr\u00e9-jovem. No dia 16, ocorre um evento com as mulheres acompanhadas pelo Servi\u00e7o de Conviv\u00eancia e Fortalecimento de V\u00ednculos (SCFV). No dia 17, ocorre a capacita\u00e7\u00e3o para funcion\u00e1rios da sa\u00fade na Unidade B\u00e1sica de Sa\u00fade do Centro da cidade. Dia 18, ser\u00e1 realizado um evento no Centro de Especialidades M\u00e9dicas. Nos dias 23 e 28, ocorrem rodas de conversa com mulheres dos Residenciais Guadalajara I e II e com mulheres atendidas pelo Centro de Refer\u00eancia Especializado de Assist\u00eancia Social (CREAS) na Biblioteca Rui Barbosa, respectivamente. Dia 30, a ONG Sobre N\u00f3s realizar\u00e1 um evento no Clube Estrela do Paudalho. E para encerrar o m\u00eas, no dia 31, ser\u00e1 realizada a Caminhada Delas, saindo da entrada do munic\u00edpio.<\/p>\n","protected":false},"excerpt":{"rendered":"<p>Em alus\u00e3o a campanha do Agosto Lil\u00e1s, que \u00e9 dedicado \u00e0 conscientiza\u00e7\u00e3o pelo fim da viol\u00eancia dom\u00e9stica e familiar contra a mulher, a Prefeitura do Paudalho, por meio da Coordenadoria da Mulher, abriu as inscri\u00e7\u00f5es para o Curso de Defesa Pessoal Feminina, realizado em uma parceria com a Guarda Civil Municipal e a Pol\u00edcia Militar [&hellip;]<\/p>\n","protected":false},"author":11,"featured_media":26340,"comment_status":"open","ping_status":"open","sticky":false,"template":"","format":"standard","meta":{"_jetpack_newsletter_access":"","_jetpack_dont_email_post_to_subs":false,"_jetpack_newsletter_tier_id":0,"_jetpack_memberships_contains_paywalled_content":false,"_jetpack_memberships_contains_paid_content":false,"footnotes":""},"categories":[770,850,766,1184,2,520,793,1,588,1227],"tags":[366,1228,1229,124,168,713],"class_list":["post-26337","post","type-post","status-publish","format-standard","has-post-thumbnail","hentry","category-agosto-lilas","category-assistencia-social","category-coordenadoria-da-mulher","category-cultura-2","category-destaque","category-educacao-2","category-juventudes","category-noticias","category-projetos-e-programas","category-saude-2","tag-agosto-lilas","tag-curso-de-defesa-pessoal","tag-curso-de-defesa-pessoal-feminina","tag-secretaria-de-desenvolvimento-e-assistencia-social","tag-secretaria-de-saude","tag-secretaria-municipal-de-cultura-esporte-juventude-turismo-e-lazer"],"jetpack_featured_media_url":"https:\/\/www.paudalho.pe.gov.br\/portal\/wp-content\/uploads\/2023\/08\/PMP-COORD-MULHER-FEED-1.png","jetpack_sharing_enabled":true,"jetpack_shortlink":"https:\/\/wp.me\/p98mS2-6QN","_links":{"self":[{"href":"https:\/\/www.paudalho.pe.gov.br\/portal\/wp-json\/wp\/v2\/posts\/26337","targetHints":{"allow":["GET"]}}],"collection":[{"href":"https:\/\/www.paudalho.pe.gov.br\/portal\/wp-json\/wp\/v2\/posts"}],"about":[{"href":"https:\/\/www.paudalho.pe.gov.br\/portal\/wp-json\/wp\/v2\/types\/post"}],"author":[{"embeddable":true,"href":"https:\/\/www.paudalho.pe.gov.br\/portal\/wp-json\/wp\/v2\/users\/11"}],"replies":[{"embeddable":true,"href":"https:\/\/www.paudalho.pe.gov.br\/portal\/wp-json\/wp\/v2\/comments?post=26337"}],"version-history":[{"count":1,"href":"https:\/\/www.paudalho.pe.gov.br\/portal\/wp-json\/wp\/v2\/posts\/26337\/revisions"}],"predecessor-version":[{"id":26339,"href":"https:\/\/www.paudalho.pe.gov.br\/portal\/wp-json\/wp\/v2\/posts\/26337\/revisions\/26339"}],"wp:featuredmedia":[{"embeddable":true,"href":"https:\/\/www.paudalho.pe.gov.br\/portal\/wp-json\/wp\/v2\/media\/26340"}],"wp:attachment":[{"href":"https:\/\/www.paudalho.pe.gov.br\/portal\/wp-json\/wp\/v2\/media?parent=26337"}],"wp:term":[{"taxonomy":"category","embeddable":true,"href":"https:\/\/www.paudalho.pe.gov.br\/portal\/wp-json\/wp\/v2\/categories?post=26337"},{"taxonomy":"post_tag","embeddable":true,"href":"https:\/\/www.paudalho.pe.gov.br\/portal\/wp-json\/wp\/v2\/tags?post=26337"}],"curies":[{"name":"wp","href":"https:\/\/api.w.org\/{rel}","templated":true}]}}