{"id":26308,"date":"2023-08-03T13:45:08","date_gmt":"2023-08-03T16:45:08","guid":{"rendered":"https:\/\/www.paudalho.pe.gov.br\/portal\/?p=26308"},"modified":"2025-01-08T00:38:49","modified_gmt":"2025-01-08T03:38:49","slug":"prefeitura-do-paudalho-realiza-capacitacao-para-merendeiras-e-auxiliares-de-servico-gerais-da-rede-municipal-de-ensino","status":"publish","type":"post","link":"https:\/\/www.paudalho.pe.gov.br\/portal\/prefeitura-do-paudalho-realiza-capacitacao-para-merendeiras-e-auxiliares-de-servico-gerais-da-rede-municipal-de-ensino\/","title":{"rendered":"<strong>Prefeitura do Paudalho realiza capacita\u00e7\u00e3o para merendeiras e auxiliares de servi\u00e7o gerais da Rede Municipal de Ensino<\/strong>"},"content":{"rendered":"\n<p>A Prefeitura do Paudalho por meio da Secretaria de Educa\u00e7\u00e3o e Esportes realizou no dia 26 de julho uma capacita\u00e7\u00e3o para merendeiras e auxiliares de servi\u00e7os gerais da Rede Municipal de Ensino. O treinamento \u00e9 realizado anualmente e, neste ano, ocorreu em parceria com o Centro Universit\u00e1rio Maur\u00edcio de Nassau (UNINASSAU). O evento teve como tem\u00e1tica \u201cEvitando o desperd\u00edcio de alimentos atrav\u00e9s do aproveitamento integral dos alimentos\u201d e tamb\u00e9m abordou as boas pr\u00e1ticas para manipula\u00e7\u00e3o dos alimentos.<\/p>\n\n\n\n<p>\u201c<em>Esse evento \u00e9 muito importante porque resgata anualmente a import\u00e2ncia desses profissionais dentro das escolas, afinal, s\u00e3o eles que est\u00e3o na ponta, trabalhando com o alimento e executando a alimenta\u00e7\u00e3o escolar<\/em>\u201d, declarou Ana Claudia, nutricionista do Programa Nacional de Alimenta\u00e7\u00e3o Escolar (PNAE).<\/p>\n","protected":false},"excerpt":{"rendered":"<p>A Prefeitura do Paudalho por meio da Secretaria de Educa\u00e7\u00e3o e Esportes realizou no dia 26 de julho uma capacita\u00e7\u00e3o para merendeiras e auxiliares de servi\u00e7os gerais da Rede Municipal de Ensino. O treinamento \u00e9 realizado anualmente e, neste ano, ocorreu em parceria com o Centro Universit\u00e1rio Maur\u00edcio de Nassau (UNINASSAU). O evento teve como [&hellip;]<\/p>\n","protected":false},"author":11,"featured_media":26309,"comment_status":"open","ping_status":"open","sticky":false,"template":"","format":"standard","meta":{"_jetpack_newsletter_access":"","_jetpack_dont_email_post_to_subs":false,"_jetpack_newsletter_tier_id":0,"_jetpack_memberships_contains_paywalled_content":false,"_jetpack_memberships_contains_paid_content":false,"footnotes":""},"categories":[2,520,1],"tags":[30,1201],"class_list":["post-26308","post","type-post","status-publish","format-standard","has-post-thumbnail","hentry","category-destaque","category-educacao-2","category-noticias","tag-educacao","tag-secretaria-de-educacao-e-esportes"],"jetpack_featured_media_url":"https:\/\/www.paudalho.pe.gov.br\/portal\/wp-content\/uploads\/2023\/08\/EDUCACAO-01.jpeg","jetpack_sharing_enabled":true,"jetpack_shortlink":"https:\/\/wp.me\/p98mS2-6Qk","_links":{"self":[{"href":"https:\/\/www.paudalho.pe.gov.br\/portal\/wp-json\/wp\/v2\/posts\/26308","targetHints":{"allow":["GET"]}}],"collection":[{"href":"https:\/\/www.paudalho.pe.gov.br\/portal\/wp-json\/wp\/v2\/posts"}],"about":[{"href":"https:\/\/www.paudalho.pe.gov.br\/portal\/wp-json\/wp\/v2\/types\/post"}],"author":[{"embeddable":true,"href":"https:\/\/www.paudalho.pe.gov.br\/portal\/wp-json\/wp\/v2\/users\/11"}],"replies":[{"embeddable":true,"href":"https:\/\/www.paudalho.pe.gov.br\/portal\/wp-json\/wp\/v2\/comments?post=26308"}],"version-history":[{"count":1,"href":"https:\/\/www.paudalho.pe.gov.br\/portal\/wp-json\/wp\/v2\/posts\/26308\/revisions"}],"predecessor-version":[{"id":26310,"href":"https:\/\/www.paudalho.pe.gov.br\/portal\/wp-json\/wp\/v2\/posts\/26308\/revisions\/26310"}],"wp:featuredmedia":[{"embeddable":true,"href":"https:\/\/www.paudalho.pe.gov.br\/portal\/wp-json\/wp\/v2\/media\/26309"}],"wp:attachment":[{"href":"https:\/\/www.paudalho.pe.gov.br\/portal\/wp-json\/wp\/v2\/media?parent=26308"}],"wp:term":[{"taxonomy":"category","embeddable":true,"href":"https:\/\/www.paudalho.pe.gov.br\/portal\/wp-json\/wp\/v2\/categories?post=26308"},{"taxonomy":"post_tag","embeddable":true,"href":"https:\/\/www.paudalho.pe.gov.br\/portal\/wp-json\/wp\/v2\/tags?post=26308"}],"curies":[{"name":"wp","href":"https:\/\/api.w.org\/{rel}","templated":true}]}}