{"id":26302,"date":"2023-08-03T13:40:53","date_gmt":"2023-08-03T16:40:53","guid":{"rendered":"https:\/\/www.paudalho.pe.gov.br\/portal\/?p=26302"},"modified":"2025-01-08T00:38:50","modified_gmt":"2025-01-08T03:38:50","slug":"prefeitura-do-paudalho-disponibiliza-a-carteira-do-autista-que-permite-acesso-prioritario-em-atendimentos-do-setor-publico-e-privado","status":"publish","type":"post","link":"https:\/\/www.paudalho.pe.gov.br\/portal\/prefeitura-do-paudalho-disponibiliza-a-carteira-do-autista-que-permite-acesso-prioritario-em-atendimentos-do-setor-publico-e-privado\/","title":{"rendered":"<strong>Prefeitura do Paudalho disponibiliza a carteira do autista que permite acesso priorit\u00e1rio em atendimentos do setor p\u00fablico e privado<\/strong>"},"content":{"rendered":"\n<p>O Transtorno do Espectro Autista (TEA) \u00e9 considerado uma defici\u00eancia invis\u00edvel, o que significa que n\u00e3o tem um fen\u00f3tipo espec\u00edfico como outras. Sabendo da dificuldade de pessoas no espectro em ter acesso aos servi\u00e7os b\u00e1sicos, a Prefeitura do Paudalho, por meio da Secretaria de Desenvolvimento e Assist\u00eancia Social, disponibiliza a carteira do autismo, uma ferramenta para possibilitar a identifica\u00e7\u00e3o dessas pessoas, colocando-as como prioridade no atendimento em servi\u00e7os p\u00fablicos e privados, como \u00e1reas de sa\u00fade, educa\u00e7\u00e3o e assist\u00eancia social.<\/p>\n\n\n\n<p>A carteira pode ser solicitada de segunda-feira a quarta-feira, das 8h \u00e0s 16h, e \u00e0s quintas-feiras, das 8h \u00e0s 14h, na sede da Casa dos Conselhos, localizada na Pra\u00e7a Sta. Tereza, no Centro de Paudalho. Para realizar o cadastramento, \u00e9 necess\u00e1rio apresentar comprovante de resid\u00eancia, CPF e RG, laudo m\u00e9dico com o Cid e o tipo sangu\u00edneo. Se a pessoa for de menor de idade, ou seja de maior e incapaz, \u00e9 necess\u00e1rio apresentar o RG do respons\u00e1vel.<\/p>\n","protected":false},"excerpt":{"rendered":"<p>O Transtorno do Espectro Autista (TEA) \u00e9 considerado uma defici\u00eancia invis\u00edvel, o que significa que n\u00e3o tem um fen\u00f3tipo espec\u00edfico como outras. Sabendo da dificuldade de pessoas no espectro em ter acesso aos servi\u00e7os b\u00e1sicos, a Prefeitura do Paudalho, por meio da Secretaria de Desenvolvimento e Assist\u00eancia Social, disponibiliza a carteira do autismo, uma ferramenta [&hellip;]<\/p>\n","protected":false},"author":11,"featured_media":26303,"comment_status":"open","ping_status":"open","sticky":false,"template":"","format":"standard","meta":{"_jetpack_newsletter_access":"","_jetpack_dont_email_post_to_subs":false,"_jetpack_newsletter_tier_id":0,"_jetpack_memberships_contains_paywalled_content":false,"_jetpack_memberships_contains_paid_content":false,"footnotes":""},"categories":[850,2,1],"tags":[16,168],"class_list":["post-26302","post","type-post","status-publish","format-standard","has-post-thumbnail","hentry","category-assistencia-social","category-destaque","category-noticias","tag-saude","tag-secretaria-de-saude"],"jetpack_featured_media_url":"https:\/\/www.paudalho.pe.gov.br\/portal\/wp-content\/uploads\/2023\/08\/ASSISTENCIA.jpeg","jetpack_sharing_enabled":true,"jetpack_shortlink":"https:\/\/wp.me\/p98mS2-6Qe","_links":{"self":[{"href":"https:\/\/www.paudalho.pe.gov.br\/portal\/wp-json\/wp\/v2\/posts\/26302","targetHints":{"allow":["GET"]}}],"collection":[{"href":"https:\/\/www.paudalho.pe.gov.br\/portal\/wp-json\/wp\/v2\/posts"}],"about":[{"href":"https:\/\/www.paudalho.pe.gov.br\/portal\/wp-json\/wp\/v2\/types\/post"}],"author":[{"embeddable":true,"href":"https:\/\/www.paudalho.pe.gov.br\/portal\/wp-json\/wp\/v2\/users\/11"}],"replies":[{"embeddable":true,"href":"https:\/\/www.paudalho.pe.gov.br\/portal\/wp-json\/wp\/v2\/comments?post=26302"}],"version-history":[{"count":1,"href":"https:\/\/www.paudalho.pe.gov.br\/portal\/wp-json\/wp\/v2\/posts\/26302\/revisions"}],"predecessor-version":[{"id":26304,"href":"https:\/\/www.paudalho.pe.gov.br\/portal\/wp-json\/wp\/v2\/posts\/26302\/revisions\/26304"}],"wp:featuredmedia":[{"embeddable":true,"href":"https:\/\/www.paudalho.pe.gov.br\/portal\/wp-json\/wp\/v2\/media\/26303"}],"wp:attachment":[{"href":"https:\/\/www.paudalho.pe.gov.br\/portal\/wp-json\/wp\/v2\/media?parent=26302"}],"wp:term":[{"taxonomy":"category","embeddable":true,"href":"https:\/\/www.paudalho.pe.gov.br\/portal\/wp-json\/wp\/v2\/categories?post=26302"},{"taxonomy":"post_tag","embeddable":true,"href":"https:\/\/www.paudalho.pe.gov.br\/portal\/wp-json\/wp\/v2\/tags?post=26302"}],"curies":[{"name":"wp","href":"https:\/\/api.w.org\/{rel}","templated":true}]}}