{"id":26293,"date":"2023-08-02T09:56:52","date_gmt":"2023-08-02T12:56:52","guid":{"rendered":"https:\/\/www.paudalho.pe.gov.br\/portal\/?p=26293"},"modified":"2025-01-08T00:38:50","modified_gmt":"2025-01-08T03:38:50","slug":"ensino-fundamental-de-paudalho-conquista-1o-lugar-no-idepe-na-regiao-da-mata-norte","status":"publish","type":"post","link":"https:\/\/www.paudalho.pe.gov.br\/portal\/ensino-fundamental-de-paudalho-conquista-1o-lugar-no-idepe-na-regiao-da-mata-norte\/","title":{"rendered":"Ensino Fundamental de Paudalho conquista 1\u00ba lugar no IDEPE na regi\u00e3o da Mata Norte"},"content":{"rendered":"\n<p>A educa\u00e7\u00e3o p\u00fablica do munic\u00edpio de Paudalho foi reconhecida pelo Governo do Estado com o primeiro lugar, obtendo a nota mais alta no \u00cdndice de Desenvolvimento da Educa\u00e7\u00e3o (IDEPE) 2023 para os anos finais (6\u00ba ao 9\u00ba) de toda a Zona da Mata Norte de Pernambuco. Para conquistar o feito, Paudalho se destacou nas duas categorias da premia\u00e7\u00e3o: maior crescimento e melhor desempenho, liderando o ranking em ambas as \u00e1reas. Al\u00e9m disso, comprovando ainda mais os resultados do investimento feito na Rede Municipal de Ensino, a cidade tamb\u00e9m conquistou o quarto lugar para os anos iniciais (1\u00ba ao 5\u00ba).&nbsp;<\/p>\n\n\n\n<p>Os resultados foram divulgados na sexta-feira (28) pela Secretaria Estadual de Educa\u00e7\u00e3o e Esportes. \u201d<em>N\u00f3s estamos felizes porque durante todos esses anos de trabalho, nosso foco sempre foi melhorar a qualidade do ensino e por isso investimos na constru\u00e7\u00e3o e reconstru\u00e7\u00e3o de novas escolas, creches, mas tamb\u00e9m na parte pedag\u00f3gica com a capacita\u00e7\u00e3o de professores, novos programas e projetos, a aquisi\u00e7\u00e3o de livros de alta qualidade, tablets, apoiadores e um Centro Cognitivo para crian\u00e7as com m\u00faltiplas defici\u00eancia e transtornos, ou seja uma rede de apoio aos nossos estudantes. O resultado n\u00e3o poderia ser outro, hoje podemos dizer sim que Paudalho tem educa\u00e7\u00e3o de qualidade<\/em>\u201d, comentou o prefeito da cidade, Marcelo Gouveia<\/p>\n\n\n\n<p><strong>O que \u00e9 o \u00cdndice?<\/strong><\/p>\n\n\n\n<p>O IDEPE foi criado pelo Governo de Pernambuco para avaliar o ensino b\u00e1sico nas escolas p\u00fablicas, possibilitando o planejamento de pol\u00edticas que visem a melhoria da educa\u00e7\u00e3o. O c\u00e1lculo anual tem como base o desempenho do Sistema de Avalia\u00e7\u00e3o da Educa\u00e7\u00e3o B\u00e1sica de Pernambuco (SAEPE) e na Taxa de Aprova\u00e7\u00e3o. O desempenho corresponde \u00e0 m\u00e9dia da performance dos alunos em L\u00edngua Portuguesa e Matem\u00e1tica, resultante dos testes elaborados no SAEPE, que mede anualmente o grau de dom\u00ednio dos estudantes nas habilidades e compet\u00eancias consideradas essenciais em cada per\u00edodo de escolaridade avaliado.<\/p>\n\n\n\n<p>Confira o resultado completo:<\/p>\n\n\n\n<div data-wp-interactive=\"core\/file\" class=\"wp-block-file\"><object data-wp-bind--hidden=\"!state.hasPdfPreview\" hidden class=\"wp-block-file__embed\" data=\"https:\/\/www.paudalho.pe.gov.br\/portal\/wp-content\/uploads\/2023\/08\/9o-ANO-REGIONAL-MATA-NORTE.pdf\" type=\"application\/pdf\" style=\"width:100%;height:600px\" aria-label=\"Incorporado de 9o-ANO-REGIONAL-MATA-NORTE.\"><\/object><a id=\"wp-block-file--media-5df55989-e216-4f74-b6fa-88984226bbca\" href=\"https:\/\/www.paudalho.pe.gov.br\/portal\/wp-content\/uploads\/2023\/08\/9o-ANO-REGIONAL-MATA-NORTE.pdf\">9o-ANO-REGIONAL-MATA-NORTE<\/a><a href=\"https:\/\/www.paudalho.pe.gov.br\/portal\/wp-content\/uploads\/2023\/08\/9o-ANO-REGIONAL-MATA-NORTE.pdf\" class=\"wp-block-file__button wp-element-button\" download aria-describedby=\"wp-block-file--media-5df55989-e216-4f74-b6fa-88984226bbca\">Baixar<\/a><\/div>\n\n\n\n<div data-wp-interactive=\"core\/file\" class=\"wp-block-file\"><object data-wp-bind--hidden=\"!state.hasPdfPreview\" hidden class=\"wp-block-file__embed\" data=\"https:\/\/www.paudalho.pe.gov.br\/portal\/wp-content\/uploads\/2023\/08\/5o-ANO-REGIONAL-MATA-NORTE-.pdf\" type=\"application\/pdf\" style=\"width:100%;height:600px\" aria-label=\"Incorporado de 5o-ANO-REGIONAL-MATA-NORTE-.\"><\/object><a id=\"wp-block-file--media-5a294c72-10e8-4d43-9433-3503951787bc\" href=\"https:\/\/www.paudalho.pe.gov.br\/portal\/wp-content\/uploads\/2023\/08\/5o-ANO-REGIONAL-MATA-NORTE-.pdf\">5o-ANO-REGIONAL-MATA-NORTE-<\/a><a href=\"https:\/\/www.paudalho.pe.gov.br\/portal\/wp-content\/uploads\/2023\/08\/5o-ANO-REGIONAL-MATA-NORTE-.pdf\" class=\"wp-block-file__button wp-element-button\" download aria-describedby=\"wp-block-file--media-5a294c72-10e8-4d43-9433-3503951787bc\">Baixar<\/a><\/div>\n","protected":false},"excerpt":{"rendered":"<p>A educa\u00e7\u00e3o p\u00fablica do munic\u00edpio de Paudalho foi reconhecida pelo Governo do Estado com o primeiro lugar, obtendo a nota mais alta no \u00cdndice de Desenvolvimento da Educa\u00e7\u00e3o (IDEPE) 2023 para os anos finais (6\u00ba ao 9\u00ba) de toda a Zona da Mata Norte de Pernambuco. Para conquistar o feito, Paudalho se destacou nas duas [&hellip;]<\/p>\n","protected":false},"author":11,"featured_media":26294,"comment_status":"open","ping_status":"open","sticky":false,"template":"","format":"standard","meta":{"_jetpack_newsletter_access":"","_jetpack_dont_email_post_to_subs":false,"_jetpack_newsletter_tier_id":0,"_jetpack_memberships_contains_paywalled_content":false,"_jetpack_memberships_contains_paid_content":false,"footnotes":""},"categories":[2,4,520,1],"tags":[30,378,106,1201],"class_list":["post-26293","post","type-post","status-publish","format-standard","has-post-thumbnail","hentry","category-destaque","category-educacao","category-educacao-2","category-noticias","tag-educacao","tag-idepe","tag-secretaria-de-educacao","tag-secretaria-de-educacao-e-esportes"],"jetpack_featured_media_url":"https:\/\/www.paudalho.pe.gov.br\/portal\/wp-content\/uploads\/2023\/08\/PAUDALHO-IDEPE-scaled.jpg","jetpack_sharing_enabled":true,"jetpack_shortlink":"https:\/\/wp.me\/p98mS2-6Q5","_links":{"self":[{"href":"https:\/\/www.paudalho.pe.gov.br\/portal\/wp-json\/wp\/v2\/posts\/26293","targetHints":{"allow":["GET"]}}],"collection":[{"href":"https:\/\/www.paudalho.pe.gov.br\/portal\/wp-json\/wp\/v2\/posts"}],"about":[{"href":"https:\/\/www.paudalho.pe.gov.br\/portal\/wp-json\/wp\/v2\/types\/post"}],"author":[{"embeddable":true,"href":"https:\/\/www.paudalho.pe.gov.br\/portal\/wp-json\/wp\/v2\/users\/11"}],"replies":[{"embeddable":true,"href":"https:\/\/www.paudalho.pe.gov.br\/portal\/wp-json\/wp\/v2\/comments?post=26293"}],"version-history":[{"count":1,"href":"https:\/\/www.paudalho.pe.gov.br\/portal\/wp-json\/wp\/v2\/posts\/26293\/revisions"}],"predecessor-version":[{"id":26297,"href":"https:\/\/www.paudalho.pe.gov.br\/portal\/wp-json\/wp\/v2\/posts\/26293\/revisions\/26297"}],"wp:featuredmedia":[{"embeddable":true,"href":"https:\/\/www.paudalho.pe.gov.br\/portal\/wp-json\/wp\/v2\/media\/26294"}],"wp:attachment":[{"href":"https:\/\/www.paudalho.pe.gov.br\/portal\/wp-json\/wp\/v2\/media?parent=26293"}],"wp:term":[{"taxonomy":"category","embeddable":true,"href":"https:\/\/www.paudalho.pe.gov.br\/portal\/wp-json\/wp\/v2\/categories?post=26293"},{"taxonomy":"post_tag","embeddable":true,"href":"https:\/\/www.paudalho.pe.gov.br\/portal\/wp-json\/wp\/v2\/tags?post=26293"}],"curies":[{"name":"wp","href":"https:\/\/api.w.org\/{rel}","templated":true}]}}