{"id":26162,"date":"2023-07-24T15:26:25","date_gmt":"2023-07-24T18:26:25","guid":{"rendered":"https:\/\/www.paudalho.pe.gov.br\/portal\/?p=26162"},"modified":"2025-01-08T00:38:50","modified_gmt":"2025-01-08T03:38:50","slug":"paudalho-divulga-programacao-de-aniversario-da-cidade-com-shows-de-pablo-priscila-senna-conde-so-brega-andre-viana-entre-outros","status":"publish","type":"post","link":"https:\/\/www.paudalho.pe.gov.br\/portal\/paudalho-divulga-programacao-de-aniversario-da-cidade-com-shows-de-pablo-priscila-senna-conde-so-brega-andre-viana-entre-outros\/","title":{"rendered":"<strong>Paudalho divulga programa\u00e7\u00e3o de anivers\u00e1rio da cidade com shows de Pablo, Priscila Senna, Conde S\u00f3 Brega, Andr\u00e9 Viana, entre outros<\/strong>"},"content":{"rendered":"\n<p>Em 27 de julho de 1811 o munic\u00edpio de Paudalho, localizado na Zona da Mata Norte, era emancipado politicamente. Para comemorar o anivers\u00e1rio de 212 anos da data, a Prefeitura do Paudalho, por meio da Secretaria de Cultura, Turismo, Lazer e Juventude, ir\u00e1 realizar uma programa\u00e7\u00e3o especial nesta quinta-feira (27) e sexta-feira (28). Durante os dois dias, se apresentam no P\u00e1tio de Eventos Beira-Rio, situado no Centro da cidade, nomes como Pablo, Priscila Senna, Conde S\u00f3 Brega e Andr\u00e9 Viana.<\/p>\n\n\n\n<p>A celebra\u00e7\u00e3o dos 212 anos de Paudalho come\u00e7a nesta quarta-feira (26) com o Cortejo Cultural saindo \u00e0s 19h da entrada da cidade at\u00e9 o Centro. J\u00e1 no dia 27, \u00e0s 8h, ocorre o hasteamento da bandeira no Pa\u00e7o Municipal, seguido da Missa de A\u00e7\u00e3o de Gra\u00e7as, \u00e0s 9h, na Par\u00f3quia do Divino Esp\u00edrito Santo. \u00c0s 20h, a popula\u00e7\u00e3o poder\u00e1 aproveitar os shows de Xuxu A Perigosa, logo ap\u00f3s Conde S\u00f3 Brega, encerrando a noite com o Rei da Sofr\u00eancia, Pablo. Na sexta-feira sobem ao palco Amanda Ferraz, seguido de Andr\u00e9 Viana e, A Musa, Priscila Senna conclui a programa\u00e7\u00e3o.<\/p>\n\n\n\n<p><strong>Programa\u00e7\u00e3o completa:<\/strong><\/p>\n\n\n\n<p><strong>Quarta-feira (26)<\/strong><\/p>\n\n\n\n<p>9h &#8211; Cortejo cultural<\/p>\n\n\n\n<p>Local: Entrada da Cidade<\/p>\n\n\n\n<p><strong>Quinta-feira (27)<\/strong><\/p>\n\n\n\n<p>Hasteamento da bandeira<\/p>\n\n\n\n<p>Hor\u00e1rio: 8h<\/p>\n\n\n\n<p>Local: Pa\u00e7o Municipal<\/p>\n\n\n\n<p>Missa de A\u00e7\u00e3o de Gra\u00e7as<\/p>\n\n\n\n<p>Hor\u00e1rio: 9h<\/p>\n\n\n\n<p>Local: Par\u00f3quia do Divino Esp\u00edrito Santo, Centro<\/p>\n\n\n\n<p><strong>Xuxu A Perigosa<\/strong><\/p>\n\n\n\n<p>Conde S\u00f3 Brega<\/p>\n\n\n\n<p>Pablo<\/p>\n\n\n\n<p>Hor\u00e1rio: A partir de 20h<\/p>\n\n\n\n<p>Local: P\u00e1tio de Eventos Beira-Rio, Centro<\/p>\n\n\n\n<p><strong>Sexta-feira (28)<\/strong><\/p>\n\n\n\n<p>Amanda Ferraz<\/p>\n\n\n\n<p>Andre Viana<\/p>\n\n\n\n<p>Priscila Senna<\/p>\n\n\n\n<p>Hor\u00e1rio: A partir de 20h<\/p>\n\n\n\n<p>Local: P\u00e1tio de Eventos Beira-Rio, Centro<\/p>\n","protected":false},"excerpt":{"rendered":"<p>Em 27 de julho de 1811 o munic\u00edpio de Paudalho, localizado na Zona da Mata Norte, era emancipado politicamente. Para comemorar o anivers\u00e1rio de 212 anos da data, a Prefeitura do Paudalho, por meio da Secretaria de Cultura, Turismo, Lazer e Juventude, ir\u00e1 realizar uma programa\u00e7\u00e3o especial nesta quinta-feira (27) e sexta-feira (28). Durante os [&hellip;]<\/p>\n","protected":false},"author":11,"featured_media":26164,"comment_status":"open","ping_status":"open","sticky":false,"template":"","format":"standard","meta":{"_jetpack_newsletter_access":"","_jetpack_dont_email_post_to_subs":false,"_jetpack_newsletter_tier_id":0,"_jetpack_memberships_contains_paywalled_content":false,"_jetpack_memberships_contains_paid_content":false,"footnotes":""},"categories":[1184,2,1],"tags":[1226,353],"class_list":["post-26162","post","type-post","status-publish","format-standard","has-post-thumbnail","hentry","category-cultura-2","category-destaque","category-noticias","tag-212-anos-de-paudalho","tag-aniversario"],"jetpack_featured_media_url":"https:\/\/www.paudalho.pe.gov.br\/portal\/wp-content\/uploads\/2023\/07\/ANIVERSARIO-PAUDALHO-03-1.png","jetpack_sharing_enabled":true,"jetpack_shortlink":"https:\/\/wp.me\/p98mS2-6NY","_links":{"self":[{"href":"https:\/\/www.paudalho.pe.gov.br\/portal\/wp-json\/wp\/v2\/posts\/26162","targetHints":{"allow":["GET"]}}],"collection":[{"href":"https:\/\/www.paudalho.pe.gov.br\/portal\/wp-json\/wp\/v2\/posts"}],"about":[{"href":"https:\/\/www.paudalho.pe.gov.br\/portal\/wp-json\/wp\/v2\/types\/post"}],"author":[{"embeddable":true,"href":"https:\/\/www.paudalho.pe.gov.br\/portal\/wp-json\/wp\/v2\/users\/11"}],"replies":[{"embeddable":true,"href":"https:\/\/www.paudalho.pe.gov.br\/portal\/wp-json\/wp\/v2\/comments?post=26162"}],"version-history":[{"count":1,"href":"https:\/\/www.paudalho.pe.gov.br\/portal\/wp-json\/wp\/v2\/posts\/26162\/revisions"}],"predecessor-version":[{"id":26165,"href":"https:\/\/www.paudalho.pe.gov.br\/portal\/wp-json\/wp\/v2\/posts\/26162\/revisions\/26165"}],"wp:featuredmedia":[{"embeddable":true,"href":"https:\/\/www.paudalho.pe.gov.br\/portal\/wp-json\/wp\/v2\/media\/26164"}],"wp:attachment":[{"href":"https:\/\/www.paudalho.pe.gov.br\/portal\/wp-json\/wp\/v2\/media?parent=26162"}],"wp:term":[{"taxonomy":"category","embeddable":true,"href":"https:\/\/www.paudalho.pe.gov.br\/portal\/wp-json\/wp\/v2\/categories?post=26162"},{"taxonomy":"post_tag","embeddable":true,"href":"https:\/\/www.paudalho.pe.gov.br\/portal\/wp-json\/wp\/v2\/tags?post=26162"}],"curies":[{"name":"wp","href":"https:\/\/api.w.org\/{rel}","templated":true}]}}