{"id":26151,"date":"2023-07-21T11:55:36","date_gmt":"2023-07-21T14:55:36","guid":{"rendered":"https:\/\/www.paudalho.pe.gov.br\/portal\/?p=26151"},"modified":"2025-01-08T00:38:50","modified_gmt":"2025-01-08T03:38:50","slug":"prefeitura-do-paudalho-inaugura-quadra-poliesportiva-do-colegio-municipal-de-guadalajara-nesta-sexta-feira-21","status":"publish","type":"post","link":"https:\/\/www.paudalho.pe.gov.br\/portal\/prefeitura-do-paudalho-inaugura-quadra-poliesportiva-do-colegio-municipal-de-guadalajara-nesta-sexta-feira-21\/","title":{"rendered":"Prefeitura do Paudalho inaugura Quadra Poliesportiva do Col\u00e9gio Municipal de Guadalajara nesta sexta-feira (21)"},"content":{"rendered":"\n<p>A Prefeitura do Paudalho realiza nesta sexta-feira (21) a inaugura\u00e7\u00e3o da Quadra Poliesportiva do Col\u00e9gio Municipal de Guadalajara. Sabendo que a educa\u00e7\u00e3o ultrapassa as paredes das salas de aula, e o ensino completo educa os estudantes a exercitarem n\u00e3o apenas a mente, mas tamb\u00e9m o corpo, a estrutura vai permitir que os alunos e a comunidade tenham um local espec\u00edfico para realizarem atividades desportivas, exerc\u00edcios e para pr\u00e1ticas escolares. A inaugura\u00e7\u00e3o ocorre \u00e0s 16h, em Guadalajara, pr\u00f3ximo a Creche e Pr\u00e9-escola Municipal Leonel Francisco Soares.<\/p>\n\n\n\n<p>\u201c<em>Estamos muito felizes em entregar mais este equipamento p\u00fablico para a nossa popula\u00e7\u00e3o. Esta nova quadra vai atender tanto os alunos quanto a comunidade. A gente sabe que o lazer \u00e9 um direito e em Paudalho n\u00f3s j\u00e1 entregamos outros espa\u00e7os como esse, por que uma educa\u00e7\u00e3o de qualidade \u00e9 estruturada desde o ensino at\u00e9 o bem estar social dos alunos<\/em>\u201d, comentou o prefeito Marcelo Gouveia.<\/p>\n","protected":false},"excerpt":{"rendered":"<p>A Prefeitura do Paudalho realiza nesta sexta-feira (21) a inaugura\u00e7\u00e3o da Quadra Poliesportiva do Col\u00e9gio Municipal de Guadalajara. Sabendo que a educa\u00e7\u00e3o ultrapassa as paredes das salas de aula, e o ensino completo educa os estudantes a exercitarem n\u00e3o apenas a mente, mas tamb\u00e9m o corpo, a estrutura vai permitir que os alunos e a [&hellip;]<\/p>\n","protected":false},"author":11,"featured_media":26161,"comment_status":"open","ping_status":"open","sticky":false,"template":"","format":"standard","meta":{"_jetpack_newsletter_access":"","_jetpack_dont_email_post_to_subs":false,"_jetpack_newsletter_tier_id":0,"_jetpack_memberships_contains_paywalled_content":false,"_jetpack_memberships_contains_paid_content":false,"footnotes":""},"categories":[2,520,4,1,35],"tags":[132,1225,792,106,157],"class_list":["post-26151","post","type-post","status-publish","format-standard","has-post-thumbnail","hentry","category-destaque","category-educacao-2","category-educacao","category-noticias","category-obras","tag-guadalajara","tag-quadra-poliesportiva-do-colegio-municipal-de-guadalajara","tag-secretaria-de-desenvolvimento-urbano-e-meio-ambiente","tag-secretaria-de-educacao","tag-secretaria-de-obras"],"jetpack_featured_media_url":"https:\/\/www.paudalho.pe.gov.br\/portal\/wp-content\/uploads\/2023\/07\/photo1682442863.jpeg","jetpack_sharing_enabled":true,"jetpack_shortlink":"https:\/\/wp.me\/p98mS2-6NN","_links":{"self":[{"href":"https:\/\/www.paudalho.pe.gov.br\/portal\/wp-json\/wp\/v2\/posts\/26151","targetHints":{"allow":["GET"]}}],"collection":[{"href":"https:\/\/www.paudalho.pe.gov.br\/portal\/wp-json\/wp\/v2\/posts"}],"about":[{"href":"https:\/\/www.paudalho.pe.gov.br\/portal\/wp-json\/wp\/v2\/types\/post"}],"author":[{"embeddable":true,"href":"https:\/\/www.paudalho.pe.gov.br\/portal\/wp-json\/wp\/v2\/users\/11"}],"replies":[{"embeddable":true,"href":"https:\/\/www.paudalho.pe.gov.br\/portal\/wp-json\/wp\/v2\/comments?post=26151"}],"version-history":[{"count":1,"href":"https:\/\/www.paudalho.pe.gov.br\/portal\/wp-json\/wp\/v2\/posts\/26151\/revisions"}],"predecessor-version":[{"id":26159,"href":"https:\/\/www.paudalho.pe.gov.br\/portal\/wp-json\/wp\/v2\/posts\/26151\/revisions\/26159"}],"wp:featuredmedia":[{"embeddable":true,"href":"https:\/\/www.paudalho.pe.gov.br\/portal\/wp-json\/wp\/v2\/media\/26161"}],"wp:attachment":[{"href":"https:\/\/www.paudalho.pe.gov.br\/portal\/wp-json\/wp\/v2\/media?parent=26151"}],"wp:term":[{"taxonomy":"category","embeddable":true,"href":"https:\/\/www.paudalho.pe.gov.br\/portal\/wp-json\/wp\/v2\/categories?post=26151"},{"taxonomy":"post_tag","embeddable":true,"href":"https:\/\/www.paudalho.pe.gov.br\/portal\/wp-json\/wp\/v2\/tags?post=26151"}],"curies":[{"name":"wp","href":"https:\/\/api.w.org\/{rel}","templated":true}]}}