{"id":26062,"date":"2023-07-14T10:51:50","date_gmt":"2023-07-14T13:51:50","guid":{"rendered":"https:\/\/www.paudalho.pe.gov.br\/portal\/?p=26062"},"modified":"2025-01-08T00:38:51","modified_gmt":"2025-01-08T03:38:51","slug":"divulgado-resultado-da-selecao-para-o-programa-crianca-alfabetizada","status":"publish","type":"post","link":"https:\/\/www.paudalho.pe.gov.br\/portal\/divulgado-resultado-da-selecao-para-o-programa-crianca-alfabetizada\/","title":{"rendered":"Divulgado resultado da sele\u00e7\u00e3o para o Programa Crian\u00e7a Alfabetizada"},"content":{"rendered":"\n<p>A Prefeitura de Paudalho por meio da Secretaria de Educa\u00e7\u00e3o e Esportes divulgou nesta sexta-feira (14) o resultado da sele\u00e7\u00e3o de profissional para atuar como Formador Municipal na \u00e1rea de Letramento Matem\u00e1tico e Argumenta\u00e7\u00e3o Matem\u00e1tica para 1\u00ba e 2\u00ba Anos do Ensino Fundamental do Programa Crian\u00e7a Alfabetizada para 1\u00ba e 2\u00ba Anos do Ensino Fundamental. O formador ter\u00e1 como intuito desenvolver a\u00e7\u00f5es referentes ao programa, no \u00e2mbito da Rede Municipal de Ensino.<\/p>\n\n\n\n<p>O processo seletivo foi dividido em duas etapas. A primeira, com a avalia\u00e7\u00e3o do Curriculum Vitae e da experi\u00eancia profissional do candidato, e a segunda uma entrevista com os candidatos aprovados na primeira etapa.&nbsp;<\/p>\n\n\n\n<p>Resultado Preliminar da Segunda Etapa:<\/p>\n\n\n\n<div data-wp-interactive=\"core\/file\" class=\"wp-block-file\"><object data-wp-bind--hidden=\"!state.hasPdfPreview\" hidden class=\"wp-block-file__embed\" data=\"https:\/\/www.paudalho.pe.gov.br\/portal\/wp-content\/uploads\/2023\/07\/RESULTADO-PRELIMINAR-EDITAL-NAo-02-2023-2Aa-Etapa.pdf\" type=\"application\/pdf\" style=\"width:100%;height:600px\" aria-label=\"Incorporado de RESULTADO-PRELIMINAR-EDITAL-NAo-02-2023-2Aa-Etapa.\"><\/object><a id=\"wp-block-file--media-8704704a-1e49-4ae7-8fa3-670bd1a55b30\" href=\"https:\/\/www.paudalho.pe.gov.br\/portal\/wp-content\/uploads\/2023\/07\/RESULTADO-PRELIMINAR-EDITAL-NAo-02-2023-2Aa-Etapa.pdf\">RESULTADO-PRELIMINAR-EDITAL-NAo-02-2023-2Aa-Etapa<\/a><a href=\"https:\/\/www.paudalho.pe.gov.br\/portal\/wp-content\/uploads\/2023\/07\/RESULTADO-PRELIMINAR-EDITAL-NAo-02-2023-2Aa-Etapa.pdf\" class=\"wp-block-file__button wp-element-button\" download aria-describedby=\"wp-block-file--media-8704704a-1e49-4ae7-8fa3-670bd1a55b30\">Baixar<\/a><\/div>\n\n\n\n<p><strong>Resultado Final:<\/strong><\/p>\n\n\n\n<div data-wp-interactive=\"core\/file\" class=\"wp-block-file\"><object data-wp-bind--hidden=\"!state.hasPdfPreview\" hidden class=\"wp-block-file__embed\" data=\"https:\/\/www.paudalho.pe.gov.br\/portal\/wp-content\/uploads\/2023\/07\/RESULTADO-FINAL.-EDITAL-NAo-02-2023.pdf\" type=\"application\/pdf\" style=\"width:100%;height:600px\" aria-label=\"Incorporado de RESULTADO-FINAL.-EDITAL-NAo-02-2023.\"><\/object><a id=\"wp-block-file--media-2bdc13ae-7b1b-484a-a930-39b16d8246e6\" href=\"https:\/\/www.paudalho.pe.gov.br\/portal\/wp-content\/uploads\/2023\/07\/RESULTADO-FINAL.-EDITAL-NAo-02-2023.pdf\">RESULTADO-FINAL.-EDITAL-NAo-02-2023<\/a><a href=\"https:\/\/www.paudalho.pe.gov.br\/portal\/wp-content\/uploads\/2023\/07\/RESULTADO-FINAL.-EDITAL-NAo-02-2023.pdf\" class=\"wp-block-file__button wp-element-button\" download aria-describedby=\"wp-block-file--media-2bdc13ae-7b1b-484a-a930-39b16d8246e6\">Baixar<\/a><\/div>\n","protected":false},"excerpt":{"rendered":"<p>A Prefeitura de Paudalho por meio da Secretaria de Educa\u00e7\u00e3o e Esportes divulgou nesta sexta-feira (14) o resultado da sele\u00e7\u00e3o de profissional para atuar como Formador Municipal na \u00e1rea de Letramento Matem\u00e1tico e Argumenta\u00e7\u00e3o Matem\u00e1tica para 1\u00ba e 2\u00ba Anos do Ensino Fundamental do Programa Crian\u00e7a Alfabetizada para 1\u00ba e 2\u00ba Anos do Ensino Fundamental. [&hellip;]<\/p>\n","protected":false},"author":11,"featured_media":26003,"comment_status":"open","ping_status":"open","sticky":false,"template":"","format":"standard","meta":{"_jetpack_newsletter_access":"","_jetpack_dont_email_post_to_subs":false,"_jetpack_newsletter_tier_id":0,"_jetpack_memberships_contains_paywalled_content":false,"_jetpack_memberships_contains_paid_content":false,"footnotes":""},"categories":[2,520,4,1],"tags":[30,506,106,1201],"class_list":["post-26062","post","type-post","status-publish","format-standard","has-post-thumbnail","hentry","category-destaque","category-educacao-2","category-educacao","category-noticias","tag-educacao","tag-programa-crianca-alfabetizada","tag-secretaria-de-educacao","tag-secretaria-de-educacao-e-esportes"],"jetpack_featured_media_url":"https:\/\/www.paudalho.pe.gov.br\/portal\/wp-content\/uploads\/2023\/07\/EDITAL-EDUCACAO-PAUDALHO.jpg","jetpack_sharing_enabled":true,"jetpack_shortlink":"https:\/\/wp.me\/p98mS2-6Mm","_links":{"self":[{"href":"https:\/\/www.paudalho.pe.gov.br\/portal\/wp-json\/wp\/v2\/posts\/26062","targetHints":{"allow":["GET"]}}],"collection":[{"href":"https:\/\/www.paudalho.pe.gov.br\/portal\/wp-json\/wp\/v2\/posts"}],"about":[{"href":"https:\/\/www.paudalho.pe.gov.br\/portal\/wp-json\/wp\/v2\/types\/post"}],"author":[{"embeddable":true,"href":"https:\/\/www.paudalho.pe.gov.br\/portal\/wp-json\/wp\/v2\/users\/11"}],"replies":[{"embeddable":true,"href":"https:\/\/www.paudalho.pe.gov.br\/portal\/wp-json\/wp\/v2\/comments?post=26062"}],"version-history":[{"count":2,"href":"https:\/\/www.paudalho.pe.gov.br\/portal\/wp-json\/wp\/v2\/posts\/26062\/revisions"}],"predecessor-version":[{"id":26066,"href":"https:\/\/www.paudalho.pe.gov.br\/portal\/wp-json\/wp\/v2\/posts\/26062\/revisions\/26066"}],"wp:featuredmedia":[{"embeddable":true,"href":"https:\/\/www.paudalho.pe.gov.br\/portal\/wp-json\/wp\/v2\/media\/26003"}],"wp:attachment":[{"href":"https:\/\/www.paudalho.pe.gov.br\/portal\/wp-json\/wp\/v2\/media?parent=26062"}],"wp:term":[{"taxonomy":"category","embeddable":true,"href":"https:\/\/www.paudalho.pe.gov.br\/portal\/wp-json\/wp\/v2\/categories?post=26062"},{"taxonomy":"post_tag","embeddable":true,"href":"https:\/\/www.paudalho.pe.gov.br\/portal\/wp-json\/wp\/v2\/tags?post=26062"}],"curies":[{"name":"wp","href":"https:\/\/api.w.org\/{rel}","templated":true}]}}