{"id":26020,"date":"2023-07-11T10:00:00","date_gmt":"2023-07-11T13:00:00","guid":{"rendered":"https:\/\/www.paudalho.pe.gov.br\/portal\/?p=26020"},"modified":"2025-01-08T00:38:51","modified_gmt":"2025-01-08T03:38:51","slug":"divulgado-resultado-preliminar-de-formador-municipal-do-programa-crianca-alfabetizada-de-matematica","status":"publish","type":"post","link":"https:\/\/www.paudalho.pe.gov.br\/portal\/divulgado-resultado-preliminar-de-formador-municipal-do-programa-crianca-alfabetizada-de-matematica\/","title":{"rendered":"Divulgado resultado preliminar de Formador Municipal do Programa Crian\u00e7a Alfabetizada de matem\u00e1tica"},"content":{"rendered":"\n<p>A Prefeitura de Paudalho por meio da Secretaria de Educa\u00e7\u00e3o e Esportes divulgou nesta ter\u00e7a-feira (11) o resultado preliminar de Formador Municipal da primeira etapa do Programa Crian\u00e7a Alfabetizada para a disciplina de matem\u00e1tica para 1\u00ba e 2\u00ba Anos do Ensino Fundamental. O formador tem como intuito desenvolver a\u00e7\u00f5es referentes ao programa, no \u00e2mbito da Rede Municipal de Ensino. <\/p>\n\n\n\n<p>Os aprovados na primeira etapa realizar\u00e3o uma entrevista onde ser\u00e3o avaliados por suas habilidades de expor de maneira clara e objetiva os assuntos tratados, capacidade de argumenta\u00e7\u00e3o, habilidade de Lideran\u00e7a, conhecimento da rede de ensino, conhecimento da BNCC e do Curr\u00edculo de Pernambuco relativo ao Ciclo de Alfabetiza\u00e7\u00e3o dos Anos Iniciais.<\/p>\n\n\n\n<p>O Programa Crian\u00e7a Alfabetizada \u00e9 uma iniciativa do Governo do Estado de Pernambuco, em parceria com as redes municipais de educa\u00e7\u00e3o, que tem o objetivo de garantir a alfabetiza\u00e7\u00e3o de todos os estudantes da rede p\u00fablica com at\u00e9 sete anos de idade. O programa envolve forma\u00e7\u00e3o para professores e coordenadores, distribui\u00e7\u00e3o de material did\u00e1tico complementar, premia\u00e7\u00f5es e aumento na destina\u00e7\u00e3o de recursos para todos os munic\u00edpios pernambucanos<\/p>\n\n\n\n<p>Confira o resultado preliminar de Formador Municipal do Programa Crian\u00e7a Alfabetizada:<\/p>\n\n\n\n<div data-wp-interactive=\"core\/file\" class=\"wp-block-file\"><object data-wp-bind--hidden=\"!state.hasPdfPreview\" hidden class=\"wp-block-file__embed\" data=\"https:\/\/www.paudalho.pe.gov.br\/portal\/wp-content\/uploads\/2023\/07\/RESULTADO-PRELIMINAR-EDITAL-NAo-02-2023.pdf\" type=\"application\/pdf\" style=\"width:100%;height:600px\" aria-label=\"Incorporado de RESULTADO-PRELIMINAR-EDITAL-NAo-02-2023.\"><\/object><a id=\"wp-block-file--media-75eabbd2-a717-43d6-9084-12f2e51e8867\" href=\"https:\/\/www.paudalho.pe.gov.br\/portal\/wp-content\/uploads\/2023\/07\/RESULTADO-PRELIMINAR-EDITAL-NAo-02-2023.pdf\">RESULTADO-PRELIMINAR-EDITAL-NAo-02-2023<\/a><a href=\"https:\/\/www.paudalho.pe.gov.br\/portal\/wp-content\/uploads\/2023\/07\/RESULTADO-PRELIMINAR-EDITAL-NAo-02-2023.pdf\" class=\"wp-block-file__button wp-element-button\" download aria-describedby=\"wp-block-file--media-75eabbd2-a717-43d6-9084-12f2e51e8867\">Baixar<\/a><\/div>\n","protected":false},"excerpt":{"rendered":"<p>A Prefeitura de Paudalho por meio da Secretaria de Educa\u00e7\u00e3o e Esportes divulgou nesta ter\u00e7a-feira (11) o resultado preliminar de Formador Municipal da primeira etapa do Programa Crian\u00e7a Alfabetizada para a disciplina de matem\u00e1tica para 1\u00ba e 2\u00ba Anos do Ensino Fundamental. O formador tem como intuito desenvolver a\u00e7\u00f5es referentes ao programa, no \u00e2mbito da [&hellip;]<\/p>\n","protected":false},"author":11,"featured_media":26025,"comment_status":"open","ping_status":"open","sticky":false,"template":"","format":"standard","meta":{"_jetpack_newsletter_access":"","_jetpack_dont_email_post_to_subs":false,"_jetpack_newsletter_tier_id":0,"_jetpack_memberships_contains_paywalled_content":false,"_jetpack_memberships_contains_paid_content":false,"footnotes":""},"categories":[2,520,1],"tags":[30,1221,506,106],"class_list":["post-26020","post","type-post","status-publish","format-standard","has-post-thumbnail","hentry","category-destaque","category-educacao-2","category-noticias","tag-educacao","tag-formador-municipal","tag-programa-crianca-alfabetizada","tag-secretaria-de-educacao"],"jetpack_featured_media_url":"https:\/\/www.paudalho.pe.gov.br\/portal\/wp-content\/uploads\/2023\/07\/H5A3030-scaled.jpg","jetpack_sharing_enabled":true,"jetpack_shortlink":"https:\/\/wp.me\/p98mS2-6LG","_links":{"self":[{"href":"https:\/\/www.paudalho.pe.gov.br\/portal\/wp-json\/wp\/v2\/posts\/26020","targetHints":{"allow":["GET"]}}],"collection":[{"href":"https:\/\/www.paudalho.pe.gov.br\/portal\/wp-json\/wp\/v2\/posts"}],"about":[{"href":"https:\/\/www.paudalho.pe.gov.br\/portal\/wp-json\/wp\/v2\/types\/post"}],"author":[{"embeddable":true,"href":"https:\/\/www.paudalho.pe.gov.br\/portal\/wp-json\/wp\/v2\/users\/11"}],"replies":[{"embeddable":true,"href":"https:\/\/www.paudalho.pe.gov.br\/portal\/wp-json\/wp\/v2\/comments?post=26020"}],"version-history":[{"count":4,"href":"https:\/\/www.paudalho.pe.gov.br\/portal\/wp-json\/wp\/v2\/posts\/26020\/revisions"}],"predecessor-version":[{"id":26056,"href":"https:\/\/www.paudalho.pe.gov.br\/portal\/wp-json\/wp\/v2\/posts\/26020\/revisions\/26056"}],"wp:featuredmedia":[{"embeddable":true,"href":"https:\/\/www.paudalho.pe.gov.br\/portal\/wp-json\/wp\/v2\/media\/26025"}],"wp:attachment":[{"href":"https:\/\/www.paudalho.pe.gov.br\/portal\/wp-json\/wp\/v2\/media?parent=26020"}],"wp:term":[{"taxonomy":"category","embeddable":true,"href":"https:\/\/www.paudalho.pe.gov.br\/portal\/wp-json\/wp\/v2\/categories?post=26020"},{"taxonomy":"post_tag","embeddable":true,"href":"https:\/\/www.paudalho.pe.gov.br\/portal\/wp-json\/wp\/v2\/tags?post=26020"}],"curies":[{"name":"wp","href":"https:\/\/api.w.org\/{rel}","templated":true}]}}