{"id":26001,"date":"2023-07-06T12:56:36","date_gmt":"2023-07-06T15:56:36","guid":{"rendered":"https:\/\/www.paudalho.pe.gov.br\/portal\/?p=26001"},"modified":"2025-01-08T00:38:51","modified_gmt":"2025-01-08T03:38:51","slug":"inscricoes-abertas-para-selecao-de-formador-municipal-do-programa-crianca-alfabetizada","status":"publish","type":"post","link":"https:\/\/www.paudalho.pe.gov.br\/portal\/inscricoes-abertas-para-selecao-de-formador-municipal-do-programa-crianca-alfabetizada\/","title":{"rendered":"<strong>Inscri\u00e7\u00f5es abertas para sele\u00e7\u00e3o de Formador Municipal do Programa Crian\u00e7a Alfabetizada<\/strong>"},"content":{"rendered":"\n<p>A Prefeitura de Paudalho por meio da Secretaria de Educa\u00e7\u00e3o e Esportes divulgou nesta quinta-feira (6) o Edital para cadastro de profissional para atuar como Formador Municipal do Programa Crian\u00e7a Alfabetizada, na \u00e1rea de Letramento Matem\u00e1tico e Argumenta\u00e7\u00e3o Matem\u00e1tica para 1\u00ba e 2\u00ba Anos do Ensino Fundamental. O formador tem como intuito desenvolver a\u00e7\u00f5es referentes ao programa, no \u00e2mbito da Rede Municipal de Ensino. As inscri\u00e7\u00f5es ocorrem at\u00e9 segunda-feira (10).<\/p>\n\n\n\n<p>Os candidatos devem ser profissionais do magist\u00e9rio, com forma\u00e7\u00e3o superior em Licenciatura em Pedagogia ou \u00e1reas afins, com conhecimento sobre as concep\u00e7\u00f5es de Alfabetiza\u00e7\u00e3o, Letramento, Letramento e Argumenta\u00e7\u00e3o Matem\u00e1tica, presentes na BNCC e no Curr\u00edculo de Pernambuco. Com profici\u00eancia t\u00e9cnica e\/ou cient\u00edfica, obrigatoriamente sendo servidores p\u00fablicos municipais, com lota\u00e7\u00e3o, preferencialmente, na rede municipal com experi\u00eancia em forma\u00e7\u00e3o comprovada e disponibilidade de tempo para atendimento das a\u00e7\u00f5es aplicadas ao programa.<\/p>\n\n\n\n<p>Os interessados dever\u00e3o entregar os envelopes com documenta\u00e7\u00e3o exigida no anexo da Secretaria Municipal de Educa\u00e7\u00e3o e Esportes, localizada na Pra\u00e7a Pedro Coutinho, contendo: Ficha de inscri\u00e7\u00e3o devidamente preenchida (em anexo abaixo); c\u00f3pia do RG, CPF e certificados de n\u00edvel superior e titula\u00e7\u00e3o(\u00f5es) de p\u00f3s gradua\u00e7\u00e3o; e Curriculum Vitae. Na capa do envelope devem constar as seguintes informa\u00e7\u00f5es: nome, CPF, endere\u00e7o, telefones para contato e e-mail.<\/p>\n\n\n\n<p>O processo seletivo ser\u00e1 dividido em duas etapas. A primeira ser\u00e1 a avalia\u00e7\u00e3o do Curriculum Vitae e da experi\u00eancia profissional do candidato, e a segunda uma entrevista com os candidatos aprovados na primeira etapa.&nbsp;<\/p>\n\n\n\n<p><strong>O Programa<\/strong><\/p>\n\n\n\n<p>O Programa Crian\u00e7a Alfabetizada \u00e9 uma iniciativa do Governo do Estado de Pernambuco, em parceria com as redes municipais de educa\u00e7\u00e3o, que tem o objetivo de garantir a alfabetiza\u00e7\u00e3o de todos os estudantes da rede p\u00fablica com at\u00e9 sete anos de idade. O programa envolve forma\u00e7\u00e3o para professores e coordenadores, distribui\u00e7\u00e3o de material did\u00e1tico complementar, premia\u00e7\u00f5es e aumento na destina\u00e7\u00e3o de recursos para todos os munic\u00edpios pernambucanos<\/p>\n\n\n\n<p><strong>Edital com mais informa\u00e7\u00f5es e ficha de inscri\u00e7\u00e3o:<\/strong><\/p>\n\n\n\n<div data-wp-interactive=\"core\/file\" class=\"wp-block-file\"><object data-wp-bind--hidden=\"!state.hasPdfPreview\" hidden class=\"wp-block-file__embed\" data=\"https:\/\/www.paudalho.pe.gov.br\/portal\/wp-content\/uploads\/2023\/07\/EDITAL-SELECAO-PARA-COMPOSICAO-DE-CADASTRO-PARA-FORMADOR-MUNICIPAL-DA-CRIANCA-ALFABETIZADA.pdf\" type=\"application\/pdf\" style=\"width:100%;height:600px\" aria-label=\"Incorporado de EDITAL-SELECAO-PARA-COMPOSICAO-DE-CADASTRO-PARA-FORMADOR-MUNICIPAL-DA-CRIANCA-ALFABETIZADA.\"><\/object><a id=\"wp-block-file--media-cc981af5-5764-4863-ad3d-aa968dbefe5c\" href=\"https:\/\/www.paudalho.pe.gov.br\/portal\/wp-content\/uploads\/2023\/07\/EDITAL-SELECAO-PARA-COMPOSICAO-DE-CADASTRO-PARA-FORMADOR-MUNICIPAL-DA-CRIANCA-ALFABETIZADA.pdf\">EDITAL-SELECAO-PARA-COMPOSICAO-DE-CADASTRO-PARA-FORMADOR-MUNICIPAL-DA-CRIANCA-ALFABETIZADA<\/a><a href=\"https:\/\/www.paudalho.pe.gov.br\/portal\/wp-content\/uploads\/2023\/07\/EDITAL-SELECAO-PARA-COMPOSICAO-DE-CADASTRO-PARA-FORMADOR-MUNICIPAL-DA-CRIANCA-ALFABETIZADA.pdf\" class=\"wp-block-file__button wp-element-button\" download aria-describedby=\"wp-block-file--media-cc981af5-5764-4863-ad3d-aa968dbefe5c\">Baixar<\/a><\/div>\n","protected":false},"excerpt":{"rendered":"<p>A Prefeitura de Paudalho por meio da Secretaria de Educa\u00e7\u00e3o e Esportes divulgou nesta quinta-feira (6) o Edital para cadastro de profissional para atuar como Formador Municipal do Programa Crian\u00e7a Alfabetizada, na \u00e1rea de Letramento Matem\u00e1tico e Argumenta\u00e7\u00e3o Matem\u00e1tica para 1\u00ba e 2\u00ba Anos do Ensino Fundamental. O formador tem como intuito desenvolver a\u00e7\u00f5es referentes [&hellip;]<\/p>\n","protected":false},"author":11,"featured_media":26003,"comment_status":"open","ping_status":"open","sticky":false,"template":"","format":"standard","meta":{"_jetpack_newsletter_access":"","_jetpack_dont_email_post_to_subs":false,"_jetpack_newsletter_tier_id":0,"_jetpack_memberships_contains_paywalled_content":false,"_jetpack_memberships_contains_paid_content":false,"footnotes":""},"categories":[2,4,520,1],"tags":[30,506,1201],"class_list":["post-26001","post","type-post","status-publish","format-standard","has-post-thumbnail","hentry","category-destaque","category-educacao","category-educacao-2","category-noticias","tag-educacao","tag-programa-crianca-alfabetizada","tag-secretaria-de-educacao-e-esportes"],"jetpack_featured_media_url":"https:\/\/www.paudalho.pe.gov.br\/portal\/wp-content\/uploads\/2023\/07\/EDITAL-EDUCACAO-PAUDALHO.jpg","jetpack_sharing_enabled":true,"jetpack_shortlink":"https:\/\/wp.me\/p98mS2-6Ln","_links":{"self":[{"href":"https:\/\/www.paudalho.pe.gov.br\/portal\/wp-json\/wp\/v2\/posts\/26001","targetHints":{"allow":["GET"]}}],"collection":[{"href":"https:\/\/www.paudalho.pe.gov.br\/portal\/wp-json\/wp\/v2\/posts"}],"about":[{"href":"https:\/\/www.paudalho.pe.gov.br\/portal\/wp-json\/wp\/v2\/types\/post"}],"author":[{"embeddable":true,"href":"https:\/\/www.paudalho.pe.gov.br\/portal\/wp-json\/wp\/v2\/users\/11"}],"replies":[{"embeddable":true,"href":"https:\/\/www.paudalho.pe.gov.br\/portal\/wp-json\/wp\/v2\/comments?post=26001"}],"version-history":[{"count":1,"href":"https:\/\/www.paudalho.pe.gov.br\/portal\/wp-json\/wp\/v2\/posts\/26001\/revisions"}],"predecessor-version":[{"id":26004,"href":"https:\/\/www.paudalho.pe.gov.br\/portal\/wp-json\/wp\/v2\/posts\/26001\/revisions\/26004"}],"wp:featuredmedia":[{"embeddable":true,"href":"https:\/\/www.paudalho.pe.gov.br\/portal\/wp-json\/wp\/v2\/media\/26003"}],"wp:attachment":[{"href":"https:\/\/www.paudalho.pe.gov.br\/portal\/wp-json\/wp\/v2\/media?parent=26001"}],"wp:term":[{"taxonomy":"category","embeddable":true,"href":"https:\/\/www.paudalho.pe.gov.br\/portal\/wp-json\/wp\/v2\/categories?post=26001"},{"taxonomy":"post_tag","embeddable":true,"href":"https:\/\/www.paudalho.pe.gov.br\/portal\/wp-json\/wp\/v2\/tags?post=26001"}],"curies":[{"name":"wp","href":"https:\/\/api.w.org\/{rel}","templated":true}]}}