{"id":25997,"date":"2023-07-06T12:12:14","date_gmt":"2023-07-06T15:12:14","guid":{"rendered":"https:\/\/www.paudalho.pe.gov.br\/portal\/?p=25997"},"modified":"2025-01-08T00:38:51","modified_gmt":"2025-01-08T03:38:51","slug":"com-obras-de-35-artesaos-do-municipio-paudalho-esta-presente-na-23a-edicao-da-fenearte","status":"publish","type":"post","link":"https:\/\/www.paudalho.pe.gov.br\/portal\/com-obras-de-35-artesaos-do-municipio-paudalho-esta-presente-na-23a-edicao-da-fenearte\/","title":{"rendered":"Com obras de 35 artes\u00e3os do munic\u00edpio, Paudalho est\u00e1 presente na 23\u00aa edi\u00e7\u00e3o da Fenearte"},"content":{"rendered":"\n<p>Com in\u00edcio na quarta-feira (5), at\u00e9 o dia 16 de julho 35 artes\u00e3os de Paudalho ir\u00e3o representar a cultura do munic\u00edpio na Fenearte, maior feira de artesanato da Am\u00e9rica Latina, com exposi\u00e7\u00e3o de artes em madeira, palha, moda, alimenta\u00e7\u00e3o e muito mais. As obras da cidade estar\u00e3o expostas no estande 341, localizado na rua 13. A Fenearte ocorre no Centro de Conven\u00e7\u00f5es de Pernambuco, em Olinda.<\/p>\n\n\n\n<p><br>A Feira tem expectativa de receber mais de 300 mil visitantes, sendo uma vitrine essencial para os artes\u00e3os, que conseguem expandir sua renda al\u00e9m de construir uma rede de contato com outras pessoas do mercado. \u201c<em>\u00c9 importante que todos os mun\u00edcipes venham, nos visitem, para prestigiar nossos artes\u00e3os<\/em>\u201d, comentou Teresa Valentim, Secret\u00e1ria Executiva de Cultura.<\/p>\n","protected":false},"excerpt":{"rendered":"<p>Com in\u00edcio na quarta-feira (5), at\u00e9 o dia 16 de julho 35 artes\u00e3os de Paudalho ir\u00e3o representar a cultura do munic\u00edpio na Fenearte, maior feira de artesanato da Am\u00e9rica Latina, com exposi\u00e7\u00e3o de artes em madeira, palha, moda, alimenta\u00e7\u00e3o e muito mais. As obras da cidade estar\u00e3o expostas no estande 341, localizado na rua 13. [&hellip;]<\/p>\n","protected":false},"author":11,"featured_media":25998,"comment_status":"open","ping_status":"open","sticky":false,"template":"","format":"standard","meta":{"_jetpack_newsletter_access":"","_jetpack_dont_email_post_to_subs":false,"_jetpack_newsletter_tier_id":0,"_jetpack_memberships_contains_paywalled_content":false,"_jetpack_memberships_contains_paid_content":false,"footnotes":""},"categories":[6,1184,2,1],"tags":[68,1020,196],"class_list":["post-25997","post","type-post","status-publish","format-standard","has-post-thumbnail","hentry","category-cultura","category-cultura-2","category-destaque","category-noticias","tag-cultura","tag-fenearte","tag-secretaria-de-cultura"],"jetpack_featured_media_url":"https:\/\/www.paudalho.pe.gov.br\/portal\/wp-content\/uploads\/2023\/07\/PAUDALHO-ARTESA-scaled.jpg","jetpack_sharing_enabled":true,"jetpack_shortlink":"https:\/\/wp.me\/p98mS2-6Lj","_links":{"self":[{"href":"https:\/\/www.paudalho.pe.gov.br\/portal\/wp-json\/wp\/v2\/posts\/25997","targetHints":{"allow":["GET"]}}],"collection":[{"href":"https:\/\/www.paudalho.pe.gov.br\/portal\/wp-json\/wp\/v2\/posts"}],"about":[{"href":"https:\/\/www.paudalho.pe.gov.br\/portal\/wp-json\/wp\/v2\/types\/post"}],"author":[{"embeddable":true,"href":"https:\/\/www.paudalho.pe.gov.br\/portal\/wp-json\/wp\/v2\/users\/11"}],"replies":[{"embeddable":true,"href":"https:\/\/www.paudalho.pe.gov.br\/portal\/wp-json\/wp\/v2\/comments?post=25997"}],"version-history":[{"count":2,"href":"https:\/\/www.paudalho.pe.gov.br\/portal\/wp-json\/wp\/v2\/posts\/25997\/revisions"}],"predecessor-version":[{"id":26000,"href":"https:\/\/www.paudalho.pe.gov.br\/portal\/wp-json\/wp\/v2\/posts\/25997\/revisions\/26000"}],"wp:featuredmedia":[{"embeddable":true,"href":"https:\/\/www.paudalho.pe.gov.br\/portal\/wp-json\/wp\/v2\/media\/25998"}],"wp:attachment":[{"href":"https:\/\/www.paudalho.pe.gov.br\/portal\/wp-json\/wp\/v2\/media?parent=25997"}],"wp:term":[{"taxonomy":"category","embeddable":true,"href":"https:\/\/www.paudalho.pe.gov.br\/portal\/wp-json\/wp\/v2\/categories?post=25997"},{"taxonomy":"post_tag","embeddable":true,"href":"https:\/\/www.paudalho.pe.gov.br\/portal\/wp-json\/wp\/v2\/tags?post=25997"}],"curies":[{"name":"wp","href":"https:\/\/api.w.org\/{rel}","templated":true}]}}